{"id":72809,"date":"2025-05-02T06:49:30","date_gmt":"2025-05-02T11:49:30","guid":{"rendered":"https:\/\/esreviral.com\/?p=72809"},"modified":"2025-05-02T06:49:31","modified_gmt":"2025-05-02T11:49:31","slug":"se-estreno-en-buenos-aires-el-documental-hasta-que-vuelvan-en-homenaje-a-los-presos-politicos-venezolanos","status":"publish","type":"post","link":"https:\/\/esreviral.com\/?p=72809","title":{"rendered":"Se estren\u00f3 en Buenos Aires el documental \u201cHasta que vuelvan\u201d en homenaje a los presos pol\u00edticos venezolanos"},"content":{"rendered":"\n<p>El <strong>Centro Venezolano Argentino<\/strong> se convirti\u00f3 en el escenario para la <strong>proyecci\u00f3n del documental <\/strong>\u201c<strong><em>Hasta que vuelvan\u201d,<\/em><\/strong> un sentido homenaje a los presos pol\u00edticos venezolanos y a sus familiares, quienes con valent\u00eda perseveran en su lucha por la libertad.<\/p>\n\n\n\n<p><strong>El documental, elaborado por la ONG Voces de la Memoria, denuncia los maltratos y las sistem\u00e1ticas violaciones a los derechos humanos que sufren los presos pol\u00edticos y sus seres queridos<\/strong>. Pero tambi\u00e9n, el audiovisual es un testimonio del amor que resiste y la dignidad que no se rinde en cada uno de los hogares de las familias de esas v\u00edctimas.<\/p>\n\n\n\n<p>Durante el evento, los asistentes tuvieron la oportunidad de experimentar de cerca la realidad del centro de torturas El Helicoide a trav\u00e9s de una inmersiva experiencia de realidad virtual. Tras la conmovedora proyecci\u00f3n, l<strong>a periodista Carolina Amoroso moder\u00f3 un panel que reflexion\u00f3 sobre la importancia de seguir alzando la voz por la libertad en Venezuela.<\/strong><\/p>\n\n\n\n<p class=\"has-text-align-center\"><em><strong><em><strong><em><strong><em><strong><a href=\"https:\/\/t.me\/esreviral\">\u00daNETE A NUESTRO CANAL DE TELEGRAM PARA ESTAR INFORMADO<\/a><\/strong><\/em><\/strong><\/em><\/strong><\/em><\/strong><\/em><\/p>\n\n\n\n<figure class=\"wp-block-image size-large\"><img fetchpriority=\"high\" decoding=\"async\" width=\"1024\" height=\"768\" src=\"https:\/\/esreviral.com\/wp-content\/uploads\/2025\/05\/AnyConv.com__WhatsApp-Image-2025-05-01-at-9.03.45-PM-1024x768.webp\" alt=\"\" class=\"wp-image-72812\" srcset=\"https:\/\/esreviral.com\/wp-content\/uploads\/2025\/05\/AnyConv.com__WhatsApp-Image-2025-05-01-at-9.03.45-PM-1024x768.webp 1024w, https:\/\/esreviral.com\/wp-content\/uploads\/2025\/05\/AnyConv.com__WhatsApp-Image-2025-05-01-at-9.03.45-PM-300x225.webp 300w, https:\/\/esreviral.com\/wp-content\/uploads\/2025\/05\/AnyConv.com__WhatsApp-Image-2025-05-01-at-9.03.45-PM-768x576.webp 768w, https:\/\/esreviral.com\/wp-content\/uploads\/2025\/05\/AnyConv.com__WhatsApp-Image-2025-05-01-at-9.03.45-PM-1536x1152.webp 1536w, https:\/\/esreviral.com\/wp-content\/uploads\/2025\/05\/AnyConv.com__WhatsApp-Image-2025-05-01-at-9.03.45-PM-2048x1536.webp 2048w\" sizes=\"(max-width: 1024px) 100vw, 1024px\" \/><\/figure>\n\n\n\n<p><\/p>\n\n\n\n<p><strong>Los exprisioneros pol\u00edticos V\u00edctor Navarro y Franklin Hern\u00e1ndez, sobrevivientes del centro de torturas El Helicoide,<\/strong> compartieron en primera persona los horrores vividos durante sus meses de injusto encarcelamiento, describiendo las profundas secuelas y el estr\u00e9s postraum\u00e1tico que a\u00fan padecen.<\/p>\n\n\n\n<p>\u00ab<strong><em>Es una lucha constante entre esas ganas de cambiar toda esa arbitrariedad con aquello que tambi\u00e9n da\u00f1aron de ti, que dificulta volver a ser el mismo. Pero hay que seguir luchando, aunque duela profundamente<\/em><\/strong>\u00ab, expres\u00f3 Navarro.<\/p>\n\n\n\n<p>Por su parte, Mariela Estanga, hermana de un exprisionero pol\u00edtico, detall\u00f3 el doloroso calvario que enfrentan los familiares de quienes son arbitrariamente detenidos por el Gobierno de Maduro. \u00ab<strong><em>La familia sufre de depresi\u00f3n, de ansiedad, la familia agoniza en la incertidumbre. Por eso es imprescindible alzar la voz por cada uno de ellos, no dejar de mencionarlos. Debemos seguir pidiendo insistentemente por la libertad de todos ellos y anhelar el d\u00eda en que puedan regresar a casa<\/em><\/strong>\u00ab, manifest\u00f3.<\/p>\n\n\n\n<p>La activista Elisa Trotta, secretaria general del Foro Argentino para la Defensa de la Democracia (FADD), enfatiz\u00f3 que \u00ab<strong><em>lo peor que le puede ocurrir a un preso pol\u00edtico es caer en el olvido\u00bb<\/em><\/strong> y record\u00f3 que, adem\u00e1s de los 900 prisioneros pol\u00edticos venezolanos que hay en la actualidad, tambi\u00e9n hay 150 extranjeros detenidos arbitrariamente.<\/p>\n\n\n\n<figure class=\"wp-block-image size-large is-resized\"><img decoding=\"async\" width=\"1024\" height=\"734\" src=\"https:\/\/esreviral.com\/wp-content\/uploads\/2025\/05\/AnyConv.com__WhatsApp-Image-2025-05-01-at-9.03.45-PM-2-1024x734.webp\" alt=\"\" class=\"wp-image-72811\" style=\"width:1071px;height:auto\" srcset=\"https:\/\/esreviral.com\/wp-content\/uploads\/2025\/05\/AnyConv.com__WhatsApp-Image-2025-05-01-at-9.03.45-PM-2-1024x734.webp 1024w, https:\/\/esreviral.com\/wp-content\/uploads\/2025\/05\/AnyConv.com__WhatsApp-Image-2025-05-01-at-9.03.45-PM-2-300x215.webp 300w, https:\/\/esreviral.com\/wp-content\/uploads\/2025\/05\/AnyConv.com__WhatsApp-Image-2025-05-01-at-9.03.45-PM-2-768x550.webp 768w, https:\/\/esreviral.com\/wp-content\/uploads\/2025\/05\/AnyConv.com__WhatsApp-Image-2025-05-01-at-9.03.45-PM-2-1536x1101.webp 1536w, https:\/\/esreviral.com\/wp-content\/uploads\/2025\/05\/AnyConv.com__WhatsApp-Image-2025-05-01-at-9.03.45-PM-2-2048x1467.webp 2048w\" sizes=\"(max-width: 1024px) 100vw, 1024px\" \/><\/figure>\n\n\n\n<p><\/p>\n\n\n\n<p><strong><em>\u00abSon rehenes del r\u00e9gimen. Un caso emblem\u00e1tico es el del gendarme argentino Nahuel Gallo, quien simplemente viaj\u00f3 a Venezuela para visitar a su pareja y a su hijo de dos a\u00f1os, y hoy lleva m\u00e1s de 140 d\u00edas bajo desaparici\u00f3n forzada. Nadie conoce su paradero ni su estado<\/em><\/strong>\u00ab, denunci\u00f3 con preocupaci\u00f3n Trotta.<\/p>\n\n\n\n<p>La activista tambi\u00e9n record\u00f3 la dif\u00edcil situaci\u00f3n de los cinco opositores que llevan m\u00e1s de un a\u00f1o asilados en la embajada de Argentina en Caracas, a la espera de un salvoconducto. \u00ab<strong><em>Ellos tambi\u00e9n son presos pol\u00edticos, sometidos a un asedio criminal y condiciones inhumanas, sin agua, sin electricidad y restringiendo sus alimentos y medicinas, en una violaci\u00f3n flagrantemente de las convenciones internacionales\u00bb<\/em><\/strong>, afirm\u00f3.<\/p>\n\n\n\n<p>El abogado Tom\u00e1s Farini Duggan, representante legal del FADD, subray\u00f3 la importancia de insistir en la b\u00fasqueda de justicia para las v\u00edctimas y de asegurar que los responsables de estos cr\u00edmenes rindan cuentas ante la ley. En este contexto, resalt\u00f3 las trascendentales \u00f3rdenes de captura emitidas por la Justicia argentina contra Nicol\u00e1s Maduro y otros altos funcionarios del r\u00e9gimen por cr\u00edmenes de lesa humanidad.<\/p>\n\n\n\n<p>Finalmente, Liset Luque, presidenta de Alianza por Venezuela, reafirm\u00f3 el inquebrantable compromiso de la organizaci\u00f3n con la defensa de los derechos humanos y la promoci\u00f3n de la democracia. \u00ab<strong><em>Sin importar en qu\u00e9 rinc\u00f3n del mundo nos encontremos, los venezolanos seguiremos alzando nuestra voz en todos los espacios necesarios hasta que podamos ver la libertad florecer nuevamente en nuestra amada Venezuela<\/em><\/strong>\u00ab, concluy\u00f3.<\/p>\n\n\n\n<p class=\"has-text-align-center\"><strong><a href=\"https:\/\/chat.whatsapp.com\/KWkTmakY3I05kNdd2oZl6d\"><em>\u00daNETE A NUESTRO GRUPO DE WHATSAPP PARA ESTAR INFORMADO<\/em><\/a><\/strong><\/p>\n\n\n\n<figure class=\"wp-block-image size-large\"><img decoding=\"async\" width=\"1024\" height=\"768\" src=\"https:\/\/esreviral.com\/wp-content\/uploads\/2025\/05\/AnyConv.com__WhatsApp-Image-2025-05-01-at-9.03.46-PM-1024x768.webp\" alt=\"\" class=\"wp-image-72814\" srcset=\"https:\/\/esreviral.com\/wp-content\/uploads\/2025\/05\/AnyConv.com__WhatsApp-Image-2025-05-01-at-9.03.46-PM-1024x768.webp 1024w, https:\/\/esreviral.com\/wp-content\/uploads\/2025\/05\/AnyConv.com__WhatsApp-Image-2025-05-01-at-9.03.46-PM-300x225.webp 300w, https:\/\/esreviral.com\/wp-content\/uploads\/2025\/05\/AnyConv.com__WhatsApp-Image-2025-05-01-at-9.03.46-PM-768x576.webp 768w, https:\/\/esreviral.com\/wp-content\/uploads\/2025\/05\/AnyConv.com__WhatsApp-Image-2025-05-01-at-9.03.46-PM-1536x1152.webp 1536w, https:\/\/esreviral.com\/wp-content\/uploads\/2025\/05\/AnyConv.com__WhatsApp-Image-2025-05-01-at-9.03.46-PM-2048x1536.webp 2048w\" sizes=\"(max-width: 1024px) 100vw, 1024px\" \/><\/figure>\n","protected":false},"excerpt":{"rendered":"<p>La proyecci\u00f3n, organizada por el Centro Venezolano Argentino, denunci\u00f3 las torturas en El Helicoide y cont\u00f3 con testimonios de ex detenidos y activistas por los derechos humanos<\/p>\n","protected":false},"author":3,"featured_media":72814,"comment_status":"closed","ping_status":"closed","sticky":false,"template":"","format":"standard","meta":{"jnews-multi-image_gallery":[],"jnews_single_post":{"format":"standard"},"jnews_primary_category":[],"jnews_social_meta":[],"jnews_review":[],"enable_review":"","type":"","name":"","summary":"","brand":"","sku":"","good":[],"bad":[],"score_override":"","override_value":"","rating":[],"price":[],"jnews_override_counter":[],"jnews_post_split":[],"footnotes":""},"categories":[5892],"tags":[44,29304,3090,29309,29305,29307,45,29308,29306,67,56],"class_list":["post-72809","post","type-post","status-publish","format-standard","has-post-thumbnail","hentry","category-venezolanos-en-argentina","tag-argentina","tag-centro-venezolano-argentino","tag-crisis-en-venezuela","tag-hasta-que-vuelvan-2","tag-hasta-que-vuelvan","tag-libertad-en-venezuela","tag-noticias","tag-presos-politicos-venezolanos","tag-proyeccion-del-documental","tag-venezolanos-en-argentina","tag-venezuela"],"amp_enabled":true,"_links":{"self":[{"href":"https:\/\/esreviral.com\/index.php?rest_route=\/wp\/v2\/posts\/72809"}],"collection":[{"href":"https:\/\/esreviral.com\/index.php?rest_route=\/wp\/v2\/posts"}],"about":[{"href":"https:\/\/esreviral.com\/index.php?rest_route=\/wp\/v2\/types\/post"}],"author":[{"embeddable":true,"href":"https:\/\/esreviral.com\/index.php?rest_route=\/wp\/v2\/users\/3"}],"replies":[{"embeddable":true,"href":"https:\/\/esreviral.com\/index.php?rest_route=%2Fwp%2Fv2%2Fcomments&post=72809"}],"version-history":[{"count":1,"href":"https:\/\/esreviral.com\/index.php?rest_route=\/wp\/v2\/posts\/72809\/revisions"}],"predecessor-version":[{"id":72815,"href":"https:\/\/esreviral.com\/index.php?rest_route=\/wp\/v2\/posts\/72809\/revisions\/72815"}],"wp:featuredmedia":[{"embeddable":true,"href":"https:\/\/esreviral.com\/index.php?rest_route=\/wp\/v2\/media\/72814"}],"wp:attachment":[{"href":"https:\/\/esreviral.com\/index.php?rest_route=%2Fwp%2Fv2%2Fmedia&parent=72809"}],"wp:term":[{"taxonomy":"category","embeddable":true,"href":"https:\/\/esreviral.com\/index.php?rest_route=%2Fwp%2Fv2%2Fcategories&post=72809"},{"taxonomy":"post_tag","embeddable":true,"href":"https:\/\/esreviral.com\/index.php?rest_route=%2Fwp%2Fv2%2Ftags&post=72809"}],"curies":[{"name":"wp","href":"https:\/\/api.w.org\/{rel}","templated":true}]}}