{"id":72763,"date":"2025-04-30T10:35:46","date_gmt":"2025-04-30T15:35:46","guid":{"rendered":"https:\/\/esreviral.com\/?p=72763"},"modified":"2025-04-30T10:35:47","modified_gmt":"2025-04-30T15:35:47","slug":"tiempo-de-elegir-javier-milei-reaparecio-en-campana-con-una-metafora-de-matrix","status":"publish","type":"post","link":"https:\/\/esreviral.com\/?p=72763","title":{"rendered":"\u201cTiempo de elegir\u201d: Javier Milei reapareci\u00f3 en campa\u00f1a con una met\u00e1fora de Matrix"},"content":{"rendered":"\n<p><strong>Javier Milei <\/strong>public\u00f3 un mensaje en <strong>redes sociales<\/strong> apelando a una ic\u00f3nica met\u00e1fora de la <strong>pel\u00edcula <em>Matrix<\/em>,<\/strong> en lo que representa su regreso a la <strong>campa\u00f1a electoral<\/strong> tras haber suspendido actividades por el luto nacional decretado luego de la muerte del papa Francisco.<\/p>\n\n\n\n<p>\u00ab<strong><em>Tiempo de elegir<\/em><\/strong>\u00ab, escribi\u00f3 el Presidente en su publicaci\u00f3n, que acompa\u00f1\u00f3 con una imagen suya sosteniendo las pastillas azul y roja, tal como ocurre en la c\u00e9lebre escena del filme dirigido por las hermanas Lana y Lily Wachowski. En la fotograf\u00eda,<strong> generada con la inteligencia artificial Grok <\/strong>(propiedad de X, la red social anteriormente conocida como Twitter), Milei aparece con un sobretodo de cuero y anteojos oscuros, replicando el estilo del personaje Morfeo.<\/p>\n\n\n\n<p class=\"has-text-align-center\"><em><strong><em><strong><em><strong><em><strong><a href=\"https:\/\/t.me\/esreviral\">\u00daNETE A NUESTRO CANAL DE TELEGRAM PARA ESTAR INFORMADO<\/a><\/strong><\/em><\/strong><\/em><\/strong><\/em><\/strong><\/em><\/p>\n\n\n\n<blockquote class=\"twitter-tweet\"><p lang=\"es\" dir=\"ltr\">TIEMPO DE ELEGIR.<br>FIN. <a href=\"https:\/\/t.co\/5rSINhmnNk\">pic.twitter.com\/5rSINhmnNk<\/a><\/p>&mdash; Javier Milei (@JMilei) <a href=\"https:\/\/twitter.com\/JMilei\/status\/1917572674227761457?ref_src=twsrc%5Etfw\">April 30, 2025<\/a><\/blockquote> <script async src=\"https:\/\/platform.twitter.com\/widgets.js\" charset=\"utf-8\"><\/script>\n\n\n\n<p><\/p>\n\n\n\n<p>La met\u00e1fora hace referencia al momento en que el protagonista, Neo (interpretado por Keanu Reeves), debe decidir entre la pastilla roja, que le permitir\u00e1 despertar y ver la realidad, o la azul, que lo mantendr\u00e1 en la ilusi\u00f3n de Matrix. Con esta imagen, Milei retoma un rol activo en la campa\u00f1a para respaldar a Manuel Adorni, vocero presidencial y candidato a concejal por La Libertad Avanza.<\/p>\n\n\n\n<p>Ambos participar\u00e1n esta tarde de un \u201c<strong><em>encuentro libertario<\/em><\/strong>\u201d en la plaza ubicada frente a la estaci\u00f3n del tren Belgrano Sur, en el barrio porte\u00f1o de Lugano.<\/p>\n\n\n\n<p>El martes por la noche, Adorni, acompa\u00f1ado por Santiago Caputo, particip\u00f3 del debate entre los 17 candidatos a legisladores de la Ciudad de Buenos Aires.<\/p>\n\n\n\n<p>Mientras Milei difund\u00eda su imagen como parte de esta reactivaci\u00f3n pol\u00edtica, en el Congreso de la Naci\u00f3n se iniciaba el debate en la comisi\u00f3n investigadora por el esc\u00e1ndalo de la criptomoneda $LIBRA, promocionada por el Presidente en sus redes sociales. Ese mismo d\u00eda, el jefe de Gabinete, Guillermo Francos, se present\u00f3 en la C\u00e1mara de Diputados, donde defendi\u00f3 tanto a Milei como a su hermana, Karina Milei, secretaria general de la Presidencia.<\/p>\n\n\n\n<p>Durante la sesi\u00f3n estuvieron ausentes los ministros de Justicia y Econom\u00eda, Mariano C\u00faneo Libarona y Luis Caputo, quienes volver\u00e1n a ser citados para declarar ante la comisi\u00f3n.<\/p>\n\n\n\n<p class=\"has-text-align-center\"><strong><a href=\"https:\/\/chat.whatsapp.com\/KWkTmakY3I05kNdd2oZl6d\"><em>\u00daNETE A NUESTRO GRUPO DE WHATSAPP PARA ESTAR INFORMADO<\/em><\/a><\/strong><\/p>\n","protected":false},"excerpt":{"rendered":"<p>El Presidente public\u00f3 un breve mensaje en redes sociales con la est\u00e9tica de la c\u00e9lebre obra de las hermanas Wachowski.<\/p>\n","protected":false},"author":3,"featured_media":72764,"comment_status":"closed","ping_status":"closed","sticky":false,"template":"","format":"standard","meta":{"jnews-multi-image_gallery":[],"jnews_single_post":{"format":"standard"},"jnews_primary_category":[],"jnews_social_meta":[],"jnews_review":[],"enable_review":"","type":"","name":"","summary":"","brand":"","sku":"","good":[],"bad":[],"score_override":"","override_value":"","rating":[],"price":[],"jnews_override_counter":[],"jnews_post_split":[],"footnotes":""},"categories":[58,59],"tags":[44,16687,1158,45,29278,1714],"class_list":["post-72763","post","type-post","status-publish","format-standard","has-post-thumbnail","hentry","category-argentina","category-politica","tag-argentina","tag-campana-electoral","tag-javier-milei","tag-noticias","tag-pelicula-matrix","tag-redes-sociales"],"amp_enabled":true,"_links":{"self":[{"href":"https:\/\/esreviral.com\/index.php?rest_route=\/wp\/v2\/posts\/72763"}],"collection":[{"href":"https:\/\/esreviral.com\/index.php?rest_route=\/wp\/v2\/posts"}],"about":[{"href":"https:\/\/esreviral.com\/index.php?rest_route=\/wp\/v2\/types\/post"}],"author":[{"embeddable":true,"href":"https:\/\/esreviral.com\/index.php?rest_route=\/wp\/v2\/users\/3"}],"replies":[{"embeddable":true,"href":"https:\/\/esreviral.com\/index.php?rest_route=%2Fwp%2Fv2%2Fcomments&post=72763"}],"version-history":[{"count":1,"href":"https:\/\/esreviral.com\/index.php?rest_route=\/wp\/v2\/posts\/72763\/revisions"}],"predecessor-version":[{"id":72765,"href":"https:\/\/esreviral.com\/index.php?rest_route=\/wp\/v2\/posts\/72763\/revisions\/72765"}],"wp:featuredmedia":[{"embeddable":true,"href":"https:\/\/esreviral.com\/index.php?rest_route=\/wp\/v2\/media\/72764"}],"wp:attachment":[{"href":"https:\/\/esreviral.com\/index.php?rest_route=%2Fwp%2Fv2%2Fmedia&parent=72763"}],"wp:term":[{"taxonomy":"category","embeddable":true,"href":"https:\/\/esreviral.com\/index.php?rest_route=%2Fwp%2Fv2%2Fcategories&post=72763"},{"taxonomy":"post_tag","embeddable":true,"href":"https:\/\/esreviral.com\/index.php?rest_route=%2Fwp%2Fv2%2Ftags&post=72763"}],"curies":[{"name":"wp","href":"https:\/\/api.w.org\/{rel}","templated":true}]}}