{"id":72757,"date":"2025-04-30T09:49:17","date_gmt":"2025-04-30T14:49:17","guid":{"rendered":"https:\/\/esreviral.com\/?p=72757"},"modified":"2025-04-30T09:49:18","modified_gmt":"2025-04-30T14:49:18","slug":"valentia-en-pijamas-el-gesto-heroico-de-dos-mujeres-policias-tras-un-ataque-con-granada-video","status":"publish","type":"post","link":"https:\/\/esreviral.com\/?p=72757","title":{"rendered":"Valent\u00eda en pijamas: el gesto heroico de dos mujeres polic\u00edas tras un ataque con granada (+video)"},"content":{"rendered":"\n<p>Un acto de coraje protagonizado por <strong>dos mujeres de la Polic\u00eda Nacional <\/strong>conmovi\u00f3 a toda una comunidad en Remedios, Antioquia, Colombia. En medio de un <strong>atentado perpetrado por dos sujetos que arrojaron una granada de fragmentaci\u00f3n contra varios oficiales frente a la estaci\u00f3n de Polic\u00eda, estas uniformadas no dudaron en actuar.<\/strong><\/p>\n\n\n\n<p>La explosi\u00f3n gener\u00f3 caos, miedo y confusi\u00f3n. A los pocos minutos, y mientras los atacantes eran neutralizados por las autoridades, las dos agentes salieron de la estaci\u00f3n vestidas con <strong>pijamas, sandalias, chalecos antibalas y sus armas reglamentarias<\/strong>. A pesar de su vestimenta improvisada, su presencia fue crucial: ayudaron a acordonar la zona, proteger a la poblaci\u00f3n cercana y asistir a los<strong> tres polic\u00edas heridos durante el ataque.<\/strong><\/p>\n\n\n\n<p><\/p>\n\n\n\n<p class=\"has-text-align-center\"><em><strong><em><strong><em><strong><em><strong><a href=\"https:\/\/t.me\/esreviral\">\u00daNETE A NUESTRO CANAL DE TELEGRAM PARA ESTAR INFORMADO<\/a><\/strong><\/em><\/strong><\/em><\/strong><\/em><\/strong><\/em><\/p>\n\n\n\n<blockquote class=\"twitter-tweet\"><p lang=\"es\" dir=\"ltr\">\ud83c\udde8\ud83c\uddf4 | Dos mujeres polic\u00edas, que se encontraban de descanso, salieron en pijama y sandalias a defender a compa\u00f1eros tras ataque con granada en <a href=\"https:\/\/twitter.com\/hashtag\/Colombia?src=hash&amp;ref_src=twsrc%5Etfw\">#Colombia<\/a>.<br><br>Video Cortes\u00eda. <a href=\"https:\/\/t.co\/f8T5cyrqo3\">pic.twitter.com\/f8T5cyrqo3<\/a><\/p>&mdash; ES RE VIRAL (@esreviral) <a href=\"https:\/\/twitter.com\/esreviral\/status\/1917590827632627787?ref_src=twsrc%5Etfw\">April 30, 2025<\/a><\/blockquote> <script async src=\"https:\/\/platform.twitter.com\/widgets.js\" charset=\"utf-8\"><\/script>\n\n\n\n<p><\/p>\n\n\n\n<p>Pero el momento m\u00e1s impactante a\u00fan estaba por llegar. Una de ellas colabor\u00f3 activamente en cargar a uno de los heridos en una carretilla improvisada, logrando trasladarlo hasta el hospital del municipio para su atenci\u00f3n inmediata. La escena fue registrada por vecinos que se acercaron tras la explosi\u00f3n, y r\u00e1pidamente se viraliz\u00f3 en redes sociales.<\/p>\n\n\n\n<p>El compromiso, la valent\u00eda y la entrega de estas mujeres fue destacado por las autoridades locales y por la comunidad, que no tard\u00f3 en reconocerlas como hero\u00ednas. En un contexto donde los ataques a las fuerzas del orden generan alarma y dolor, acciones como esta reafirman el valor humano que existe detr\u00e1s del uniforme.<\/p>\n\n\n\n<p class=\"has-text-align-center\"><strong><a href=\"https:\/\/chat.whatsapp.com\/KWkTmakY3I05kNdd2oZl6d\"><em>\u00daNETE A NUESTRO GRUPO DE WHATSAPP PARA ESTAR INFORMADO<\/em><\/a><\/strong><\/p>\n","protected":false},"excerpt":{"rendered":"<p>En un gesto a\u00fan m\u00e1s conmovedor, una de las polic\u00edas colabor\u00f3 en cargar a uno de sus compa\u00f1eros heridos.<\/p>\n","protected":false},"author":3,"featured_media":72758,"comment_status":"closed","ping_status":"closed","sticky":false,"template":"","format":"standard","meta":{"jnews-multi-image_gallery":[],"jnews_single_post":{"format":"standard"},"jnews_primary_category":[],"jnews_social_meta":[],"jnews_review":[],"enable_review":"","type":"","name":"","summary":"","brand":"","sku":"","good":[],"bad":[],"score_override":"","override_value":"","rating":[],"price":[],"jnews_override_counter":[],"jnews_post_split":[],"footnotes":""},"categories":[88],"tags":[10697,283,238,29275,45,9656,29276],"class_list":["post-72757","post","type-post","status-publish","format-standard","has-post-thumbnail","hentry","category-internacionales","tag-antioquia","tag-colombia","tag-granada","tag-mujeres-policias","tag-noticias","tag-policia-nacional","tag-policias-heridos"],"amp_enabled":true,"_links":{"self":[{"href":"https:\/\/esreviral.com\/index.php?rest_route=\/wp\/v2\/posts\/72757"}],"collection":[{"href":"https:\/\/esreviral.com\/index.php?rest_route=\/wp\/v2\/posts"}],"about":[{"href":"https:\/\/esreviral.com\/index.php?rest_route=\/wp\/v2\/types\/post"}],"author":[{"embeddable":true,"href":"https:\/\/esreviral.com\/index.php?rest_route=\/wp\/v2\/users\/3"}],"replies":[{"embeddable":true,"href":"https:\/\/esreviral.com\/index.php?rest_route=%2Fwp%2Fv2%2Fcomments&post=72757"}],"version-history":[{"count":1,"href":"https:\/\/esreviral.com\/index.php?rest_route=\/wp\/v2\/posts\/72757\/revisions"}],"predecessor-version":[{"id":72759,"href":"https:\/\/esreviral.com\/index.php?rest_route=\/wp\/v2\/posts\/72757\/revisions\/72759"}],"wp:featuredmedia":[{"embeddable":true,"href":"https:\/\/esreviral.com\/index.php?rest_route=\/wp\/v2\/media\/72758"}],"wp:attachment":[{"href":"https:\/\/esreviral.com\/index.php?rest_route=%2Fwp%2Fv2%2Fmedia&parent=72757"}],"wp:term":[{"taxonomy":"category","embeddable":true,"href":"https:\/\/esreviral.com\/index.php?rest_route=%2Fwp%2Fv2%2Fcategories&post=72757"},{"taxonomy":"post_tag","embeddable":true,"href":"https:\/\/esreviral.com\/index.php?rest_route=%2Fwp%2Fv2%2Ftags&post=72757"}],"curies":[{"name":"wp","href":"https:\/\/api.w.org\/{rel}","templated":true}]}}