{"id":72563,"date":"2025-04-26T08:22:57","date_gmt":"2025-04-26T13:22:57","guid":{"rendered":"https:\/\/esreviral.com\/?p=72563"},"modified":"2025-04-26T08:22:58","modified_gmt":"2025-04-26T13:22:58","slug":"tras-el-funeral-del-papa-el-vaticano-entra-en-un-duelo-de-nueve-dias-hasta-el-conclave-que-elegira-al-sucesor","status":"publish","type":"post","link":"https:\/\/esreviral.com\/?p=72563","title":{"rendered":"Tras el funeral del papa, el Vaticano entra en un duelo de nueve d\u00edas hasta el c\u00f3nclave que elegir\u00e1 al sucesor"},"content":{"rendered":"\n<p>Luego del multitudinario funeral del papa Francisco, el Vaticano entr\u00f3 este s\u00e1bado en el primero de los nueve d\u00edas de duelo por la muerte del pont\u00edfice, a la espera del c\u00f3nclave que elegir\u00e1 al nuevo jefe de la Iglesia Cat\u00f3lica.<\/p>\n\n\n\n<p>Aunque todav\u00eda no se confirm\u00f3 la fecha de inicio de la reuni\u00f3n del cuerpo cardenalicio, se estima que podr\u00eda celebrarse entre el 5 y el 9 de mayo, aunque existe la posibilidad de un retraso si fuera necesario. El reglamento establece que el c\u00f3nclave debe realizarse una vez finalizados los nueve d\u00edas de exequias, dentro de un plazo de entre 15 y 20 d\u00edas tras el fallecimiento del papa.<\/p>\n\n\n\n<p>Mientras tanto, el Vaticano llevar\u00e1 adelante los tradicionales <strong>Novendiales<\/strong>, el per\u00edodo de nueve d\u00edas de duelo. Seg\u00fan inform\u00f3 <em>Vatican News<\/em>, se trata de celebraciones abiertas al p\u00fablico, con la participaci\u00f3n de distintos grupos cada d\u00eda, en funci\u00f3n de su v\u00ednculo con el papa fallecido.<\/p>\n\n\n\n<p class=\"has-text-align-center\"><em><strong><em><strong><em><strong><em><strong><a href=\"https:\/\/t.me\/esreviral\">\u00daNETE A NUESTRO CANAL DE TELEGRAM PARA ESTAR INFORMADO<\/a><\/strong><\/em><\/strong><\/em><\/strong><\/em><\/strong><\/em><\/p>\n\n\n\n<figure class=\"wp-block-image size-large is-resized\"><img decoding=\"async\" src=\"https:\/\/tn.com.ar\/resizer\/v2\/el-ataud-del-papa-francisco-es-transportado-en-un-papamovil-hacia-la-basilica-de-santa-maria-la-mayor-en-roma-el-sabado-26-de-abril-de-2025-ap-fotoluca-bruno-LS2GOVUQMHTO424M4AB6AIEJ2A.jpg?auth=2a98b2cf0394e57a7ce4c0ed5d0231e51d082fe63c3390889564be48e6e5e7bb&amp;width=1440\" alt=\"\" style=\"width:1071px;height:auto\"\/><\/figure>\n\n\n\n<p><\/p>\n\n\n\n<p><strong><mark style=\"background-color:rgba(0, 0, 0, 0)\" class=\"has-inline-color has-vivid-red-color\">C\u00f3mo ser\u00e1n los actos de los Novendiales d\u00eda por d\u00eda<\/mark><\/strong><\/p>\n\n\n\n<p>Los Novendiales responden a una antigua tradici\u00f3n de la Iglesia, que contempla nueve d\u00edas consecutivos de celebraciones eucar\u00edsticas especiales en sufragio del Romano Pont\u00edfice fallecido, comenzando por la Misa Exequial, seg\u00fan explic\u00f3 la Oficina de Celebraciones Lit\u00fargicas Pontificia.<\/p>\n\n\n\n<p>El primer d\u00eda de duelo comenz\u00f3 este mismo s\u00e1bado con la misa funeral en la Bas\u00edlica de San Pedro. As\u00ed continuar\u00e1n las celebraciones:<\/p>\n\n\n\n<ul class=\"wp-block-list\">\n<li><strong>D\u00eda 2<\/strong>: Domingo 27 de abril, 10:30 de Roma (05:30 de Argentina), en el parvis de la bas\u00edlica vaticana. La misa ser\u00e1 presidida por el cardenal Pietro Parolin, exsecretario de Estado.<\/li>\n\n\n\n<li><strong>D\u00eda 3<\/strong>: Lunes 28 de abril, 17:00 (12:00 de Argentina), en la bas\u00edlica vaticana. Celebrar\u00e1 el cardenal Baldassare Reina, Vicario General de Su Santidad para la Di\u00f3cesis de Roma.<\/li>\n\n\n\n<li><strong>D\u00eda 4<\/strong>: Martes 29 de abril, 17:00 (12:00 de Argentina), en la bas\u00edlica vaticana. La misa ser\u00e1 presidida por el cardenal Mauro Gambetti, Arcipreste de la Bas\u00edlica de San Pedro, con la participaci\u00f3n de los Cap\u00edtulos de las Bas\u00edlicas Pontificias.<\/li>\n\n\n\n<li><strong>D\u00eda 5<\/strong>: Mi\u00e9rcoles 30 de abril, 17:00 (12:00 de Argentina), en la bas\u00edlica vaticana. Concelebraci\u00f3n presidida por el cardenal argentino Leonardo Sandri, Vicedecano del Colegio Cardenalicio.<\/li>\n\n\n\n<li><strong>D\u00eda 6<\/strong>: Jueves 1 de mayo, 17:00 (12:00 de Argentina), en la bas\u00edlica vaticana. Celebraci\u00f3n a cargo de la Curia Romana, presidida por el cardenal Kevin Joseph Farrell, Camarlengo de la Santa Iglesia Romana.<\/li>\n\n\n\n<li><strong>D\u00eda 7<\/strong>: Viernes 2 de mayo, 17:00 (12:00 de Argentina), en la bas\u00edlica vaticana. Celebraci\u00f3n dedicada a las Iglesias Orientales, presidida por el cardenal Claudio Gugerotti, ex Prefecto del Dicasterio para las Iglesias Orientales.<\/li>\n\n\n\n<li><strong>D\u00eda 8<\/strong>: S\u00e1bado 3 de mayo, 17:00 (12:00 de Argentina), en la bas\u00edlica vaticana. Participar\u00e1n miembros de los Institutos de Vida Consagrada y de las Sociedades de Vida Apost\u00f3lica. Presidir\u00e1 el cardenal \u00c1ngel Fern\u00e1ndez Artime.<\/li>\n\n\n\n<li><strong>D\u00eda 9<\/strong>: Domingo 4 de mayo, 17:00 (12:00 de Argentina), en la bas\u00edlica vaticana. La \u00faltima celebraci\u00f3n estar\u00e1 a cargo del cardenal Dominique Mamberti, Protodi\u00e1cono del Colegio Cardenalicio.<\/li>\n<\/ul>\n\n\n\n<p><\/p>\n\n\n\n<p>Una vez concluidos los Novendiales, el Vaticano podr\u00e1 iniciar el c\u00f3nclave para elegir al nuevo papa, pero no antes del 4 de mayo.<\/p>\n\n\n\n<p class=\"has-text-align-center\"><strong><a href=\"https:\/\/chat.whatsapp.com\/KWkTmakY3I05kNdd2oZl6d\"><em>\u00daNETE A NUESTRO GRUPO DE WHATSAPP PARA ESTAR INFORMADO<\/em><\/a><\/strong><\/p>\n","protected":false},"excerpt":{"rendered":"<p>La reuni\u00f3n del cuerpo cardenalicio se realizar\u00e1 despu\u00e9s del domingo 4 de mayo. Cu\u00e1les ser\u00e1n las actividades oficiales hasta entonces.<\/p>\n","protected":false},"author":3,"featured_media":72564,"comment_status":"closed","ping_status":"closed","sticky":false,"template":"","format":"standard","meta":{"jnews-multi-image_gallery":[],"jnews_single_post":{"format":"standard"},"jnews_primary_category":[],"jnews_social_meta":[],"jnews_review":[],"enable_review":"","type":"","name":"","summary":"","brand":"","sku":"","good":[],"bad":[],"score_override":"","override_value":"","rating":[],"price":[],"jnews_override_counter":[],"jnews_post_split":[],"footnotes":""},"categories":[88],"tags":[25347,29165,28837,45,128,29166,129],"class_list":["post-72563","post","type-post","status-publish","format-standard","has-post-thumbnail","hentry","category-internacionales","tag-conclave","tag-funeral-del-papa","tag-funeral-del-papa-francisco","tag-noticias","tag-papa-francisco","tag-sucesor","tag-vaticano"],"_links":{"self":[{"href":"https:\/\/esreviral.com\/index.php?rest_route=\/wp\/v2\/posts\/72563","targetHints":{"allow":["GET"]}}],"collection":[{"href":"https:\/\/esreviral.com\/index.php?rest_route=\/wp\/v2\/posts"}],"about":[{"href":"https:\/\/esreviral.com\/index.php?rest_route=\/wp\/v2\/types\/post"}],"author":[{"embeddable":true,"href":"https:\/\/esreviral.com\/index.php?rest_route=\/wp\/v2\/users\/3"}],"replies":[{"embeddable":true,"href":"https:\/\/esreviral.com\/index.php?rest_route=%2Fwp%2Fv2%2Fcomments&post=72563"}],"version-history":[{"count":1,"href":"https:\/\/esreviral.com\/index.php?rest_route=\/wp\/v2\/posts\/72563\/revisions"}],"predecessor-version":[{"id":72565,"href":"https:\/\/esreviral.com\/index.php?rest_route=\/wp\/v2\/posts\/72563\/revisions\/72565"}],"wp:featuredmedia":[{"embeddable":true,"href":"https:\/\/esreviral.com\/index.php?rest_route=\/wp\/v2\/media\/72564"}],"wp:attachment":[{"href":"https:\/\/esreviral.com\/index.php?rest_route=%2Fwp%2Fv2%2Fmedia&parent=72563"}],"wp:term":[{"taxonomy":"category","embeddable":true,"href":"https:\/\/esreviral.com\/index.php?rest_route=%2Fwp%2Fv2%2Fcategories&post=72563"},{"taxonomy":"post_tag","embeddable":true,"href":"https:\/\/esreviral.com\/index.php?rest_route=%2Fwp%2Fv2%2Ftags&post=72563"}],"curies":[{"name":"wp","href":"https:\/\/api.w.org\/{rel}","templated":true}]}}