{"id":72560,"date":"2025-04-26T07:47:05","date_gmt":"2025-04-26T12:47:05","guid":{"rendered":"https:\/\/esreviral.com\/?p=72560"},"modified":"2025-04-26T07:47:06","modified_gmt":"2025-04-26T12:47:06","slug":"prohibieron-a-la-reina-de-paises-bajos-asistir-al-funeral-del-papa-francisco-siendo-catolica-y-argentina-los-motivos","status":"publish","type":"post","link":"https:\/\/esreviral.com\/?p=72560","title":{"rendered":"Prohibieron a la reina de Pa\u00edses Bajos\u00a0asistir al funeral del papa Francisco siendo cat\u00f3lica y argentina: Los motivos"},"content":{"rendered":"\n<p>Fuera de todo pron\u00f3stico, <strong>M\u00e1xima Zorreguieta, reina de los Pa\u00edses Bajos, <\/strong>fue la gran ausente en el<strong> funeral del papa Francisco,<\/strong> celebrado en la bas\u00edlica de San Pedro.<\/p>\n\n\n\n<p>La noticia gener\u00f3 un amplio debate, ya que, entre las representantes de las <strong>casas reales europeas <\/strong>que asistieron a la ceremonia, M\u00e1xima era la \u00fanica soberana cat\u00f3lica, adem\u00e1s de haber desarrollado un v\u00ednculo de afecto personal y respeto institucional con el pont\u00edfice.<\/p>\n\n\n\n<p class=\"has-text-align-center\"><em><strong><em><strong><em><strong><em><strong><a href=\"https:\/\/t.me\/esreviral\">\u00daNETE A NUESTRO CANAL DE TELEGRAM PARA ESTAR INFORMADO<\/a><\/strong><\/em><\/strong><\/em><\/strong><\/em><\/strong><\/em><\/p>\n\n\n\n<p>Sobre las razones de su ausencia, <em><strong>TN Show<\/strong> <\/em>consult\u00f3 al periodista y especialista en temas mon\u00e1rquicos <strong>Rodolfo Vera Calder\u00f3n<\/strong>.<\/p>\n\n\n\n<p><strong><mark style=\"background-color:rgba(0, 0, 0, 0)\" class=\"has-inline-color has-vivid-red-color\">Los motivos institucionales y protocolares que alejaron a la reina M\u00e1xima del funeral<\/mark><\/strong><\/p>\n\n\n\n<p>Vera Calder\u00f3n explic\u00f3 que, en el caso particular de la esposa del rey Guillermo, existieron varios factores determinantes:<br><em>\u00ab<strong>Aunque M\u00e1xima es argentina y cat\u00f3lica, en los Pa\u00edses Bajos el rey no act\u00faa a t\u00edtulo personal en asuntos de Estado. Por lo tanto, su fe y su v\u00ednculo personal con el papa no le otorgan autonom\u00eda institucional para decidir asistir a este tipo de eventos.<\/strong>\u00ab<\/em><\/p>\n\n\n\n<figure class=\"wp-block-image size-large\"><img decoding=\"async\" src=\"https:\/\/tn.com.ar\/resizer\/v2\/el-papa-francisco-con-la-reina-maxima-y-el-rey-guillermo-en-el-vaticano-foto-efe-3WWGKVNAPX3EUEUMCX2LO3K76I.jpg?auth=147816c130e083aadaf86d980ae82a2d0400677f2597aa2f0b984ecea03b03c1&amp;width=1440\" alt=\"\"\/><\/figure>\n\n\n\n<p><\/p>\n\n\n\n<p>El especialista \u2014y tambi\u00e9n ganador de <strong>MasterChef 2023<\/strong>\u2014 a\u00f1adi\u00f3 que existe cierto malestar entre la sociedad neerlandesa porque M\u00e1xima nunca renunci\u00f3 a su fe cat\u00f3lica para convertirse al protestantismo, religi\u00f3n oficial del pa\u00eds. De haber asistido, la reina consorte podr\u00eda haber enfrentado severas cr\u00edticas hacia la Casa Real de Orange-Nassau.<\/p>\n\n\n\n<p>Adem\u00e1s, hab\u00eda cuestiones de protocolo ineludibles:<br><em>\u00abLa fecha del funeral coincidi\u00f3 con los preparativos inmediatos para el D\u00eda del Rey (Koningsnacht), celebrado el 27 de abril en honor al cumplea\u00f1os del monarca. Por razones de seguridad, protocolo y representaci\u00f3n, los reyes deben permanecer en el pa\u00eds para presidir los actos oficiales, lo que imposibilit\u00f3 su presencia en Roma\u00bb<\/em>, detall\u00f3 Vera Calder\u00f3n.<\/p>\n\n\n\n<p><strong><mark style=\"background-color:rgba(0, 0, 0, 0)\" class=\"has-inline-color has-vivid-red-color\">El v\u00ednculo cercano entre la reina M\u00e1xima y el papa Francisco<\/mark><\/strong><\/p>\n\n\n\n<p>M\u00e1xima y el papa Francisco compartieron varios momentos que dejaron constancia de su cercan\u00eda. El rey Guillermo y la reina M\u00e1xima asistieron al Vaticano en 2013 para la misa de inicio de su pontificado, realizaron una audiencia oficial en 2016, y un a\u00f1o m\u00e1s tarde concretaron una visita privada.<\/p>\n\n\n\n<p>En cada encuentro, la sinton\u00eda entre M\u00e1xima y Francisco fue evidente: se mostraron espont\u00e1neos, compartieron risas, conversaciones en voz baja y gestos de complicidad, siempre con el rey Guillermo como testigo.<\/p>\n\n\n\n<p>Cabe destacar que el monarca neerland\u00e9s domina el espa\u00f1ol y no es ajeno a las costumbres argentinas, influencia directa de su esposa, considerada una de las reinas consortes m\u00e1s carism\u00e1ticas de la actualidad.<\/p>\n\n\n\n<p class=\"has-text-align-center\"><strong><a href=\"https:\/\/chat.whatsapp.com\/KWkTmakY3I05kNdd2oZl6d\"><em>\u00daNETE A NUESTRO GRUPO DE WHATSAPP PARA ESTAR INFORMADO<\/em><\/a><\/strong><\/p>\n\n\n\n<figure class=\"wp-block-image size-large\"><img decoding=\"async\" src=\"https:\/\/tn.com.ar\/resizer\/v2\/la-foto-el-rey-guillermo-la-reina-maxima-y-sus-hijas-la-princesa-heredera-amalia-derecha-y-la-princesa-alexia-izquierda-foto-instagram-koninklijkhuis-3ODOUI4ONVDJ3BPNUSCKDJ5ZGE.png?auth=d96b5631f5a8f841cef4d5a1a8f601119b4b5ef568109af597f9f21056aef254&amp;width=1440\" alt=\"\"\/><\/figure>\n","protected":false},"excerpt":{"rendered":"<p>Detr\u00e1s de la ausencia de la reina de Pa\u00edses Bajos hay todo un entramado de conflictos protocolares, institucionales e incluso de rechazo hacia su f\u00e9 como practicante cat\u00f3lica en ese pa\u00eds.<\/p>\n","protected":false},"author":3,"featured_media":72561,"comment_status":"closed","ping_status":"closed","sticky":false,"template":"","format":"standard","meta":{"jnews-multi-image_gallery":[],"jnews_single_post":{"format":"standard"},"jnews_primary_category":[],"jnews_social_meta":[],"jnews_review":[],"enable_review":"","type":"","name":"","summary":"","brand":"","sku":"","good":[],"bad":[],"score_override":"","override_value":"","rating":[],"price":[],"jnews_override_counter":[],"jnews_post_split":[],"footnotes":""},"categories":[88],"tags":[15340,19248,10604,45,128,29164],"class_list":["post-72560","post","type-post","status-publish","format-standard","has-post-thumbnail","hentry","category-internacionales","tag-casas-reales","tag-casas-reales-europeas","tag-maxima-zorreguieta","tag-noticias","tag-papa-francisco","tag-reina-de-paises-bajos"],"amp_enabled":true,"_links":{"self":[{"href":"https:\/\/esreviral.com\/index.php?rest_route=\/wp\/v2\/posts\/72560"}],"collection":[{"href":"https:\/\/esreviral.com\/index.php?rest_route=\/wp\/v2\/posts"}],"about":[{"href":"https:\/\/esreviral.com\/index.php?rest_route=\/wp\/v2\/types\/post"}],"author":[{"embeddable":true,"href":"https:\/\/esreviral.com\/index.php?rest_route=\/wp\/v2\/users\/3"}],"replies":[{"embeddable":true,"href":"https:\/\/esreviral.com\/index.php?rest_route=%2Fwp%2Fv2%2Fcomments&post=72560"}],"version-history":[{"count":1,"href":"https:\/\/esreviral.com\/index.php?rest_route=\/wp\/v2\/posts\/72560\/revisions"}],"predecessor-version":[{"id":72562,"href":"https:\/\/esreviral.com\/index.php?rest_route=\/wp\/v2\/posts\/72560\/revisions\/72562"}],"wp:featuredmedia":[{"embeddable":true,"href":"https:\/\/esreviral.com\/index.php?rest_route=\/wp\/v2\/media\/72561"}],"wp:attachment":[{"href":"https:\/\/esreviral.com\/index.php?rest_route=%2Fwp%2Fv2%2Fmedia&parent=72560"}],"wp:term":[{"taxonomy":"category","embeddable":true,"href":"https:\/\/esreviral.com\/index.php?rest_route=%2Fwp%2Fv2%2Fcategories&post=72560"},{"taxonomy":"post_tag","embeddable":true,"href":"https:\/\/esreviral.com\/index.php?rest_route=%2Fwp%2Fv2%2Ftags&post=72560"}],"curies":[{"name":"wp","href":"https:\/\/api.w.org\/{rel}","templated":true}]}}