{"id":72553,"date":"2025-04-26T07:15:21","date_gmt":"2025-04-26T12:15:21","guid":{"rendered":"https:\/\/esreviral.com\/?p=72553"},"modified":"2025-04-26T07:15:23","modified_gmt":"2025-04-26T12:15:23","slug":"sin-aplaudir-y-mascando-chicle-la-actitud-de-trump-durante-la-homilia-en-el-funeral-del-papa-francisco","status":"publish","type":"post","link":"https:\/\/esreviral.com\/?p=72553","title":{"rendered":"Sin aplaudir y mascando chicle: la actitud de Trump durante la homil\u00eda en el funeral del papa Francisco"},"content":{"rendered":"\n<p><strong>Donald Trump<\/strong> viaj\u00f3 a Italia junto a su esposa, <strong>Melania<\/strong>, para asistir al funeral del papa Francisco este s\u00e1bado. Su llegada no pas\u00f3 desapercibida: el presidente de Estados Unidos <strong>apareci\u00f3 en la plaza San Pedro vestido de azul<\/strong>, destac\u00e1ndose entre la mayor\u00eda de los presentes, que vest\u00edan de negro en se\u00f1al de luto.<\/p>\n\n\n\n<p class=\"has-text-align-center\"><em><strong><em><strong><em><strong><em><strong><a href=\"https:\/\/t.me\/esreviral\">\u00daNETE A NUESTRO CANAL DE TELEGRAM PARA ESTAR INFORMADO<\/a><\/strong><\/em><\/strong><\/em><\/strong><\/em><\/strong><\/em><\/p>\n\n\n\n<p>Durante la homil\u00eda, Trump se mostr\u00f3 inquieto, <strong>masticando chicle y sin sumarse a los aplausos<\/strong>. En medio del discurso del cardenal Giovanni Battista Re \u2014quien hizo referencia al conflicto de Estados Unidos con los refugiados y migrantes\u2014, el mandatario fue captado por las c\u00e1maras sacando un chicle del bolsillo y llev\u00e1ndoselo a la boca.<\/p>\n\n\n\n<p>El cardenal evoc\u00f3 la hist\u00f3rica misa de Francisco en la frontera entre M\u00e9xico y Estados Unidos y record\u00f3 una de las frases m\u00e1s ic\u00f3nicas del pont\u00edfice: \u201c<strong><em>Los muros no son la soluci\u00f3n<\/em><\/strong>\u201d. Su mensaje fue ovacionado por los presentes, con la excepci\u00f3n de Trump, que permaneci\u00f3 impasible.<\/p>\n\n\n\n<p><em><strong>Noticia en desarrollo&#8230;<\/strong><\/em><\/p>\n\n\n\n<p class=\"has-text-align-center\"><strong><a href=\"https:\/\/chat.whatsapp.com\/KWkTmakY3I05kNdd2oZl6d\"><em>\u00daNETE A NUESTRO GRUPO DE WHATSAPP PARA ESTAR INFORMADO<\/em><\/a><\/strong><\/p>\n\n\n\n<figure class=\"wp-block-image size-large\"><img decoding=\"async\" src=\"https:\/\/tn.com.ar\/resizer\/v2\/https%3A%2F%2Fthumbs.vodgc.net%2F1-14-90Ra3S1745666180903-1745668271.jpg?auth=55d1f575ad4d0beb0e487fcfdee50899190bf6ef0ebafc4cdc49286707efbea6&amp;width=1440\" alt=\"\"\/><\/figure>\n","protected":false},"excerpt":{"rendered":"<p>En su discurso, el cardenal Re hizo referencia al conflicto de Estados Unidos con los refugiados y migrantes. Sin embargo, el mandatario se mostr\u00f3 indiferente.<\/p>\n","protected":false},"author":3,"featured_media":72554,"comment_status":"closed","ping_status":"closed","sticky":false,"template":"","format":"standard","meta":{"jnews-multi-image_gallery":[],"jnews_single_post":{"format":"standard"},"jnews_primary_category":[],"jnews_social_meta":[],"jnews_review":[],"enable_review":"","type":"","name":"","summary":"","brand":"","sku":"","good":[],"bad":[],"score_override":"","override_value":"","rating":[],"price":[],"jnews_override_counter":[],"jnews_post_split":[],"footnotes":""},"categories":[88],"tags":[2088,14436,28837,29163,45,128],"class_list":["post-72553","post","type-post","status-publish","format-standard","has-post-thumbnail","hentry","category-internacionales","tag-donald-trump","tag-francisco","tag-funeral-del-papa-francisco","tag-homilia","tag-noticias","tag-papa-francisco"],"_links":{"self":[{"href":"https:\/\/esreviral.com\/index.php?rest_route=\/wp\/v2\/posts\/72553","targetHints":{"allow":["GET"]}}],"collection":[{"href":"https:\/\/esreviral.com\/index.php?rest_route=\/wp\/v2\/posts"}],"about":[{"href":"https:\/\/esreviral.com\/index.php?rest_route=\/wp\/v2\/types\/post"}],"author":[{"embeddable":true,"href":"https:\/\/esreviral.com\/index.php?rest_route=\/wp\/v2\/users\/3"}],"replies":[{"embeddable":true,"href":"https:\/\/esreviral.com\/index.php?rest_route=%2Fwp%2Fv2%2Fcomments&post=72553"}],"version-history":[{"count":1,"href":"https:\/\/esreviral.com\/index.php?rest_route=\/wp\/v2\/posts\/72553\/revisions"}],"predecessor-version":[{"id":72555,"href":"https:\/\/esreviral.com\/index.php?rest_route=\/wp\/v2\/posts\/72553\/revisions\/72555"}],"wp:featuredmedia":[{"embeddable":true,"href":"https:\/\/esreviral.com\/index.php?rest_route=\/wp\/v2\/media\/72554"}],"wp:attachment":[{"href":"https:\/\/esreviral.com\/index.php?rest_route=%2Fwp%2Fv2%2Fmedia&parent=72553"}],"wp:term":[{"taxonomy":"category","embeddable":true,"href":"https:\/\/esreviral.com\/index.php?rest_route=%2Fwp%2Fv2%2Fcategories&post=72553"},{"taxonomy":"post_tag","embeddable":true,"href":"https:\/\/esreviral.com\/index.php?rest_route=%2Fwp%2Fv2%2Ftags&post=72553"}],"curies":[{"name":"wp","href":"https:\/\/api.w.org\/{rel}","templated":true}]}}