{"id":72242,"date":"2025-04-21T13:21:49","date_gmt":"2025-04-21T18:21:49","guid":{"rendered":"https:\/\/esreviral.com\/?p=72242"},"modified":"2025-04-21T13:36:25","modified_gmt":"2025-04-21T18:36:25","slug":"el-vaticano-confirmo-que-el-papa-francisco-murio-tras-sufrir-un-derrame-cerebral","status":"publish","type":"post","link":"https:\/\/esreviral.com\/?p=72242","title":{"rendered":"El Vaticano confirm\u00f3 que el papa Francisco muri\u00f3 tras sufrir un derrame cerebral"},"content":{"rendered":"\n<p><strong>El papa Francisco falleci\u00f3 durante la madrugada de este lunes en su residencia de la Casa Santa Marta, a los 88 a\u00f1os de edad.<\/strong> La noticia fue anunciada oficialmente por el Vaticano mediante un comunicado.<\/p>\n\n\n\n<p>El informe m\u00e9dico, firmado por Andrea Arcangeli, titular de la Direcci\u00f3n de Sanidad e Higiene del Estado de la Ciudad del Vaticano, certific\u00f3 que Jorge <strong>Mario Bergoglio muri\u00f3 a las 7:35 (2:35 de la Argentina) como consecuencia de una apoplej\u00eda cerebral (ictus). Seg\u00fan el reporte, el pont\u00edfice entr\u00f3 en coma y su estado deriv\u00f3 en un \u201ccolapso cardiovascular irreversible\u201d.<\/strong><\/p>\n\n\n\n<p>El documento tambi\u00e9n indic\u00f3 que Francisco atravesaba un delicado cuadro de salud, con antecedentes de insuficiencia respiratoria aguda por neumon\u00eda multimicrobiana bilateral, bronquiectasias m\u00faltiples, hipertensi\u00f3n arterial y diabetes tipo II.<\/p>\n\n\n\n<p>La confirmaci\u00f3n del fallecimiento se realiz\u00f3 mediante un registro electrocardioanat\u00f3mico, concluy\u00f3 el parte oficial.<\/p>\n\n\n\n<p><\/p>\n\n\n\n<p class=\"has-text-align-center\"><em><strong><em><strong><em><strong><em><strong><a href=\"https:\/\/t.me\/esreviral\">\u00daNETE A NUESTRO CANAL DE TELEGRAM PARA ESTAR INFORMADO<\/a><\/strong><\/em><\/strong><\/em><\/strong><\/em><\/strong><\/em><\/p>\n\n\n\n<p><\/p>\n\n\n\n<figure class=\"wp-block-image size-large\"><img decoding=\"async\" src=\"https:\/\/www.infobae.com\/resizer\/v2\/RB5MESXMX5EIDJVVRTKGZ4LQNI.jpg?auth=b1220d75d07246e8cc293d1b1aa2bdd983528b8cef66ade738f69e463e2728c0&amp;smart=true&amp;width=992&amp;height=1323&amp;quality=85\" alt=\"\"\/><\/figure>\n\n\n\n<p><\/p>\n\n\n\n<h3 class=\"wp-block-heading\"><strong><mark style=\"background-color:rgba(0, 0, 0, 0)\" class=\"has-inline-color has-vivid-red-color\">El delicado estado de salud del papa Francisco<\/mark><\/strong><\/h3>\n\n\n\n<p>Durante el \u00faltimo a\u00f1o, <strong>Jorge Mario Bergoglio<\/strong> hab\u00eda sido internado en reiteradas ocasiones por problemas respiratorios y de movilidad, aunque su entorno afirmaba que su estado era \u201cestable\u201d en los d\u00edas recientes.<\/p>\n\n\n\n<p>Su \u00faltima internaci\u00f3n se extendi\u00f3 por 38 d\u00edas en el hospital Gemelli de Roma, debido a una doble neumon\u00eda. A pesar de encontrarse a\u00fan en proceso de recuperaci\u00f3n, el domingo se present\u00f3 en silla de ruedas y sin asistencia respiratoria durante la bendici\u00f3n de Pascua, ante miles de fieles reunidos en la plaza San Pedro por el Domingo de Resurrecci\u00f3n.<\/p>\n\n\n\n<p>El Papa hab\u00eda sido hospitalizado el 14 de febrero por una bronquitis. Su cuadro fue calificado como \u201ccomplejo\u201d y requiri\u00f3 varios ajustes en su tratamiento. Poco despu\u00e9s, los m\u00e9dicos detectaron una neumon\u00eda bilateral. Aunque mostr\u00f3 se\u00f1ales de mejor\u00eda, una fuente vaticana inform\u00f3 el 28 de febrero que Francisco hab\u00eda superado el estado \u201ccr\u00edtico\u201d. Sin embargo, ese mismo d\u00eda se notific\u00f3 una \u201ccrisis aislada de broncoespasmo\u201d, lo que deriv\u00f3 en un \u201cempeoramiento repentino de la afecci\u00f3n respiratoria\u201d.<\/p>\n\n\n\n<p>El 23 de marzo, el sumo pont\u00edfice recibi\u00f3 el alta m\u00e9dica, pero con un pron\u00f3stico reservado.<\/p>\n\n\n\n<p class=\"has-text-align-center\"><strong><a href=\"https:\/\/chat.whatsapp.com\/KWkTmakY3I05kNdd2oZl6d\"><em>\u00daNETE A NUESTRO GRUPO DE WHATSAPP PARA ESTAR INFORMADO<\/em><\/a><\/strong><\/p>\n","protected":false},"excerpt":{"rendered":"<p>El sumo pont\u00edfice falleci\u00f3 este lunes por la madrugada a los 88 a\u00f1os. El domingo hab\u00eda participado de la bendici\u00f3n de Pascua ante miles de fieles que fueron a la plaza San Pedro.<\/p>\n","protected":false},"author":3,"featured_media":72243,"comment_status":"closed","ping_status":"closed","sticky":false,"template":"","format":"standard","meta":{"jnews-multi-image_gallery":[],"jnews_single_post":{"format":"standard"},"jnews_primary_category":[],"jnews_social_meta":[],"jnews_review":[],"enable_review":"","type":"","name":"","summary":"","brand":"","sku":"","good":[],"bad":[],"score_override":"","override_value":"","rating":[],"price":[],"jnews_override_counter":[],"jnews_post_split":[],"footnotes":""},"categories":[88],"tags":[44,6734,25741,45,128,129],"class_list":["post-72242","post","type-post","status-publish","format-standard","has-post-thumbnail","hentry","category-internacionales","tag-argentina","tag-derrame-cerebral","tag-jorge-mario-bergoglio","tag-noticias","tag-papa-francisco","tag-vaticano"],"amp_enabled":true,"_links":{"self":[{"href":"https:\/\/esreviral.com\/index.php?rest_route=\/wp\/v2\/posts\/72242"}],"collection":[{"href":"https:\/\/esreviral.com\/index.php?rest_route=\/wp\/v2\/posts"}],"about":[{"href":"https:\/\/esreviral.com\/index.php?rest_route=\/wp\/v2\/types\/post"}],"author":[{"embeddable":true,"href":"https:\/\/esreviral.com\/index.php?rest_route=\/wp\/v2\/users\/3"}],"replies":[{"embeddable":true,"href":"https:\/\/esreviral.com\/index.php?rest_route=%2Fwp%2Fv2%2Fcomments&post=72242"}],"version-history":[{"count":2,"href":"https:\/\/esreviral.com\/index.php?rest_route=\/wp\/v2\/posts\/72242\/revisions"}],"predecessor-version":[{"id":72246,"href":"https:\/\/esreviral.com\/index.php?rest_route=\/wp\/v2\/posts\/72242\/revisions\/72246"}],"wp:featuredmedia":[{"embeddable":true,"href":"https:\/\/esreviral.com\/index.php?rest_route=\/wp\/v2\/media\/72243"}],"wp:attachment":[{"href":"https:\/\/esreviral.com\/index.php?rest_route=%2Fwp%2Fv2%2Fmedia&parent=72242"}],"wp:term":[{"taxonomy":"category","embeddable":true,"href":"https:\/\/esreviral.com\/index.php?rest_route=%2Fwp%2Fv2%2Fcategories&post=72242"},{"taxonomy":"post_tag","embeddable":true,"href":"https:\/\/esreviral.com\/index.php?rest_route=%2Fwp%2Fv2%2Ftags&post=72242"}],"curies":[{"name":"wp","href":"https:\/\/api.w.org\/{rel}","templated":true}]}}