{"id":72239,"date":"2025-04-21T13:10:57","date_gmt":"2025-04-21T18:10:57","guid":{"rendered":"https:\/\/esreviral.com\/?p=72239"},"modified":"2025-04-21T13:10:59","modified_gmt":"2025-04-21T18:10:59","slug":"el-mensaje-de-lionel-messi-por-la-muerte-de-francisco-fue-un-papa-distinto-cercano-y-argentino","status":"publish","type":"post","link":"https:\/\/esreviral.com\/?p=72239","title":{"rendered":"El mensaje de Lionel Messi por la muerte de Francisco: \u00abFue un papa distinto, cercano y argentino\u00bb"},"content":{"rendered":"\n<p>Lionel Messi expres\u00f3 su pesar por la muerte del papa Francisco, ocurrida este lunes a los 88 a\u00f1os. El capit\u00e1n de la Selecci\u00f3n Argentina lo despidi\u00f3 con un sentido mensaje publicado en su cuenta de Instagram:<br><strong>\u201cUn Papa distinto, cercano, argentino. QEPD Papa Francisco. Gracias por hacer del mundo un lugar mejor. Te vamos a extra\u00f1ar\u201d<\/strong>, escribi\u00f3.<\/p>\n\n\n\n<p class=\"has-text-align-center\"><em><strong><em><strong><em><strong><em><strong><a href=\"https:\/\/t.me\/esreviral\">\u00daNETE A NUESTRO CANAL DE TELEGRAM PARA ESTAR INFORMADO<\/a><\/strong><\/em><\/strong><\/em><\/strong><\/em><\/strong><\/em><\/p>\n\n\n\n<figure class=\"wp-block-image size-large\"><img decoding=\"async\" src=\"https:\/\/tn.com.ar\/resizer\/v2\/el-posteo-de-lionel-messi-por-la-muerte-del-papa-francisco-instagram-lionel-messi-Z4JQKA42HBAYZA2I4RXVBGBVBE.PNG?auth=8250e9c0e9ddb89c0bb13791de1d64dce5f2c9147cb55e76702c43828262ef61&amp;width=1440\" alt=\"\"\/><\/figure>\n\n\n\n<p><\/p>\n\n\n\n<h3 class=\"wp-block-heading\"><strong><mark style=\"background-color:rgba(0, 0, 0, 0)\" class=\"has-inline-color has-vivid-red-color\">El d\u00eda que Messi se emocion\u00f3 frente al Papa<\/mark><\/strong><\/h3>\n\n\n\n<p>El encuentro m\u00e1s emotivo entre Messi y el papa Francisco tuvo lugar en agosto de 2013, apenas unos meses despu\u00e9s de que Jorge Bergoglio fuera elegido como Sumo Pont\u00edfice. Fue en una audiencia especial en el Vaticano, con motivo del amistoso entre las selecciones de Argentina e Italia, disputado en Roma.<\/p>\n\n\n\n<p>Aunque la jornada estuvo marcada por la formalidad, el momento m\u00e1s \u00edntimo lleg\u00f3 despu\u00e9s del protocolo. Messi se acerc\u00f3 al Papa, quien lo bendijo con afecto y lo despidi\u00f3 con una sonrisa c\u00e1lida. Conmovido, Leo no pudo contener la emoci\u00f3n: sus ojos vidriosos y el gesto serio revelaban lo que las palabras no alcanzaban a decir. En ese instante, dos \u00edconos argentinos se encontraron desde lo m\u00e1s profundo de sus roles.<\/p>\n\n\n\n<h3 class=\"wp-block-heading\"><strong><mark style=\"background-color:rgba(0, 0, 0, 0)\" class=\"has-inline-color has-vivid-red-color\">Las palabras de Messi tras ese encuentro<\/mark><\/strong><\/h3>\n\n\n\n<p>Tras la audiencia, Messi declar\u00f3 ante la prensa:<br><strong>\u201cPara nosotros hoy es un d\u00eda muy especial. Estoy orgulloso de haber estado aqu\u00ed para ver al Papa, tambi\u00e9n porque es argentino. El f\u00fatbol me ha llevado por todo el mundo, pero esta ha sido una jornada inolvidable\u201d<\/strong>.<\/p>\n\n\n\n<p><\/p>\n\n\n\n<p class=\"has-text-align-center\"><strong><a href=\"https:\/\/chat.whatsapp.com\/KWkTmakY3I05kNdd2oZl6d\"><em>\u00daNETE A NUESTRO GRUPO DE WHATSAPP PARA ESTAR INFORMADO<\/em><\/a><\/strong><\/p>\n\n\n\n<p><\/p>\n","protected":false},"excerpt":{"rendered":"<p>La Pulga despidi\u00f3 al sumo pont\u00edfice, quien muri\u00f3 este lunes por la madrugada a los 88 a\u00f1os. \u201cGracias por hacer del mundo un lugar mejor\u201d, escribi\u00f3.<\/p>\n","protected":false},"author":3,"featured_media":72240,"comment_status":"closed","ping_status":"closed","sticky":false,"template":"","format":"standard","meta":{"jnews-multi-image_gallery":[],"jnews_single_post":{"format":"standard"},"jnews_primary_category":[],"jnews_social_meta":[],"jnews_review":[],"enable_review":"","type":"","name":"","summary":"","brand":"","sku":"","good":[],"bad":[],"score_override":"","override_value":"","rating":[],"price":[],"jnews_override_counter":[],"jnews_post_split":[],"footnotes":""},"categories":[48,88],"tags":[44,1129,45,128,129],"class_list":["post-72239","post","type-post","status-publish","format-standard","has-post-thumbnail","hentry","category-deportes","category-internacionales","tag-argentina","tag-lionel-messi","tag-noticias","tag-papa-francisco","tag-vaticano"],"amp_enabled":true,"_links":{"self":[{"href":"https:\/\/esreviral.com\/index.php?rest_route=\/wp\/v2\/posts\/72239"}],"collection":[{"href":"https:\/\/esreviral.com\/index.php?rest_route=\/wp\/v2\/posts"}],"about":[{"href":"https:\/\/esreviral.com\/index.php?rest_route=\/wp\/v2\/types\/post"}],"author":[{"embeddable":true,"href":"https:\/\/esreviral.com\/index.php?rest_route=\/wp\/v2\/users\/3"}],"replies":[{"embeddable":true,"href":"https:\/\/esreviral.com\/index.php?rest_route=%2Fwp%2Fv2%2Fcomments&post=72239"}],"version-history":[{"count":1,"href":"https:\/\/esreviral.com\/index.php?rest_route=\/wp\/v2\/posts\/72239\/revisions"}],"predecessor-version":[{"id":72241,"href":"https:\/\/esreviral.com\/index.php?rest_route=\/wp\/v2\/posts\/72239\/revisions\/72241"}],"wp:featuredmedia":[{"embeddable":true,"href":"https:\/\/esreviral.com\/index.php?rest_route=\/wp\/v2\/media\/72240"}],"wp:attachment":[{"href":"https:\/\/esreviral.com\/index.php?rest_route=%2Fwp%2Fv2%2Fmedia&parent=72239"}],"wp:term":[{"taxonomy":"category","embeddable":true,"href":"https:\/\/esreviral.com\/index.php?rest_route=%2Fwp%2Fv2%2Fcategories&post=72239"},{"taxonomy":"post_tag","embeddable":true,"href":"https:\/\/esreviral.com\/index.php?rest_route=%2Fwp%2Fv2%2Ftags&post=72239"}],"curies":[{"name":"wp","href":"https:\/\/api.w.org\/{rel}","templated":true}]}}