{"id":72223,"date":"2025-04-21T09:20:37","date_gmt":"2025-04-21T14:20:37","guid":{"rendered":"https:\/\/esreviral.com\/?p=72223"},"modified":"2025-04-21T09:20:38","modified_gmt":"2025-04-21T14:20:38","slug":"referentes-de-la-politica-argentina-despiden-al-papa-francisco","status":"publish","type":"post","link":"https:\/\/esreviral.com\/?p=72223","title":{"rendered":"Referentes de la pol\u00edtica argentina despiden al papa Francisco"},"content":{"rendered":"\n<p>La expresidenta de la Naci\u00f3n, Cristina Kirchner, record\u00f3 al Papa Francisco luego de la noticia de\u00a0<strong>su muerte a los 88 a\u00f1os<\/strong> de edad.<\/p>\n\n\n\n<p><strong>\u201cLa primera vez que estuve con Francisco en marzo del 2013 le dije que, como a Megaf\u00f3n, lo esperaban batallas celestiales. Se ri\u00f3 mucho y me dijo \u2018Es mi libro preferido, me encanta Marechal\u2019\u201d<\/strong>, rememor\u00f3 la l\u00edder del Partido Justicialista.<\/p>\n\n\n\n<p>Y agreg\u00f3: \u201cCoincidimos en que \u201cMegaf\u00f3n, o la guerra\u201d, emblem\u00e1tica literatura de Leopoldo Marechal, era una de nuestras novelas preferidas. Esa era la primera vez que me reun\u00eda con \u00e9l como Papa\u00bb.<\/p>\n\n\n\n<p>A su vez -en las redes sociales-, consider\u00f3 que Francisco<strong>\u00a0\u201cfue el rostro de una Iglesia m\u00e1s humana, con los pies en la tierra sin dejar de mirar el cielo\u201d<\/strong>. Y concluy\u00f3:\u00a0<strong>\u201cTe vamos a extra\u00f1ar Francisco, la tristeza que tenemos es infinita\u201d.<\/strong><\/p>\n\n\n\n<p class=\"has-text-align-center\"><em><strong><em><strong><em><strong><em><strong><a href=\"https:\/\/t.me\/esreviral\">\u00daNETE A NUESTRO CANAL DE TELEGRAM PARA ESTAR INFORMADO<\/a><\/strong><\/em><\/strong><\/em><\/strong><\/em><\/strong><\/em><\/p>\n\n\n\n<blockquote class=\"twitter-tweet\"><p lang=\"es\" dir=\"ltr\">La primera vez que estuve con Francisco en marzo del 2013 le dije que, como a Megaf\u00f3n, lo esperaban batallas celestiales. Se ri\u00f3 mucho y me dijo \u201cEs mi libro preferido, me encanta Marechal\u201d.<br><br>Coincidimos en que \u201cMegaf\u00f3n, o la guerra\u201d, emblem\u00e1tica literatura de Leopoldo Marechal,\u2026 <a href=\"https:\/\/t.co\/XUK5KP8csw\">pic.twitter.com\/XUK5KP8csw<\/a><\/p>&mdash; Cristina Kirchner (@CFKArgentina) <a href=\"https:\/\/twitter.com\/CFKArgentina\/status\/1914312146315321465?ref_src=twsrc%5Etfw\">April 21, 2025<\/a><\/blockquote> <script async src=\"https:\/\/platform.twitter.com\/widgets.js\" charset=\"utf-8\"><\/script>\n\n\n\n<p><\/p>\n\n\n\n<p>Uno de los primeros en manifestar su pesar tambi\u00e9n fue el<strong> presidente Javier Milei, <\/strong>quien despidi\u00f3 \u201ccon profundo dolor\u201d al Santo Padre. \u201cFalleci\u00f3 hoy y ya se encuentra descansando en paz. A pesar de diferencias que hoy resultan menores, haber podido conocerlo en su bondad y sabidur\u00eda fue un verdadero honor para m\u00ed\u201d, escribi\u00f3 el mandatario.<\/p>\n\n\n\n<p>\u201cComo Presidente, como argentino y, fundamentalmente, como un hombre de Fe, despido al Santo Padre y acompa\u00f1o a todos los que hoy nos encontramos con esta triste noticia\u201d, apunt\u00f3 Milei. Minutos antes, la Oficina del Presidente de la Rep\u00fablica Argentina emiti\u00f3 un comunicado en el que expresaron su pesar por el deceso del pont\u00edfice y enviaron sus condolencias a la familia Bergoglio. Tras la confirmaci\u00f3n de la noticia, anunciaron siete d\u00edas de duelo.<\/p>\n\n\n\n<blockquote class=\"twitter-tweet\"><p lang=\"es\" dir=\"ltr\">ADI\u00d3S <br>Con profundo dolor me entero esta triste ma\u00f1ana que el Papa Francisco, Jorge Bergoglio, falleci\u00f3 hoy y ya se encuentra descansando en paz. A pesar de diferencias que hoy resultan menores, haber podido conocerlo en su bondad y sabidur\u00eda fue un verdadero honor para m\u00ed.\u2026 <a href=\"https:\/\/t.co\/3dPPFoNWBr\">pic.twitter.com\/3dPPFoNWBr<\/a><\/p>&mdash; Javier Milei (@JMilei) <a href=\"https:\/\/twitter.com\/JMilei\/status\/1914254255512297895?ref_src=twsrc%5Etfw\">April 21, 2025<\/a><\/blockquote> <script async src=\"https:\/\/platform.twitter.com\/widgets.js\" charset=\"utf-8\"><\/script>\n\n\n\n<p><\/p>\n\n\n\n<p><strong><em>El ministro de Econom\u00eda, Luis \u201cToto\u201d Caputo, retuite\u00f3 el comunicado oficial y agreg\u00f3: \u201cQue en paz descanse\u201d.<\/em><\/strong><\/p>\n\n\n\n<p>El <strong>expresidente Mauricio Macri <\/strong>tambi\u00e9n se refiri\u00f3 al \u00faltimo encuentro que mantuvo con el Santo Padre en el Vaticano, al cual asisti\u00f3 junto a su esposa, Juliana Awada, y tres de sus hijas. \u201c<strong><em>Tengo la imagen de aquel d\u00eda, y tambi\u00e9n la de Francisco como un religioso de una talla sin igual, un pol\u00edtico severo y, especialmente, un pastor bueno. Su vida estuvo marcada por las ense\u00f1anzas que dio con la palabra, con su compromiso y sus gestos. \u00c9l mismo, con su trayectoria, es una ense\u00f1anza para todos. Fue un honor sin comparaci\u00f3n haberlo conocido<\/em><\/strong>\u201d, expres\u00f3.<\/p>\n\n\n\n<blockquote class=\"twitter-tweet\"><p lang=\"es\" dir=\"ltr\">Al \u00faltimo encuentro con el Papa Francisco me acompa\u00f1aron Juliana, Agustina, Valentina y Antonia, que en ese momento ten\u00eda 5 a\u00f1os. Cuando Antonia vio a Francisco, empez\u00f3 a hacerle preguntas sin parar. Francisco las contest\u00f3 todas: \u201c\u00bfCu\u00e1ntos a\u00f1os ten\u00e9s? \u00bfQu\u00e9 com\u00e9s a la noche? \u00bfVos\u2026 <a href=\"https:\/\/t.co\/e9llVqmCm3\">pic.twitter.com\/e9llVqmCm3<\/a><\/p>&mdash; Mauricio Macri (@mauriciomacri) <a href=\"https:\/\/twitter.com\/mauriciomacri\/status\/1914293981447418060?ref_src=twsrc%5Etfw\">April 21, 2025<\/a><\/blockquote> <script async src=\"https:\/\/platform.twitter.com\/widgets.js\" charset=\"utf-8\"><\/script>\n\n\n\n<p><\/p>\n\n\n\n<p>El jefe de Gobierno de la Ciudad de Buenos Aires, <strong>Jorge Macri,<\/strong> expres\u00f3 su \u201cprofundo dolor\u201d por la muerte del papa Francisco, a quien describi\u00f3 como \u201cun porte\u00f1o que trascendi\u00f3 fronteras y llev\u00f3 su mensaje de paz, justicia y humildad al mundo entero\u201d. \u201cEs un momento de infinita tristeza para la comunidad cat\u00f3lica en particular, pero para toda la humanidad en general\u201d, subray\u00f3.<\/p>\n\n\n\n<blockquote class=\"twitter-tweet\"><p lang=\"es\" dir=\"ltr\">Profundo dolor por el fallecimiento del Papa Francisco. Un porte\u00f1o que trascendi\u00f3 fronteras y llev\u00f3 su mensaje de paz, justicia y humildad al mundo entero. Su legado nos seguir\u00e1 iluminando a muchos. Es un momento de infinita tristeza para la comunidad cat\u00f3lica en particular, pero\u2026<\/p>&mdash; Jorge Macri (@jorgemacri) <a href=\"https:\/\/twitter.com\/jorgemacri\/status\/1914263195860021296?ref_src=twsrc%5Etfw\">April 21, 2025<\/a><\/blockquote> <script async src=\"https:\/\/platform.twitter.com\/widgets.js\" charset=\"utf-8\"><\/script>\n\n\n\n<p>El gobernador de la provincia de Buenos Aires,&nbsp;<strong>Axel Kicillof<\/strong>, consider\u00f3 que este lunes es un d\u00eda \u201ctrist\u00edsimo\u201d como consecuencia de la muerte del papa Francisco, a quien elogi\u00f3 por convertirse en \u201creferencia de los que luchan por la justicia social en todo el planeta\u201d. Y en esa misma l\u00ednea, se\u00f1al\u00f3: \u201cMientras muchos exaltan el ego\u00edsmo, el Papa predic\u00f3 siempre por una econom\u00eda al servicio de los que m\u00e1s necesitan\u201d.<\/p>\n\n\n\n<p>\u201c<strong>La partida de Francisco deja un vac\u00edo enorme, pero su mensaje a favor de la paz queda en los corazones de millones de cristianos y no cristianos<\/strong>\u201d, concluy\u00f3 su mensaje el mandatario provincial.<\/p>\n\n\n\n<figure class=\"wp-block-image size-large\"><img decoding=\"async\" src=\"https:\/\/www.infobae.com\/resizer\/v2\/VJNFCJWUQFEA7H7CXIJNATTBIM.jpg?auth=540c6504197b062930ddc1b1d983e6ae1eda9c976cb6972418e8a8b140dd7a97&amp;smart=true&amp;width=992&amp;height=558&amp;quality=85\" alt=\"\"\/><\/figure>\n\n\n\n<p><\/p>\n\n\n\n<p>Los mensajes de despedida tambi\u00e9n llegaron desde el Congreso.<strong> Cristian Ritondo, <\/strong>diputado nacional del PRO, escribi\u00f3: \u201cQu\u00e9 tristeza tan grande. Se fue el Papa Francisco. Cercano, valiente, humano y argentino. Nos ense\u00f1\u00f3 que la fe se vive con gestos, no con discursos. <em>Laudato Si\u2019<\/em> y <em>Fratelli Tutti<\/em> quedan como s\u00edmbolo de amor, justicia y fraternidad. Hasta siempre\u201d.<\/p>\n\n\n\n<figure class=\"wp-block-image size-large\"><img decoding=\"async\" src=\"https:\/\/www.infobae.com\/resizer\/v2\/C2AQAIOFSRCIJNCQCMF67YUZRI.jpg?auth=0008ba8f56929c61af88526d51487efc505e88e5df3e6d0d3d9060364e86cda9&amp;smart=true&amp;width=992&amp;height=441&amp;quality=85\" alt=\"\"\/><\/figure>\n\n\n\n<p><strong>Maximiliano Abad<\/strong>, senador nacional de la UCR, asegur\u00f3 que la noticia \u201cconmueve profundamente\u201d. \u201cSe va un l\u00edder espiritual y pol\u00edtico que marc\u00f3 una \u00e9poca no solo para los cat\u00f3licos, sino para el mundo entero. Como argentino, siento un orgullo inmenso por lo que Jorge Bergoglio represent\u00f3: un Papa cercano, humano, valiente, comprometido con los m\u00e1s humildes y con una mirada l\u00facida sobre los grandes desaf\u00edos del siglo XXI\u201d, expres\u00f3.<\/p>\n\n\n\n<figure class=\"wp-block-image size-large is-resized\"><img decoding=\"async\" src=\"https:\/\/www.infobae.com\/resizer\/v2\/OAHZ4IQ5ZZCMZHHHGFE4L4NPIY.jpg?auth=fa163d487f59c99e45d80091d3850b7a51cdac68d6e107607fb3c7863348106c&amp;smart=true&amp;width=992&amp;height=992&amp;quality=85\" alt=\"\" style=\"width:1074px;height:auto\"\/><\/figure>\n\n\n\n<p><\/p>\n\n\n\n<p>\u201cDesde su llegada al Vaticano, nos dio un testimonio de coherencia, humildad y firmeza. Nunca se apart\u00f3 de su opci\u00f3n preferencial por los pobres ni dej\u00f3 de alzar la voz frente a las injusticias. Nos ense\u00f1\u00f3 que la fe y el compromiso con el pr\u00f3jimo van de la mano\u201d, a\u00f1adi\u00f3 el presidente de la UCR bonaerense. \u201cHoy despedimos al Papa Francisco con dolor, pero tambi\u00e9n con agradecimiento. Que descanse en paz, Santo Padre. Su ejemplo nos seguir\u00e1 guiando\u201d.<\/p>\n\n\n\n<p>El gobernador de Mendoza,<strong> Alfredo Cornejo, <\/strong>tambi\u00e9n se sum\u00f3 a las condolencias y destac\u00f3 que Francisco \u201ctuvo un papel relevante en la historia reciente de Argentina y el mundo\u201d, y que su figura \u201cdej\u00f3 una marca en distintos \u00e1mbitos y generaciones\u201d.<\/p>\n\n\n\n<figure class=\"wp-block-image size-large\"><img decoding=\"async\" src=\"https:\/\/www.infobae.com\/resizer\/v2\/V7PGXWM2KZAZDPIRHZWH6CWH3I.jpg?auth=f8d4ec6953ececb7a032ec1187dec9b0af8845634c80c353f4048e666d0526df&amp;smart=true&amp;width=992&amp;height=441&amp;quality=85\" alt=\"\"\/><\/figure>\n\n\n\n<p><\/p>\n\n\n\n<p>Desde la misma provincia, el diputado nacional <strong>Julio Cobos,<\/strong> quien tuvo encuentros con el pont\u00edfice, se\u00f1al\u00f3: \u201cLamento profundamente el fallecimiento de su Santidad, Francisco, una excelente persona que tuve la oportunidad de conocer antes de su nombramiento y de visitar en el Vaticano. Un hombre sencillo, afable y con un profundo y sincero amor por la humanidad. Que descanse en paz\u201d.<\/p>\n\n\n\n<figure class=\"wp-block-image size-large\"><img decoding=\"async\" src=\"https:\/\/www.infobae.com\/resizer\/v2\/4BXLFMPOMZCOBJZMKMVSHZ7MOU.jpg?auth=2dbc88e3d634278180bc951d54130ecd1f67f4b6169bd9c6e1f6bfa2f022f31f&amp;smart=true&amp;width=992&amp;height=992&amp;quality=85\" alt=\"\"\/><\/figure>\n\n\n\n<p>Por su parte, Scholas Ocurrentes, organizaci\u00f3n internacional de Derecho Pontificio fundada por el propio papa Francisco en 2013, tambi\u00e9n lo despidi\u00f3 con un emotivo comunicado:<\/p>\n\n\n\n<p>\u201cNos conmueve entra\u00f1ablemente su muerte, acompa\u00f1amos a la comunidad cat\u00f3lica y a todos aquellos que, cualquiera fuese su convicci\u00f3n, encontraron en Francisco a un referente de humanidad y entrega. Su ejemplo de vida con prop\u00f3sito en el amor por los dem\u00e1s es la huella indeleble que dejar\u00e1 no solo su Papado, sino en todo su paso por este mundo\u201d.<\/p>\n\n\n\n<p>\u201cScholas es fruto de ese prop\u00f3sito. En su amor por los j\u00f3venes, el arzobispo Bergoglio nos inspir\u00f3 a crear este espacio seguro para que se encuentren a s\u00ed mismos. De su mano y por m\u00e1s de 13 a\u00f1os, Scholas ha difundido y construido la cultura del encuentro y el sentido, la receta del Papa para un mundo m\u00e1s humano. Hoy m\u00e1s que nunca, el mundo necesita del sentido, del encuentro y de Francisco. Nos entristece su partida, pero nos fortalece su ejemplo\u201d, concluye el texto.<\/p>\n\n\n\n<p class=\"has-text-align-center\"><strong><a href=\"https:\/\/chat.whatsapp.com\/KWkTmakY3I05kNdd2oZl6d\"><em>\u00daNETE A NUESTRO GRUPO DE WHATSAPP PARA ESTAR INFORMADO<\/em><\/a><\/strong><\/p>\n\n\n\n<p><\/p>\n","protected":false},"excerpt":{"rendered":"<p>La expresidente de la Naci\u00f3n record\u00f3 la primera reuni\u00f3n que mantuvo con el sumo pont\u00edfice, en 2013.<\/p>\n","protected":false},"author":3,"featured_media":72224,"comment_status":"closed","ping_status":"closed","sticky":false,"template":"","format":"standard","meta":{"jnews-multi-image_gallery":[],"jnews_single_post":{"format":"standard"},"jnews_primary_category":[],"jnews_social_meta":[],"jnews_review":[],"enable_review":"","type":"","name":"","summary":"","brand":"","sku":"","good":[],"bad":[],"score_override":"","override_value":"","rating":[],"price":[],"jnews_override_counter":[],"jnews_post_split":[],"footnotes":""},"categories":[58,88,59],"tags":[28818,155,2268,1158,5812,1327,12896,28808,45,28817],"class_list":["post-72223","post","type-post","status-publish","format-standard","has-post-thumbnail","hentry","category-argentina","category-internacionales","category-politica","tag-cristian-ritondo","tag-cristina-fernandez-de-kirchner","tag-cristina-kirchner","tag-javier-milei","tag-jorge-bergoglio","tag-jorge-macri","tag-luis-caputo","tag-murio-el-papa-francisco","tag-noticias","tag-scholas-ocurrentes"],"amp_enabled":true,"_links":{"self":[{"href":"https:\/\/esreviral.com\/index.php?rest_route=\/wp\/v2\/posts\/72223"}],"collection":[{"href":"https:\/\/esreviral.com\/index.php?rest_route=\/wp\/v2\/posts"}],"about":[{"href":"https:\/\/esreviral.com\/index.php?rest_route=\/wp\/v2\/types\/post"}],"author":[{"embeddable":true,"href":"https:\/\/esreviral.com\/index.php?rest_route=\/wp\/v2\/users\/3"}],"replies":[{"embeddable":true,"href":"https:\/\/esreviral.com\/index.php?rest_route=%2Fwp%2Fv2%2Fcomments&post=72223"}],"version-history":[{"count":1,"href":"https:\/\/esreviral.com\/index.php?rest_route=\/wp\/v2\/posts\/72223\/revisions"}],"predecessor-version":[{"id":72225,"href":"https:\/\/esreviral.com\/index.php?rest_route=\/wp\/v2\/posts\/72223\/revisions\/72225"}],"wp:featuredmedia":[{"embeddable":true,"href":"https:\/\/esreviral.com\/index.php?rest_route=\/wp\/v2\/media\/72224"}],"wp:attachment":[{"href":"https:\/\/esreviral.com\/index.php?rest_route=%2Fwp%2Fv2%2Fmedia&parent=72223"}],"wp:term":[{"taxonomy":"category","embeddable":true,"href":"https:\/\/esreviral.com\/index.php?rest_route=%2Fwp%2Fv2%2Fcategories&post=72223"},{"taxonomy":"post_tag","embeddable":true,"href":"https:\/\/esreviral.com\/index.php?rest_route=%2Fwp%2Fv2%2Ftags&post=72223"}],"curies":[{"name":"wp","href":"https:\/\/api.w.org\/{rel}","templated":true}]}}