{"id":72186,"date":"2025-04-21T06:33:53","date_gmt":"2025-04-21T11:33:53","guid":{"rendered":"https:\/\/esreviral.com\/?p=72186"},"modified":"2025-04-21T07:12:22","modified_gmt":"2025-04-21T12:12:22","slug":"el-gobierno-argentino-decreto-siete-dias-de-duelo-nacional-por-la-muerte-de-francisco","status":"publish","type":"post","link":"https:\/\/esreviral.com\/?p=72186","title":{"rendered":"El Gobierno Argentino decret\u00f3 siete d\u00edas de duelo nacional por la muerte de Francisco"},"content":{"rendered":"\n<p><strong><em>KQA.-<\/em><\/strong> <strong>Manuel Adorni<\/strong>, vocero presidencial, anunci\u00f3 por redes sociales que el gobierno nacional, a trav\u00e9s del Presidente de la Naci\u00f3n,&nbsp;<strong>Javier Milei<\/strong>, decidi\u00f3&nbsp;<strong>decretar siete d\u00edas de duelo por&nbsp;la muerte del papa Francisco<\/strong>.<\/p>\n\n\n\n<p>\u201cFalleci\u00f3 el Papa Francisco, Jorge Bergoglio.<strong>&nbsp;L\u00edder espiritual y gu\u00eda de millones de hombres y mujeres<\/strong>. El Presidente de la Naci\u00f3n decretar\u00e1 siete d\u00edas de duelo por el fallecimiento del Santo Padre. Q.E.P.D.\u201c, anunci\u00f3 Adorni desde su perfil en X (ex Twitter).<\/p>\n\n\n\n<p class=\"has-text-align-center\"><strong><em><strong><em><strong><em><strong><em><strong><a href=\"https:\/\/t.me\/esreviral\">\u00daNETE A NUESTRO CANAL DE TELEGRAM PARA ESTAR INFORMADO<\/a><\/strong><\/em><\/strong><\/em><\/strong><\/em><\/strong><\/em><\/strong><\/p>\n\n\n\n<p class=\"has-text-align-center\"><strong><em><mark style=\"background-color:rgba(0, 0, 0, 0)\" class=\"has-inline-color has-vivid-red-color\"><a href=\"https:\/\/esreviral.com\/?p=72201\" data-type=\"link\" data-id=\"https:\/\/esreviral.com\/?p=72201\">Lea Tambi\u00e9n: As\u00ed fue la \u00faltima aparici\u00f3n p\u00fablica del papa Francisco en la misa de Pascuas<\/a><\/mark><\/em><\/strong><\/p>\n\n\n\n<blockquote class=\"twitter-tweet\"><p lang=\"es\" dir=\"ltr\">Falleci\u00f3 el Papa Francisco, Jorge Bergoglio. L\u00edder espiritual y gu\u00eda de millones de hombres y mujeres.<br><br>El Presidente de la Naci\u00f3n decretar\u00e1 siete d\u00edas de duelo por el fallecimiento del Santo Padre.<br><br>Q.E.P.D.<\/p>&mdash; Manuel Adorni (@madorni) <a href=\"https:\/\/twitter.com\/madorni\/status\/1914261292610711625?ref_src=twsrc%5Etfw\">April 21, 2025<\/a><\/blockquote> <script async src=\"https:\/\/platform.twitter.com\/widgets.js\" charset=\"utf-8\"><\/script>\n\n\n\n<p><\/p>\n\n\n\n<p>Minutos m\u00e1s tarde, la Oficina del Presidente emiti\u00f3 un comunicado oficial en el que <strong>lament\u00f3 profundamente la muerte del primer papa argentino de la historia, quien asumi\u00f3 el liderazgo de la Iglesia Cat\u00f3lica en 2013.<\/strong><\/p>\n\n\n\n<p>\u00ab<strong><em>La Rep\u00fablica Argentina, un pa\u00eds de larga tradici\u00f3n cat\u00f3lica y tierra del Papa Francisco, lamenta profundamente la partida de Su Santidad y le env\u00eda sus condolencias a la familia Bergoglio<\/em><\/strong>\u00ab, se\u00f1ala el texto. Adem\u00e1s, el presidente Milei expres\u00f3 su acompa\u00f1amiento a quienes profesan la fe cat\u00f3lica y encontraron en Francisco a un l\u00edder espiritual.<\/p>\n\n\n\n<p>El jefe de Estado tambi\u00e9n destac\u00f3 la labor pastoral del pont\u00edfice, su defensa de la vida desde la concepci\u00f3n, su impulso al di\u00e1logo interreligioso y su cercan\u00eda con la juventud. Asimismo, valor\u00f3 la voluntad del papa Francisco de llevar austeridad a la Santa Sede.<\/p>\n\n\n\n<p>El comunicado cierra con una despedida lit\u00fargica tradicional: <em>\u201cRequiem aeternam dona ei Domine. Et lux perpetua luceat ei. Requiescat in pace.\u201d<\/em><\/p>\n\n\n\n<blockquote class=\"twitter-tweet\"><p lang=\"zxx\" dir=\"ltr\"><a href=\"https:\/\/t.co\/l2MMiKtIjI\">pic.twitter.com\/l2MMiKtIjI<\/a><\/p>&mdash; Oficina del Presidente (@OPRArgentina) <a href=\"https:\/\/twitter.com\/OPRArgentina\/status\/1914251491952513485?ref_src=twsrc%5Etfw\">April 21, 2025<\/a><\/blockquote> <script async src=\"https:\/\/platform.twitter.com\/widgets.js\" charset=\"utf-8\"><\/script>\n\n\n\n<p><\/p>\n\n\n\n<p class=\"has-text-align-center\"><strong><a href=\"https:\/\/chat.whatsapp.com\/KWkTmakY3I05kNdd2oZl6d\"><em>\u00daNETE A NUESTRO GRUPO DE WHATSAPP PARA ESTAR INFORMADO<\/em><\/a><\/strong><\/p>\n\n\n\n<p class=\"has-text-align-center\"><strong><em><mark style=\"background-color:rgba(0, 0, 0, 0)\" class=\"has-inline-color has-vivid-red-color\"><a href=\"https:\/\/esreviral.com\/?p=69220\" data-type=\"link\" data-id=\"https:\/\/esreviral.com\/?p=69220\">Lea Tambi\u00e9n: \u00bfC\u00f3mo se elige un Papa? Todo lo que necesitas saber sobre este proceso<\/a><\/mark><\/em><\/strong><\/p>\n","protected":false},"excerpt":{"rendered":"<p>El vocero presidencial, Manuel Adorni, anunci\u00f3 la medida que tom\u00f3 el presidente Javier Milei<\/p>\n","protected":false},"author":3,"featured_media":72197,"comment_status":"closed","ping_status":"closed","sticky":false,"template":"","format":"standard","meta":{"jnews-multi-image_gallery":[],"jnews_single_post":{"format":"standard"},"jnews_primary_category":[],"jnews_social_meta":[],"jnews_review":[],"enable_review":"","type":"","name":"","summary":"","brand":"","sku":"","good":[],"bad":[],"score_override":"","override_value":"","rating":[],"price":[],"jnews_override_counter":[],"jnews_post_split":[],"footnotes":""},"categories":[58,59],"tags":[28800,28801,6376,5812,28799,28798,128,129],"class_list":["post-72186","post","type-post","status-publish","format-standard","has-post-thumbnail","hentry","category-argentina","category-politica","tag-fallecio-el-papa-francisco","tag-anuncio-adorni-desde-su-perfil-en-x-ex-twitter","tag-duelo-nacional","tag-jorge-bergoglio","tag-jorge-bergoglio-lider-espiritual-y-guia-de-millones-de-hombres-y-mujeres-el-presidente-de-la-nacion-decretara-siete-dias-de-duelo-por-el-fallecimiento-del-santo-padre-q-e-p-d","tag-muerte-de-francisco","tag-papa-francisco","tag-vaticano"],"amp_enabled":true,"_links":{"self":[{"href":"https:\/\/esreviral.com\/index.php?rest_route=\/wp\/v2\/posts\/72186"}],"collection":[{"href":"https:\/\/esreviral.com\/index.php?rest_route=\/wp\/v2\/posts"}],"about":[{"href":"https:\/\/esreviral.com\/index.php?rest_route=\/wp\/v2\/types\/post"}],"author":[{"embeddable":true,"href":"https:\/\/esreviral.com\/index.php?rest_route=\/wp\/v2\/users\/3"}],"replies":[{"embeddable":true,"href":"https:\/\/esreviral.com\/index.php?rest_route=%2Fwp%2Fv2%2Fcomments&post=72186"}],"version-history":[{"count":3,"href":"https:\/\/esreviral.com\/index.php?rest_route=\/wp\/v2\/posts\/72186\/revisions"}],"predecessor-version":[{"id":72205,"href":"https:\/\/esreviral.com\/index.php?rest_route=\/wp\/v2\/posts\/72186\/revisions\/72205"}],"wp:featuredmedia":[{"embeddable":true,"href":"https:\/\/esreviral.com\/index.php?rest_route=\/wp\/v2\/media\/72197"}],"wp:attachment":[{"href":"https:\/\/esreviral.com\/index.php?rest_route=%2Fwp%2Fv2%2Fmedia&parent=72186"}],"wp:term":[{"taxonomy":"category","embeddable":true,"href":"https:\/\/esreviral.com\/index.php?rest_route=%2Fwp%2Fv2%2Fcategories&post=72186"},{"taxonomy":"post_tag","embeddable":true,"href":"https:\/\/esreviral.com\/index.php?rest_route=%2Fwp%2Fv2%2Ftags&post=72186"}],"curies":[{"name":"wp","href":"https:\/\/api.w.org\/{rel}","templated":true}]}}