{"id":72077,"date":"2025-04-16T10:36:17","date_gmt":"2025-04-16T15:36:17","guid":{"rendered":"https:\/\/esreviral.com\/?p=72077"},"modified":"2025-04-16T10:36:18","modified_gmt":"2025-04-16T15:36:18","slug":"migrantes-venezolanos-lideraron-las-solicitudes-de-asilo-en-la-union-europea-por-primera-vez","status":"publish","type":"post","link":"https:\/\/esreviral.com\/?p=72077","title":{"rendered":"Migrantes venezolanos lideraron las solicitudes de asilo en la Uni\u00f3n Europea por primera vez"},"content":{"rendered":"\n<p>En enero de 2025, los <strong>ciudadanos venezolanos<\/strong> se convirtieron, por primera vez, en el grupo m\u00e1s numeroso de solicitantes de asilo en la Uni\u00f3n Europea, con un total de <strong>8.325 peticiones<\/strong>, seg\u00fan datos publicados por <strong>Eurostat<\/strong>, la oficina de estad\u00edstica del bloque comunitario. De esta forma, <strong>desplazaron a los sirios<\/strong>, quienes hab\u00edan encabezado la lista desde mayo de 2022. Los nacionales de Siria pasaron al segundo lugar con <strong>7.055 solicitudes<\/strong>, seguidos por los afganos, que ocuparon la tercera posici\u00f3n con <strong>5.635 peticiones<\/strong>.<\/p>\n\n\n\n<p class=\"has-text-align-center\"><strong><em><strong><em><strong><em><strong><em><strong><a href=\"https:\/\/t.me\/esreviral\">\u00daNETE A NUESTRO CANAL DE TELEGRAM PARA ESTAR INFORMADO<\/a><\/strong><\/em><\/strong><\/em><\/strong><\/em><\/strong><\/em><\/strong><\/p>\n\n\n\n<p>En total, la UE recibi\u00f3 en enero <strong>66.800 solicitudes de asilo por primera vez<\/strong>, lo que representa un <strong>aumento del 8 %<\/strong> respecto a diciembre de 2024, aunque supone una <strong>disminuci\u00f3n del 24 %<\/strong> en comparaci\u00f3n con enero del a\u00f1o pasado. A estas cifras se suman m\u00e1s de <strong>8.000 solicitudes posteriores<\/strong>, lo que implica un <strong>incremento del 23 %<\/strong> mensual y un <strong>9 % m\u00e1s<\/strong> en relaci\u00f3n con enero de 2024.<\/p>\n\n\n\n<p><strong>Alemania<\/strong> encabez\u00f3 la lista de pa\u00edses receptores con <strong>14.920 solicitudes<\/strong>, seguida por <strong>Espa\u00f1a<\/strong> (13.225), <strong>Francia<\/strong> (11.895), <strong>Italia<\/strong> (10.905) y <strong>Grecia<\/strong> (5.200). Estos cinco pa\u00edses concentraron el <strong>84 %<\/strong> del total de solicitudes iniciales presentadas en la UE.<\/p>\n\n\n\n<p>En cuanto a la tasa de solicitantes por cada 100.000 habitantes, <strong>Grecia<\/strong> lider\u00f3 con <strong>50<\/strong>, seguida por <strong>Luxemburgo<\/strong> (27,7) y <strong>Espa\u00f1a<\/strong> (27,2), todas por encima del promedio comunitario de <strong>14,9<\/strong>.<\/p>\n\n\n\n<p>El informe tambi\u00e9n resalt\u00f3 que en enero se registraron <strong>2.145 solicitudes de asilo por parte de menores no acompa\u00f1ados<\/strong>, principalmente provenientes de <strong>Egipto, Siria y Afganist\u00e1n<\/strong>. Los pa\u00edses que m\u00e1s menores recibieron fueron <strong>Alemania (620)<\/strong>, <strong>Grecia (460)<\/strong> y <strong>Espa\u00f1a (355)<\/strong>.<\/p>\n\n\n\n<p class=\"has-text-align-center\"><strong><a href=\"https:\/\/chat.whatsapp.com\/KWkTmakY3I05kNdd2oZl6d\"><em>\u00daNETE A NUESTRO GRUPO DE WHATSAPP PARA ESTAR INFORMADO<\/em><\/a><\/strong><\/p>\n","protected":false},"excerpt":{"rendered":"<p>Los pa\u00edses que acumularon la mayor cantidad de peticiones por primera vez en enero fueron Alemania, Espa\u00f1a, Francia, Italia y Grecia. En total, estas cinco naciones concentraron el 84 % del total de los casos registrados en el territorio del bloque<\/p>\n","protected":false},"author":3,"featured_media":72078,"comment_status":"closed","ping_status":"closed","sticky":false,"template":"","format":"standard","meta":{"jnews-multi-image_gallery":[],"jnews_single_post":{"format":"standard"},"jnews_primary_category":[],"jnews_social_meta":[],"jnews_review":[],"enable_review":"","type":"","name":"","summary":"","brand":"","sku":"","good":[],"bad":[],"score_override":"","override_value":"","rating":[],"price":[],"jnews_override_counter":[],"jnews_post_split":[],"footnotes":""},"categories":[54,88],"tags":[7360,2052,45,15798,1587],"class_list":["post-72077","post","type-post","status-publish","format-standard","has-post-thumbnail","hentry","category-inmigracion","category-internacionales","tag-asilo","tag-migrantes-venezolanos","tag-noticias","tag-solicitudes-de-asilo","tag-union-europea"],"amp_enabled":true,"_links":{"self":[{"href":"https:\/\/esreviral.com\/index.php?rest_route=\/wp\/v2\/posts\/72077"}],"collection":[{"href":"https:\/\/esreviral.com\/index.php?rest_route=\/wp\/v2\/posts"}],"about":[{"href":"https:\/\/esreviral.com\/index.php?rest_route=\/wp\/v2\/types\/post"}],"author":[{"embeddable":true,"href":"https:\/\/esreviral.com\/index.php?rest_route=\/wp\/v2\/users\/3"}],"replies":[{"embeddable":true,"href":"https:\/\/esreviral.com\/index.php?rest_route=%2Fwp%2Fv2%2Fcomments&post=72077"}],"version-history":[{"count":1,"href":"https:\/\/esreviral.com\/index.php?rest_route=\/wp\/v2\/posts\/72077\/revisions"}],"predecessor-version":[{"id":72079,"href":"https:\/\/esreviral.com\/index.php?rest_route=\/wp\/v2\/posts\/72077\/revisions\/72079"}],"wp:featuredmedia":[{"embeddable":true,"href":"https:\/\/esreviral.com\/index.php?rest_route=\/wp\/v2\/media\/72078"}],"wp:attachment":[{"href":"https:\/\/esreviral.com\/index.php?rest_route=%2Fwp%2Fv2%2Fmedia&parent=72077"}],"wp:term":[{"taxonomy":"category","embeddable":true,"href":"https:\/\/esreviral.com\/index.php?rest_route=%2Fwp%2Fv2%2Fcategories&post=72077"},{"taxonomy":"post_tag","embeddable":true,"href":"https:\/\/esreviral.com\/index.php?rest_route=%2Fwp%2Fv2%2Ftags&post=72077"}],"curies":[{"name":"wp","href":"https:\/\/api.w.org\/{rel}","templated":true}]}}