{"id":72065,"date":"2025-04-16T09:38:53","date_gmt":"2025-04-16T14:38:53","guid":{"rendered":"https:\/\/esreviral.com\/?p=72065"},"modified":"2025-04-16T09:38:54","modified_gmt":"2025-04-16T14:38:54","slug":"javier-milei-fue-elegido-otra-vez-por-la-revista-time-entre-las-100-personas-mas-influyentes-del-mundo","status":"publish","type":"post","link":"https:\/\/esreviral.com\/?p=72065","title":{"rendered":"Javier Milei fue elegido otra vez por la revista Time entre las 100 personas m\u00e1s influyentes del mundo"},"content":{"rendered":"\n<p><strong>El presidente argentino Javier Milei figura en la lista de las 100 personas m\u00e1s influyentes del mundo elaborada por la prestigiosa revista <em>Time<\/em><\/strong>. Fue incluido en la categor\u00eda de \u00ab<strong><em>l\u00edderes mundiales<\/em><\/strong>\u00ab, junto a figuras como<strong> Donald Trump y Claudia Sheinbaum, presidentes de Estados Unidos y M\u00e9xico, respectivamente, y el primer ministro brit\u00e1nico Keir Starmer.<\/strong><\/p>\n\n\n\n<p>El listado tambi\u00e9n destaca a personalidades como <strong>Elon Musk, Mark Zuckerberg, el cantante Ed Sheeran y la actriz Scarlett Johansson<\/strong>. Entre los nombres sobresalientes se encuentran adem\u00e1s la cient\u00edfica argentina Sandra D\u00edaz, reconocida por sus investigaciones sobre biodiversidad, y la activista francesa Gis\u00e8le Pelicot, quien denunci\u00f3 p\u00fablicamente a su exmarido por violaciones reiteradas, en un caso que tuvo impacto internacional.<\/p>\n\n\n\n<p class=\"has-text-align-center\"><strong><em><strong><em><strong><em><strong><em><strong><a href=\"https:\/\/t.me\/esreviral\">\u00daNETE A NUESTRO CANAL DE TELEGRAM PARA ESTAR INFORMADO<\/a><\/strong><\/em><\/strong><\/em><\/strong><\/em><\/strong><\/em><\/strong><\/p>\n\n\n\n<blockquote class=\"twitter-tweet\"><p lang=\"es\" dir=\"ltr\">FEN\u00d3MENO BARRIAL <br>DOLOR EN MANDRILANDIA<br>\u00bfQu\u00e9 dir\u00e1n los imb\u00e9ciles que ponen a las formas por sobre el contenido?<br>\u00bfD\u00e9ficit de IQ, pereza o sobre?<br><br>Javier Milei fue elegido por la revista Time entre las 100 personalidades m\u00e1s influyentes del mundo &#8211; Infobae <a href=\"https:\/\/t.co\/wMqh2MKuvQ\">https:\/\/t.co\/wMqh2MKuvQ<\/a><\/p>&mdash; Javier Milei (@JMilei) <a href=\"https:\/\/twitter.com\/JMilei\/status\/1912511709597548765?ref_src=twsrc%5Etfw\">April 16, 2025<\/a><\/blockquote> <script async src=\"https:\/\/platform.twitter.com\/widgets.js\" charset=\"utf-8\"><\/script>\n\n\n\n<p><\/p>\n\n\n\n<p>La elecci\u00f3n de Milei fue respaldada por un art\u00edculo del editor Ian Bremmer, quien justific\u00f3 su inclusi\u00f3n con estas palabras:<br>\u201cEn 2023, el candidato Milei se present\u00f3 como el rayo de luz antiestablishment que Argentina necesitaba para controlar la inflaci\u00f3n cr\u00f3nica y la disfunci\u00f3n del gobierno. Veinte meses despu\u00e9s, los esc\u00e9pticos \u2014yo incluido\u2014 est\u00e1n en retirada\u201d.<\/p>\n\n\n\n<p>Bremmer tambi\u00e9n afirm\u00f3: \u201cDesde que Milei lleg\u00f3 a la Casa Rosada, los votantes han castigado a los partidos gobernantes en pa\u00edses como India, Sud\u00e1frica, Francia, Gran Breta\u00f1a, Jap\u00f3n, Alemania y Estados Unidos, en parte por el aumento de precios. Milei es el l\u00edder del G20 que ha asumido los mayores riesgos para encauzar a su pa\u00eds&#8230; y est\u00e1n dando frutos. La inflaci\u00f3n anual en Argentina cay\u00f3 del 289% en abril de 2024 al 66,9% en febrero de 2025\u201d.<\/p>\n\n\n\n<p>En cuanto a la pobreza, agreg\u00f3: \u201cSus cr\u00edticos sostienen que est\u00e1 controlando la inflaci\u00f3n con pol\u00edticas de austeridad que afectan a los sectores m\u00e1s vulnerables. Sin embargo, tambi\u00e9n se equivocaron: la tasa de pobreza baj\u00f3 del 52,9% en el primer semestre de 2024 al 38,1% en el segundo\u201d.<\/p>\n\n\n\n<p>El texto concluye con una reflexi\u00f3n sobre el sistema pol\u00edtico argentino: <strong><em>\u201cLleva d\u00e9cadas deteriorado. Result\u00f3 que necesitaban a alguien que realmente lo arreglara\u201d.<\/em><\/strong><\/p>\n\n\n\n<p class=\"has-text-align-center\"><strong><a href=\"https:\/\/chat.whatsapp.com\/KWkTmakY3I05kNdd2oZl6d\"><em>\u00daNETE A NUESTRO GRUPO DE WHATSAPP PARA ESTAR INFORMADO<\/em><\/a><\/strong><\/p>\n\n\n\n<p class=\"has-text-align-center\"><strong><em><mark style=\"background-color:rgba(0, 0, 0, 0)\" class=\"has-inline-color has-vivid-red-color\"><a href=\"https:\/\/esreviral.com\/?p=72056\" data-type=\"link\" data-id=\"https:\/\/esreviral.com\/?p=72056\">Lea Tambi\u00e9n: Mar\u00eda Corina machado fue incluida entre las 100 personas m\u00e1s influyentes<\/a><\/mark><\/em><\/strong><\/p>\n","protected":false},"excerpt":{"rendered":"<p>El presidente argentino integra la secci\u00f3n \u201cl\u00edderes mundiales\u201d, junto a Donald Trump, Claudia Sheinbaum y Keir Starmer. El listado, adem\u00e1s, lo integran Elon Musk, Mark Zuckerberg, Ed Sheeran y Gis\u00e8le Pelicot<\/p>\n","protected":false},"author":3,"featured_media":72066,"comment_status":"closed","ping_status":"closed","sticky":false,"template":"","format":"standard","meta":{"jnews-multi-image_gallery":[],"jnews_single_post":{"format":"standard"},"jnews_primary_category":[],"jnews_social_meta":[],"jnews_review":[],"enable_review":"","type":"","name":"","summary":"","brand":"","sku":"","good":[],"bad":[],"score_override":"","override_value":"","rating":[],"price":[],"jnews_override_counter":[],"jnews_post_split":[],"footnotes":""},"categories":[58,88,59],"tags":[44,1158,4087,45,14694,13537,4059],"class_list":["post-72065","post","type-post","status-publish","format-standard","has-post-thumbnail","hentry","category-argentina","category-internacionales","category-politica","tag-argentina","tag-javier-milei","tag-lideres-mundiales","tag-noticias","tag-personas-mas-influyentes","tag-presidente-argentino","tag-revista-time"],"amp_enabled":true,"_links":{"self":[{"href":"https:\/\/esreviral.com\/index.php?rest_route=\/wp\/v2\/posts\/72065"}],"collection":[{"href":"https:\/\/esreviral.com\/index.php?rest_route=\/wp\/v2\/posts"}],"about":[{"href":"https:\/\/esreviral.com\/index.php?rest_route=\/wp\/v2\/types\/post"}],"author":[{"embeddable":true,"href":"https:\/\/esreviral.com\/index.php?rest_route=\/wp\/v2\/users\/3"}],"replies":[{"embeddable":true,"href":"https:\/\/esreviral.com\/index.php?rest_route=%2Fwp%2Fv2%2Fcomments&post=72065"}],"version-history":[{"count":1,"href":"https:\/\/esreviral.com\/index.php?rest_route=\/wp\/v2\/posts\/72065\/revisions"}],"predecessor-version":[{"id":72067,"href":"https:\/\/esreviral.com\/index.php?rest_route=\/wp\/v2\/posts\/72065\/revisions\/72067"}],"wp:featuredmedia":[{"embeddable":true,"href":"https:\/\/esreviral.com\/index.php?rest_route=\/wp\/v2\/media\/72066"}],"wp:attachment":[{"href":"https:\/\/esreviral.com\/index.php?rest_route=%2Fwp%2Fv2%2Fmedia&parent=72065"}],"wp:term":[{"taxonomy":"category","embeddable":true,"href":"https:\/\/esreviral.com\/index.php?rest_route=%2Fwp%2Fv2%2Fcategories&post=72065"},{"taxonomy":"post_tag","embeddable":true,"href":"https:\/\/esreviral.com\/index.php?rest_route=%2Fwp%2Fv2%2Ftags&post=72065"}],"curies":[{"name":"wp","href":"https:\/\/api.w.org\/{rel}","templated":true}]}}