{"id":71798,"date":"2025-04-11T13:37:15","date_gmt":"2025-04-11T18:37:15","guid":{"rendered":"https:\/\/esreviral.com\/?p=71798"},"modified":"2025-04-11T13:37:16","modified_gmt":"2025-04-11T18:37:16","slug":"alumnos-de-una-escuela-en-argentina-organizaban-un-tiroteo-en-las-aulas","status":"publish","type":"post","link":"https:\/\/esreviral.com\/?p=71798","title":{"rendered":"Alumnos de una escuela en Argentina organizaban un tiroteo en las aulas"},"content":{"rendered":"\n<p>Alumnos de la <strong>Escuela de Ense\u00f1anza Secundaria N\u00b02 Fray Luis Beltr\u00e1n<\/strong>, ubicada en <strong>Matheu<\/strong>, partido bonaerense de <strong>Escobar<\/strong>, son investigados por haber presuntamente <strong>planificado un tiroteo dentro del establecimiento. <\/strong>El plan, que inclu\u00eda amenazas y referencias expl\u00edcitas a armas de fuego, fue detectado en un grupo de <strong>WhatsApp<\/strong> entre estudiantes.<\/p>\n\n\n\n<p>Seg\u00fan confirmaron fuentes del <strong>Ministerio de Seguridad bonaerense<\/strong>, tras la denuncia, intervino personal de la <strong>comisar\u00eda 5\u00aa de Escobar<\/strong>. La causa qued\u00f3 a cargo de la <strong>Unidad Funcional de Instrucci\u00f3n y Juicio N\u00b02 del Fuero Penal Juvenil<\/strong> del Departamento Judicial de Z\u00e1rate-Campana.<\/p>\n\n\n\n<p class=\"has-text-align-center\"><strong><em><strong><a href=\"https:\/\/t.me\/esreviral\">\u00daNETE A NUESTRO CANAL DE TELEGRAM PARA ESTAR INFORMADO<\/a><\/strong><\/em><\/strong><\/p>\n\n\n<div class=\"wp-block-image\">\n<figure class=\"aligncenter size-large is-resized\"><img decoding=\"async\" src=\"https:\/\/resizer.glanacion.com\/resizer\/v2\/las-capturas-del-chat-de-los-chicos-del-colegio-GP3ASG7TBFALVCUCV4VNT2VTF4.jpg?auth=8fbfa8bf037565fb2da95ecacb8b27d54cb8df80318daa1dc7fdb07f7adb44a8&amp;width=768&amp;height=512&amp;quality=70&amp;smart=true\" alt=\"\" style=\"width:1038px;height:auto\"\/><\/figure><\/div>\n\n\n<p><\/p>\n\n\n\n<h3 class=\"wp-block-heading\"><strong><mark style=\"background-color:rgba(0, 0, 0, 0)\" class=\"has-inline-color has-vivid-red-color\">Mensajes alarmantes y amenazas expl\u00edcitas<\/mark><\/strong><\/h3>\n\n\n\n<p>En los chats, los adolescentes compartieron mensajes escalofriantes con amenazas directas, insultos, y la supuesta coordinaci\u00f3n del ataque.<\/p>\n\n\n\n<blockquote class=\"wp-block-quote is-layout-flow wp-block-quote-is-layout-flow\">\n<p>\u201c<strong>El que va a arrugar que salga ya, y m\u00e1s vale que no diga nada porque tiro en la frente<\/strong>\u201d, escribi\u00f3 uno de los participantes.<\/p>\n<\/blockquote>\n\n\n\n<p>Otro mensaje, que indicaba el momento del supuesto ataque, dec\u00eda:<\/p>\n\n\n\n<blockquote class=\"wp-block-quote is-layout-flow wp-block-quote-is-layout-flow\">\n<p>\u201c<strong>Vamos a hacerlo en el turno nocturno, hay un par de gilas que quiero bajar<\/strong>\u201d.<\/p>\n<\/blockquote>\n\n\n\n<p>Las amenazas no se limitaron al contexto escolar. Otro mensaje advert\u00eda:<\/p>\n\n\n\n<blockquote class=\"wp-block-quote is-layout-flow wp-block-quote-is-layout-flow\">\n<p>\u201c<strong>M\u00e1s les vale que se rescaten todos. Si nos enteramos que andan de sapos contando todo, les bajamos la cabeza de un tiro a toda la familia<\/strong>\u201d.<\/p>\n<\/blockquote>\n\n\n\n<p>En el mismo grupo se compartieron <strong>fotos de armas de fuego<\/strong>, presuntamente reunidas por los alumnos. \u201c<strong>Estas son todas las que tengo. Si alguien tiene m\u00e1s, traiga<\/strong>\u201d, dec\u00eda el mensaje que acompa\u00f1aba las im\u00e1genes.<\/p>\n\n\n\n<p><\/p>\n\n\n<div class=\"wp-block-image\">\n<figure class=\"aligncenter size-large is-resized\"><img decoding=\"async\" src=\"https:\/\/www.lanacion.com.ar\/resizer\/v2\/las-capturas-del-chat-de-los-organizadores-de-la-ZHN3UW5GP5EJFBNF5KNSSZYBBA.jpg?auth=e6830cab17d09ab9137d827ec92694f9cc2c9e856f21c9348c8f9804cdf9a028&amp;width=880&amp;height=586&amp;quality=70&amp;smart=true\" alt=\"\" style=\"width:1036px;height:auto\"\/><\/figure><\/div>\n\n\n<p><\/p>\n\n\n\n<h3 class=\"wp-block-heading\"><strong><mark style=\"background-color:rgba(0, 0, 0, 0)\" class=\"has-inline-color has-vivid-red-color\">La denuncia de una madre alert\u00f3 a las autoridades<\/mark><\/strong><\/h3>\n\n\n\n<p>El contenido del grupo fue descubierto por la madre de un alumno, quien decidi\u00f3 advertir a un <strong>preceptor<\/strong> tras leer los mensajes. Seg\u00fan su relato, su hijo fue agregado al chat por un compa\u00f1ero, pero al ver el contenido se sali\u00f3 del grupo, y desde entonces se encuentra <strong>atemorizado<\/strong>.<\/p>\n\n\n\n<blockquote class=\"wp-block-quote is-layout-flow wp-block-quote-is-layout-flow\">\n<p>\u201c<strong>Mi hijo tiene miedo. No quiere que diga qui\u00e9n le mand\u00f3 eso, pero fue un amigo suyo. Ahora lo tienen amenazado por no querer ser part\u00edcipe<\/strong>\u201d, expres\u00f3 la mujer en el mensaje dirigido al preceptor, pidiendo que no se revelara su identidad.<\/p>\n<\/blockquote>\n\n\n\n<p>Tambi\u00e9n solicit\u00f3 que se tomaran medidas preventivas:<\/p>\n\n\n\n<blockquote class=\"wp-block-quote is-layout-flow wp-block-quote-is-layout-flow\">\n<p>\u201c<strong>Ma\u00f1ana mi hijo va a faltar porque tiene miedo. Si no van a suspender las clases, por lo menos avisen en los grupos para que los padres est\u00e9n alerta<\/strong>\u201d.<\/p>\n<\/blockquote>\n\n\n\n<h3 class=\"wp-block-heading\"><strong><mark style=\"background-color:rgba(0, 0, 0, 0)\" class=\"has-inline-color has-vivid-red-color\">Investigaci\u00f3n en curso<\/mark><\/strong><\/h3>\n\n\n\n<p>Las autoridades confirmaron que ya se encuentran trabajando en la verificaci\u00f3n del contenido, la identificaci\u00f3n de los autores de los mensajes y en <strong>medidas de contenci\u00f3n y seguridad<\/strong> para toda la comunidad educativa.<\/p>\n\n\n\n<p>El hecho gener\u00f3 <strong>una fuerte preocupaci\u00f3n entre padres, docentes y estudiantes<\/strong>, y reaviva el debate sobre los riesgos de la violencia escolar y el rol de las redes sociales y plataformas de mensajer\u00eda en la propagaci\u00f3n de amenazas.<\/p>\n\n\n\n<p><strong><em>Noticia en desarrollo&#8230;<\/em><\/strong><\/p>\n\n\n\n<p class=\"has-text-align-center\"><strong><a href=\"https:\/\/whatsapp.com\/channel\/0029VaAz7PmBKfhwZ5V3Gk2t\"><em>\u00daNETE A NUESTRO CANAL DE WHATSAPP PARA ESTAR INFORMADO<\/em><\/a><\/strong><\/p>\n","protected":false},"excerpt":{"rendered":"<p>La preparaci\u00f3n del atentado qued\u00f3 registrada en mensajes de WhatsApp<\/p>\n","protected":false},"author":3,"featured_media":71799,"comment_status":"closed","ping_status":"closed","sticky":false,"template":"","format":"standard","meta":{"jnews-multi-image_gallery":[],"jnews_single_post":{"format":"standard"},"jnews_primary_category":[],"jnews_social_meta":[],"jnews_review":[],"enable_review":"","type":"","name":"","summary":"","brand":"","sku":"","good":[],"bad":[],"score_override":"","override_value":"","rating":[],"price":[],"jnews_override_counter":[],"jnews_post_split":[],"footnotes":""},"categories":[58],"tags":[28442,12119,28443,45,954,8305,2021],"class_list":["post-71798","post","type-post","status-publish","format-standard","has-post-thumbnail","hentry","category-argentina","tag-aulas","tag-escobar","tag-escuela-secundaria","tag-noticias","tag-tiroteo","tag-tiroteo-en-una-escuela","tag-whatsapp"],"amp_enabled":true,"_links":{"self":[{"href":"https:\/\/esreviral.com\/index.php?rest_route=\/wp\/v2\/posts\/71798"}],"collection":[{"href":"https:\/\/esreviral.com\/index.php?rest_route=\/wp\/v2\/posts"}],"about":[{"href":"https:\/\/esreviral.com\/index.php?rest_route=\/wp\/v2\/types\/post"}],"author":[{"embeddable":true,"href":"https:\/\/esreviral.com\/index.php?rest_route=\/wp\/v2\/users\/3"}],"replies":[{"embeddable":true,"href":"https:\/\/esreviral.com\/index.php?rest_route=%2Fwp%2Fv2%2Fcomments&post=71798"}],"version-history":[{"count":1,"href":"https:\/\/esreviral.com\/index.php?rest_route=\/wp\/v2\/posts\/71798\/revisions"}],"predecessor-version":[{"id":71800,"href":"https:\/\/esreviral.com\/index.php?rest_route=\/wp\/v2\/posts\/71798\/revisions\/71800"}],"wp:featuredmedia":[{"embeddable":true,"href":"https:\/\/esreviral.com\/index.php?rest_route=\/wp\/v2\/media\/71799"}],"wp:attachment":[{"href":"https:\/\/esreviral.com\/index.php?rest_route=%2Fwp%2Fv2%2Fmedia&parent=71798"}],"wp:term":[{"taxonomy":"category","embeddable":true,"href":"https:\/\/esreviral.com\/index.php?rest_route=%2Fwp%2Fv2%2Fcategories&post=71798"},{"taxonomy":"post_tag","embeddable":true,"href":"https:\/\/esreviral.com\/index.php?rest_route=%2Fwp%2Fv2%2Ftags&post=71798"}],"curies":[{"name":"wp","href":"https:\/\/api.w.org\/{rel}","templated":true}]}}