{"id":71741,"date":"2025-04-11T07:09:27","date_gmt":"2025-04-11T12:09:27","guid":{"rendered":"https:\/\/esreviral.com\/?p=71741"},"modified":"2025-04-11T07:09:28","modified_gmt":"2025-04-11T12:09:28","slug":"un-hombre-murio-calcinado-al-chocar-contra-un-camion-y-su-pareja-se-tiro-del-auto-venian-discutiendo","status":"publish","type":"post","link":"https:\/\/esreviral.com\/?p=71741","title":{"rendered":"Un hombre muri\u00f3 calcinado al chocar contra un cami\u00f3n y su pareja se tir\u00f3 del auto: ven\u00edan discutiendo"},"content":{"rendered":"\n<p>Un tr\u00e1gico y confuso episodio ocurri\u00f3 este mi\u00e9rcoles por la tarde en <strong>Villa Allende<\/strong>, provincia de C\u00f3rdoba, cuando un <strong>Peugeot 307<\/strong> que circulaba por la avenida Padre Lucchesse <strong>choc\u00f3 de frente con un cami\u00f3n y se incendi\u00f3<\/strong>. El conductor, <strong>Ricardo Osvaldo M\u00e1rquez<\/strong>, de 46 a\u00f1os de edad, <strong>qued\u00f3 atrapado en el veh\u00edculo y muri\u00f3 calcinado<\/strong>, mientras que su acompa\u00f1ante, una joven de 23 a\u00f1os de edad, <strong>logr\u00f3 saltar del auto segundos antes del impacto y sobrevivi\u00f3<\/strong>.<\/p>\n\n\n\n<p>Seg\u00fan las primeras versiones, <strong>ambos ven\u00edan discutiendo dentro del veh\u00edculo<\/strong>, lo que abre la hip\u00f3tesis de que se trat\u00f3 de una <strong>maniobra intencional<\/strong>. De acuerdo con el portal <em>eldoce.tv<\/em>, M\u00e1rquez habr\u00eda <strong>amenazado con quitarse la vida<\/strong> y, acto seguido, se cruz\u00f3 al carril contrario, donde impact\u00f3 de frente contra un cami\u00f3n.<\/p>\n\n\n\n<p>El choque fue tan violento que el autom\u00f3vil se desvi\u00f3 hacia un cantero y <strong>se prendi\u00f3 fuego al instante<\/strong>, dejando al conductor atrapado. La mujer sufri\u00f3 <strong>heridas leves y algunas quemaduras<\/strong>, mientras que el camionero tambi\u00e9n result\u00f3 con <strong>lesiones menores<\/strong>, seg\u00fan informaron fuentes policiales.<\/p>\n\n\n\n<p class=\"has-text-align-center\"><strong><em><strong><a href=\"https:\/\/t.me\/esreviral\">\u00daNETE A NUESTRO CANAL DE TELEGRAM PARA ESTAR INFORMADO<\/a><\/strong><\/em><\/strong><\/p>\n\n\n<div class=\"wp-block-image\">\n<figure class=\"aligncenter size-large\"><img decoding=\"async\" src=\"https:\/\/telefe-static2.akamaized.net\/media\/574639\/choque-cordoba.jpg?width=888&amp;height=500&amp;mode=crop\" alt=\"\"\/><\/figure><\/div>\n\n\n<h3 class=\"wp-block-heading\"><strong><mark style=\"background-color:rgba(0, 0, 0, 0)\" class=\"has-inline-color has-vivid-red-color\">Detalles del accidente<\/mark><\/strong><\/h3>\n\n\n\n<p>En declaraciones a <em>Cadena 3<\/em>, el <strong>secretario de Gobierno de Villa Allende, Felipe Crespo<\/strong>, confirm\u00f3 que la joven logr\u00f3 <strong>arrojarse del auto segundos antes del impacto<\/strong>, lo que le salv\u00f3 la vida. Adem\u00e1s, indic\u00f3 que la pareja hab\u00eda salido esa misma ma\u00f1ana desde <strong>La Pampa<\/strong>, una localidad ubicada en el departamento cordob\u00e9s de <strong>Totoral<\/strong>.<\/p>\n\n\n\n<p>La mujer fue trasladada al <strong>Hospital de Unquillo<\/strong>, donde permanece fuera de peligro. El <strong>jefe de guardia, Jos\u00e9 Urrutia<\/strong>, detall\u00f3 que sufri\u00f3 <strong>lesiones en la mu\u00f1eca, contusiones, traumatismos en estudio y quemaduras leves en la mano y el cabello<\/strong>.<\/p>\n\n\n\n<p>El m\u00e9dico tambi\u00e9n inform\u00f3 que pudo hablar con la v\u00edctima, quien <strong>confirm\u00f3 la versi\u00f3n de la maniobra deliberada del conductor<\/strong>:<\/p>\n\n\n\n<blockquote class=\"wp-block-quote is-layout-flow wp-block-quote-is-layout-flow\">\n<p>\u201cEra como si \u00e9l quisiera impactar a prop\u00f3sito con el cami\u00f3n. Ella logr\u00f3 abrir la puerta y tirarse\u201d, relat\u00f3 el profesional.<\/p>\n<\/blockquote>\n\n\n\n<p>Por su parte, la <strong>Polic\u00eda de C\u00f3rdoba<\/strong> inform\u00f3 que el accidente provoc\u00f3 un <strong>corte total del tr\u00e1nsito<\/strong> en la intersecci\u00f3n de <strong>avenida Padre Lucchesse y Ruta E-53<\/strong>, en Villa Allende.<\/p>\n\n\n\n<h3 class=\"wp-block-heading\"><strong><mark style=\"background-color:rgba(0, 0, 0, 0)\" class=\"has-inline-color has-vivid-red-color\">Una discusi\u00f3n previa y un bid\u00f3n sospechoso<\/mark><\/strong><\/h3>\n\n\n\n<p>Los investigadores analizan como principal hip\u00f3tesis una <strong>discusi\u00f3n previa<\/strong> entre la pareja, que habr\u00eda comenzado la noche anterior y continuado hasta horas antes del choque.<\/p>\n\n\n\n<p>Adem\u00e1s, se investiga el hallazgo de un <strong>bid\u00f3n con l\u00edquido inflamable dentro del veh\u00edculo<\/strong>, que podr\u00eda haber sido el factor que aceler\u00f3 el incendio tras el impacto.<\/p>\n\n\n\n<p>La causa contin\u00faa bajo investigaci\u00f3n para determinar con precisi\u00f3n las circunstancias del hecho.<\/p>\n\n\n\n<p><\/p>\n\n\n\n<p class=\"has-text-align-center\"><strong><a href=\"https:\/\/whatsapp.com\/channel\/0029VaAz7PmBKfhwZ5V3Gk2t\"><em>\u00daNETE A NUESTRO CANAL DE WHATSAPP PARA ESTAR INFORMADO<\/em><\/a><\/strong><\/p>\n","protected":false},"excerpt":{"rendered":"<p>El veh\u00edculo cruz\u00f3 de carril, se estrell\u00f3 contra un cami\u00f3n y se incendi\u00f3. Investigan si hubo una maniobra suicida.<\/p>\n","protected":false},"author":3,"featured_media":71742,"comment_status":"closed","ping_status":"closed","sticky":false,"template":"","format":"standard","meta":{"jnews-multi-image_gallery":[],"jnews_single_post":{"format":"standard"},"jnews_primary_category":[],"jnews_social_meta":[],"jnews_review":[],"enable_review":"","type":"","name":"","summary":"","brand":"","sku":"","good":[],"bad":[],"score_override":"","override_value":"","rating":[],"price":[],"jnews_override_counter":[],"jnews_post_split":[],"footnotes":""},"categories":[58,64],"tags":[44,3361,28359,898,28361,45,28360],"class_list":["post-71741","post","type-post","status-publish","format-standard","has-post-thumbnail","hentry","category-argentina","category-sucesos","tag-argentina","tag-auto","tag-choque-en-cordoba","tag-cordoba","tag-murio-calcinado","tag-noticias","tag-villa-allende"],"amp_enabled":true,"_links":{"self":[{"href":"https:\/\/esreviral.com\/index.php?rest_route=\/wp\/v2\/posts\/71741"}],"collection":[{"href":"https:\/\/esreviral.com\/index.php?rest_route=\/wp\/v2\/posts"}],"about":[{"href":"https:\/\/esreviral.com\/index.php?rest_route=\/wp\/v2\/types\/post"}],"author":[{"embeddable":true,"href":"https:\/\/esreviral.com\/index.php?rest_route=\/wp\/v2\/users\/3"}],"replies":[{"embeddable":true,"href":"https:\/\/esreviral.com\/index.php?rest_route=%2Fwp%2Fv2%2Fcomments&post=71741"}],"version-history":[{"count":2,"href":"https:\/\/esreviral.com\/index.php?rest_route=\/wp\/v2\/posts\/71741\/revisions"}],"predecessor-version":[{"id":71744,"href":"https:\/\/esreviral.com\/index.php?rest_route=\/wp\/v2\/posts\/71741\/revisions\/71744"}],"wp:featuredmedia":[{"embeddable":true,"href":"https:\/\/esreviral.com\/index.php?rest_route=\/wp\/v2\/media\/71742"}],"wp:attachment":[{"href":"https:\/\/esreviral.com\/index.php?rest_route=%2Fwp%2Fv2%2Fmedia&parent=71741"}],"wp:term":[{"taxonomy":"category","embeddable":true,"href":"https:\/\/esreviral.com\/index.php?rest_route=%2Fwp%2Fv2%2Fcategories&post=71741"},{"taxonomy":"post_tag","embeddable":true,"href":"https:\/\/esreviral.com\/index.php?rest_route=%2Fwp%2Fv2%2Ftags&post=71741"}],"curies":[{"name":"wp","href":"https:\/\/api.w.org\/{rel}","templated":true}]}}