{"id":71738,"date":"2025-04-11T07:05:04","date_gmt":"2025-04-11T12:05:04","guid":{"rendered":"https:\/\/esreviral.com\/?p=71738"},"modified":"2025-04-11T07:05:05","modified_gmt":"2025-04-11T12:05:05","slug":"mauricio-macri-hablo-de-las-elecciones-y-dejo-una-advertencia-el-peronismo-puede-ganar","status":"publish","type":"post","link":"https:\/\/esreviral.com\/?p=71738","title":{"rendered":"Mauricio Macri\u00a0habl\u00f3 de las elecciones y dej\u00f3 una advertencia\u00a0\u201cEl peronismo puede ganar\u201d"},"content":{"rendered":"\n<p><strong>Mauricio Macri<\/strong> lament\u00f3 que el PRO y <strong>La Libertad Avanza (LLA)<\/strong> no hayan logrado un acuerdo electoral en el distrito y advirti\u00f3 que la divisi\u00f3n del voto opositor podr\u00eda facilitar una victoria del kirchnerismo.<\/p>\n\n\n\n<p class=\"has-text-align-center\"><strong><em><strong><a href=\"https:\/\/t.me\/esreviral\">\u00daNETE A NUESTRO CANAL DE TELEGRAM PARA ESTAR INFORMADO<\/a><\/strong><\/em><\/strong><\/p>\n\n\n\n<blockquote class=\"wp-block-quote is-layout-flow wp-block-quote-is-layout-flow\">\n<p>\u201c<strong><em>No estoy seguro de que vayamos a ganar porque se dividi\u00f3 el voto. La elecci\u00f3n va a ser muy dif\u00edcil. El peronismo puede ganar. Nosotros pusimos el pecho para frenar al kirchnerismo, y los libertarios entraron a la cancha a favorecer su presencia<\/em><\/strong>\u201d, expres\u00f3 en una entrevista con LN+.<\/p>\n<\/blockquote>\n\n\n\n<p>En ese marco, Macri tambi\u00e9n cuestion\u00f3 el rumbo de LLA en la Ciudad y se mostr\u00f3 sorprendido por la disputa con el PRO:<\/p>\n\n\n\n<blockquote class=\"wp-block-quote is-layout-flow wp-block-quote-is-layout-flow\">\n<p>\u201c<strong><em>Me cuesta entender por qu\u00e9, de golpe, el eje libertario es pelearse con el PRO en la Capital. Hoy tenemos una ciudad moderna, sustentable y valorada mundialmente. Hay provincias como La Rioja, Formosa o Santiago del Estero donde el cambio ni se asom\u00f3\u201d<\/em><\/strong>.<\/p>\n<\/blockquote>\n\n\n\n<p>Durante la entrevista, el exmandatario tambi\u00e9n apunt\u00f3 contra <strong>Manuel Adorni<\/strong>, vocero presidencial y cabeza de lista de legisladores por LLA en la Ciudad de Buenos Aires:<\/p>\n\n\n\n<blockquote class=\"wp-block-quote is-layout-flow wp-block-quote-is-layout-flow\">\n<p><strong><em>\u201cMe cae bien, pero legislar no es solo decir \u2018fin\u2019. Hay que prepararse, tener un plan, construir proyectos. Tenemos muchos problemas por resolver. No terminamos con la inflaci\u00f3n, y estamos bastante lejos. Esa es la base<\/em><\/strong>\u201d.<\/p>\n<\/blockquote>\n\n\n\n<h3 class=\"wp-block-heading\"><strong><mark style=\"background-color:rgba(0, 0, 0, 0)\" class=\"has-inline-color has-vivid-red-color\">Cr\u00edticas al Congreso, al paro de la CGT y al esc\u00e1ndalo cripto<\/mark><\/strong><\/h3>\n\n\n\n<p>Macri tambi\u00e9n se refiri\u00f3 a la <strong>comisi\u00f3n investigadora recientemente aprobada en Diputados<\/strong> para indagar el esc\u00e1ndalo financiero vinculado a la criptomoneda <strong>$LIBRA<\/strong>. En ese contexto, respald\u00f3 al presidente Javier Milei y lanz\u00f3 cr\u00edticas al kirchnerismo:<\/p>\n\n\n\n<blockquote class=\"wp-block-quote is-layout-flow wp-block-quote-is-layout-flow\">\n<p>\u201cLos orcos, como los llama el Presidente, son especialistas en estas maniobras. A nosotros nos armaron comisiones investigadoras por todo. Es un desgaste innecesario. Hay que cuidar a Milei. Me pregunto qui\u00e9n lo est\u00e1 haciendo. Es incomprensible que se haya reunido con esa gente. Novelli se reuni\u00f3 siete veces. Es muy da\u00f1ino\u201d.<\/p>\n<\/blockquote>\n\n\n\n<p>Adem\u00e1s, el l\u00edder del PRO cuestion\u00f3 el <strong>paro general de actividades convocado por la CGT<\/strong>, que tuvo lugar este jueves en todo el pa\u00eds:<\/p>\n\n\n\n<blockquote class=\"wp-block-quote is-layout-flow wp-block-quote-is-layout-flow\">\n<p>\u201cNunca quisieron debatir leyes modernas en serio. Los llev\u00e9 a Europa a conocer modelos como el alem\u00e1n, el espa\u00f1ol, el holand\u00e9s o el italiano. Dijeron que eran maravillosos, pero al volver no apoyaron ninguna reforma\u201d.<\/p>\n<\/blockquote>\n\n\n\n<p>Y concluy\u00f3 con una cr\u00edtica a la falta de renovaci\u00f3n sindical:<\/p>\n\n\n\n<blockquote class=\"wp-block-quote is-layout-flow wp-block-quote-is-layout-flow\">\n<p>\u201cEs tragic\u00f3mico que sean los mismos interlocutores de siempre. Cuando les propon\u00e9s algo para generar m\u00e1s empleo, se cierran, dejando afuera a millones de personas que hoy est\u00e1n en el mundo informal\u201d.<\/p>\n<\/blockquote>\n\n\n\n<p><\/p>\n\n\n\n<p class=\"has-text-align-center\"><strong><a href=\"https:\/\/whatsapp.com\/channel\/0029VaAz7PmBKfhwZ5V3Gk2t\"><em>\u00daNETE A NUESTRO CANAL DE WHATSAPP PARA ESTAR INFORMADO<\/em><\/a><\/strong><\/p>\n","protected":false},"excerpt":{"rendered":"<p>El expresidente hizo un an\u00e1lisis del actual escenario electoral en el distrito de cara a las legislativas del pr\u00f3ximo 18 de mayo.<\/p>\n","protected":false},"author":3,"featured_media":71739,"comment_status":"closed","ping_status":"closed","sticky":false,"template":"","format":"standard","meta":{"jnews-multi-image_gallery":[],"jnews_single_post":{"format":"standard"},"jnews_primary_category":[],"jnews_social_meta":[],"jnews_review":[],"enable_review":"","type":"","name":"","summary":"","brand":"","sku":"","good":[],"bad":[],"score_override":"","override_value":"","rating":[],"price":[],"jnews_override_counter":[],"jnews_post_split":[],"footnotes":""},"categories":[58,59],"tags":[44,894,20034,11982,950,45,5010,7230],"class_list":["post-71738","post","type-post","status-publish","format-standard","has-post-thumbnail","hentry","category-argentina","category-politica","tag-argentina","tag-ciudad-de-buenos-aires","tag-elecciones-2025","tag-la-libertad-avanza","tag-mauricio-macri","tag-noticias","tag-peronismo","tag-pro"],"amp_enabled":true,"_links":{"self":[{"href":"https:\/\/esreviral.com\/index.php?rest_route=\/wp\/v2\/posts\/71738"}],"collection":[{"href":"https:\/\/esreviral.com\/index.php?rest_route=\/wp\/v2\/posts"}],"about":[{"href":"https:\/\/esreviral.com\/index.php?rest_route=\/wp\/v2\/types\/post"}],"author":[{"embeddable":true,"href":"https:\/\/esreviral.com\/index.php?rest_route=\/wp\/v2\/users\/3"}],"replies":[{"embeddable":true,"href":"https:\/\/esreviral.com\/index.php?rest_route=%2Fwp%2Fv2%2Fcomments&post=71738"}],"version-history":[{"count":1,"href":"https:\/\/esreviral.com\/index.php?rest_route=\/wp\/v2\/posts\/71738\/revisions"}],"predecessor-version":[{"id":71740,"href":"https:\/\/esreviral.com\/index.php?rest_route=\/wp\/v2\/posts\/71738\/revisions\/71740"}],"wp:featuredmedia":[{"embeddable":true,"href":"https:\/\/esreviral.com\/index.php?rest_route=\/wp\/v2\/media\/71739"}],"wp:attachment":[{"href":"https:\/\/esreviral.com\/index.php?rest_route=%2Fwp%2Fv2%2Fmedia&parent=71738"}],"wp:term":[{"taxonomy":"category","embeddable":true,"href":"https:\/\/esreviral.com\/index.php?rest_route=%2Fwp%2Fv2%2Fcategories&post=71738"},{"taxonomy":"post_tag","embeddable":true,"href":"https:\/\/esreviral.com\/index.php?rest_route=%2Fwp%2Fv2%2Ftags&post=71738"}],"curies":[{"name":"wp","href":"https:\/\/api.w.org\/{rel}","templated":true}]}}