{"id":71709,"date":"2025-04-10T14:28:33","date_gmt":"2025-04-10T19:28:33","guid":{"rendered":"https:\/\/esreviral.com\/?p=71709"},"modified":"2025-04-10T14:28:35","modified_gmt":"2025-04-10T19:28:35","slug":"roque-valero-y-cilia-flores-en-la-lista-de-candidatos-del-psuv-para-diputados","status":"publish","type":"post","link":"https:\/\/esreviral.com\/?p=71709","title":{"rendered":"Roque Valero y Cilia Flores en la lista de candidatos del PSUV para diputados"},"content":{"rendered":"\n<p>A pesar de ejercer como la Primera Combatiente (Primera Dama), Cilia Flores ser\u00e1 nuevamente candidata del\u00a0<strong>Partido Socialista Unido de Venezuela (PSUV)<\/strong>\u00a0para pelearse un esca\u00f1o de la Asamblea Nacional en las elecciones del pr\u00f3ximo 25 de mayo. <\/p>\n\n\n\n<p>El cantante y actor Roque Valero, tambi\u00e9n ser\u00e1 nuevamente candidato  y busca su reelecci\u00f3n, as\u00ed como muchos otros \u00abcaballos\u00bb de los rojos. <\/p>\n\n\n\n<p>El anuncio estuvo a cargo del secretario general del partido,&nbsp;<strong>Diosdado Cabello.<\/strong><\/p>\n\n\n\n<p>Dijo que se trata de una lista que mezcla la experiencia y la juventud de la dirigencia pol\u00edtica oficialista.<\/p>\n\n\n\n<h3 class=\"wp-block-heading\"><strong>Estos son los candidatos por la lista nacional:<\/strong><\/h3>\n\n\n\n<ul class=\"wp-block-list\">\n<li>Jorge Jes\u00fas Rodr\u00edguez G\u00f3mez<\/li>\n\n\n\n<li>Cilia Adela Flores de Maduro<\/li>\n\n\n\n<li>Mar\u00eda Iris Varela Rangel<\/li>\n\n\n\n<li>Jes\u00fas German Far\u00edas Tortosa<\/li>\n\n\n\n<li>\u00c1ngel Marcano<\/li>\n\n\n\n<li>Jheyson Guzm\u00e1n<\/li>\n\n\n\n<li>Mar\u00eda de Lourdes Le\u00f3n<\/li>\n\n\n\n<li>Luis Fernado Soto Rojas<\/li>\n\n\n\n<li>Noheli Pocaterra<\/li>\n\n\n\n<li>Hermann Escarr\u00e1\u00a0<\/li>\n\n\n\n<li>Francisco Javier Arias C\u00e1rdenas\u00a0<\/li>\n\n\n\n<li>William Benavides<\/li>\n\n\n\n<li>Henry Armando Parra<\/li>\n\n\n\n<li>Mar\u00eda Rosa Jim\u00e9nez Barreto<\/li>\n\n\n\n<li>Jorge Alberto Arreaza Monserrat<\/li>\n\n\n\n<li>Dessire Santos Amaral<\/li>\n\n\n\n<li>Vanessa L\u00f3pez\u00a0<\/li>\n\n\n\n<li>Ilenia Medina<\/li>\n\n\n\n<li>Didalco Antonio Bol\u00edvar Graterol<\/li>\n\n\n\n<li>Wilmer Alfredo Castro Soteldo<\/li>\n\n\n\n<li>Jos\u00e9 Gregorio Vielma Mora<\/li>\n\n\n\n<li>Juan Francisco Escalona Camardo<\/li>\n\n\n\n<li>Maigualida Barrera<\/li>\n\n\n\n<li>Nazareth Mend\u00e9z<\/li>\n\n\n\n<li>Le\u00f3n Ciro Vladimir\u00a0<\/li>\n\n\n\n<li>Oswaldo Ram\u00f3n Zamora Ribas\u00a0<\/li>\n\n\n\n<li>Wills Rangel<\/li>\n\n\n\n<li>Pedro Lander<\/li>\n\n\n\n<li>\u00a0Gilberto Gim\u00e9nez<\/li>\n\n\n\n<li>Ivonne del Carmen\u00a0 Ledezma\u00a0 Ron\u00a0<\/li>\n\n\n\n<li>Jos\u00e9 Antonio Espa\u00f1a<\/li>\n\n\n\n<li>William Fari\u00f1as<\/li>\n\n\n\n<li>Miguel \u00c1ngel P\u00e9rez Abad\u00a0<\/li>\n\n\n\n<li>Nicia Maldonado<\/li>\n\n\n\n<li>Juan Sim\u00f3n Primera<\/li>\n\n\n\n<li>V\u00edctoria Mata<\/li>\n\n\n\n<li>Asia Villegas Poljack<\/li>\n\n\n\n<li>Jes\u00fas Rafael Su\u00e1rez Chourio<\/li>\n\n\n\n<li>Jos\u00e9 Antonio Burga Batista<\/li>\n\n\n\n<li>Erika del Valle Far\u00edas Pe\u00f1a<\/li>\n\n\n\n<li>Oswaldo Emilio Vera Rojas<\/li>\n\n\n\n<li>Isamari Lucia Matute L\u00f3pez<\/li>\n\n\n\n<li>Mayerlin Raquel Arias<\/li>\n\n\n\n<li>Andreina Avellaneda Gonz\u00e1lez\u00a0<\/li>\n\n\n\n<li>Aylin Garc\u00eda\u00a0<\/li>\n\n\n\n<li>Albanis Montilla<\/li>\n\n\n\n<li>Al\u00ed Alejandro Primera Gonz\u00e1lez<\/li>\n\n\n\n<li>Yenni Caterihne Ramos Buitriago<\/li>\n\n\n\n<li>Roque Valero<\/li>\n\n\n\n<li>Johana Berroteran<\/li>\n<\/ul>\n","protected":false},"excerpt":{"rendered":"<p>A pesar de ejercer como la Primera Combatiente (Primera Dama), Cilia Flores ser\u00e1 nuevamente candidata del\u00a0Partido Socialista Unido de Venezuela (PSUV)\u00a0para pelearse un esca\u00f1o de la Asamblea Nacional en las elecciones del pr\u00f3ximo 25 de mayo. El cantante y actor Roque Valero, tambi\u00e9n ser\u00e1 nuevamente candidato y busca su reelecci\u00f3n, as\u00ed como muchos otros \u00abcaballos\u00bb [&hellip;]<\/p>\n","protected":false},"author":2,"featured_media":71711,"comment_status":"closed","ping_status":"closed","sticky":false,"template":"","format":"standard","meta":{"jnews-multi-image_gallery":[],"jnews_single_post":{"format":"standard"},"jnews_primary_category":[],"jnews_social_meta":[],"jnews_review":[],"enable_review":"","type":"","name":"","summary":"","brand":"","sku":"","good":[],"bad":[],"score_override":"","override_value":"","rating":[],"price":[],"jnews_override_counter":[],"jnews_post_split":[],"footnotes":""},"categories":[59,66],"tags":[13075,45,28330,56],"class_list":["post-71709","post","type-post","status-publish","format-standard","has-post-thumbnail","hentry","category-politica","category-venezuela","tag-cilia-flores","tag-noticias","tag-roque-valero","tag-venezuela"],"amp_enabled":true,"_links":{"self":[{"href":"https:\/\/esreviral.com\/index.php?rest_route=\/wp\/v2\/posts\/71709"}],"collection":[{"href":"https:\/\/esreviral.com\/index.php?rest_route=\/wp\/v2\/posts"}],"about":[{"href":"https:\/\/esreviral.com\/index.php?rest_route=\/wp\/v2\/types\/post"}],"author":[{"embeddable":true,"href":"https:\/\/esreviral.com\/index.php?rest_route=\/wp\/v2\/users\/2"}],"replies":[{"embeddable":true,"href":"https:\/\/esreviral.com\/index.php?rest_route=%2Fwp%2Fv2%2Fcomments&post=71709"}],"version-history":[{"count":1,"href":"https:\/\/esreviral.com\/index.php?rest_route=\/wp\/v2\/posts\/71709\/revisions"}],"predecessor-version":[{"id":71712,"href":"https:\/\/esreviral.com\/index.php?rest_route=\/wp\/v2\/posts\/71709\/revisions\/71712"}],"wp:featuredmedia":[{"embeddable":true,"href":"https:\/\/esreviral.com\/index.php?rest_route=\/wp\/v2\/media\/71711"}],"wp:attachment":[{"href":"https:\/\/esreviral.com\/index.php?rest_route=%2Fwp%2Fv2%2Fmedia&parent=71709"}],"wp:term":[{"taxonomy":"category","embeddable":true,"href":"https:\/\/esreviral.com\/index.php?rest_route=%2Fwp%2Fv2%2Fcategories&post=71709"},{"taxonomy":"post_tag","embeddable":true,"href":"https:\/\/esreviral.com\/index.php?rest_route=%2Fwp%2Fv2%2Ftags&post=71709"}],"curies":[{"name":"wp","href":"https:\/\/api.w.org\/{rel}","templated":true}]}}