{"id":71695,"date":"2025-04-10T14:40:09","date_gmt":"2025-04-10T19:40:09","guid":{"rendered":"https:\/\/esreviral.com\/?p=71695"},"modified":"2025-04-10T14:40:10","modified_gmt":"2025-04-10T19:40:10","slug":"tres-senales-dan-indicios-de-un-posible-acercamiento-entre-cristina-y-kicillof","status":"publish","type":"post","link":"https:\/\/esreviral.com\/?p=71695","title":{"rendered":"Tres se\u00f1ales dan indicios de un posible acercamiento entre Cristina y Kicillof"},"content":{"rendered":"\n<p>En las \u00faltimas horas se <strong>produjeron tres hechos significativos dentro del peronismo <\/strong>que alimentan la hip\u00f3tesis de una posible lista de unidad entre <strong>Cristina Fern\u00e1ndez de Kirchner y Axel Kicillof,<\/strong> a pesar del fuerte cortocircuito que gener\u00f3 el anuncio del gobernador bonaerense sobre el desdoblamiento de las elecciones provinciales.<\/p>\n\n\n\n<p><strong>El primer movimiento vino de parte de Cristina Kirchner<\/strong>, quien el mi\u00e9rcoles por la noche reuni\u00f3 en la sede del Sindicato de SECASFPI a un grupo de intendentes ligados a La C\u00e1mpora y otros sectores afines. Contra todo pron\u00f3stico, la expresidenta baj\u00f3 un mensaje de <strong>unidad interna<\/strong>: les pidi\u00f3 expresamente no confrontar con Kicillof, recordando que \u201c<strong><em>el enemigo es Milei, no Axel<\/em><\/strong>\u201d.<\/p>\n\n\n\n<p class=\"has-text-align-center\"><em><strong><em><strong><em><strong><em><strong><a href=\"https:\/\/t.me\/esreviral\">\u00daNETE A NUESTRO CANAL DE TELEGRAM PARA ESTAR INFORMADO<\/a><\/strong><\/em><\/strong><\/em><\/strong><\/em><\/strong><\/em><\/p>\n\n\n\n<p><strong><em>\u201cHay que ganar la provincia<\/em><\/strong>\u201d, insisti\u00f3 la l\u00edder del PJ nacional, y los convoc\u00f3 a hacer \u201ctodo lo posible\u201d para preservar la cohesi\u00f3n del espacio. La escuchaba atentamente su hijo, M\u00e1ximo Kirchner, jefe de La C\u00e1mpora. Adem\u00e1s, les confirm\u00f3 que encabezar\u00e1 la lista de diputados provinciales por la Tercera Secci\u00f3n Electoral, como ya se hab\u00eda anticipado.<\/p>\n\n\n\n<p>Entre los presentes estaban los intendentes Mayra Mendoza (Quilmes), Juan Ustarroz (Mercedes), Juli\u00e1n \u00c1lvarez (Lan\u00fas), Federico Oterm\u00edn (Lomas de Zamora), Gustavo Men\u00e9ndez (Merlo) y Leonardo Nardini (Malvinas Argentinas). La preocupaci\u00f3n com\u00fan: evitar una interna entre \u201ccristinistas\u201d y \u201ckicillofistas\u201d que pueda favorecer electoralmente a La Libertad Avanza y dejar mal paradas a las gestiones municipales.<\/p>\n\n\n\n<p>Aunque Cristina no dio definiciones concretas sobre c\u00f3mo se armar\u00e1n las listas o si habr\u00e1 competencia directa con el espacio de Kicillof, el tono conciliador fue el dato pol\u00edtico de la noche.<\/p>\n\n\n\n<p><strong>La segunda se\u00f1al lleg\u00f3 desde Mar del Plata, donde Kicillof particip\u00f3 del congreso de delegados de la UOM<\/strong>. Desde all\u00ed, tambi\u00e9n hizo un gui\u00f1o a la unidad: \u201cLa unidad nos tiene que dar fortaleza para mostrarle al pueblo que hay alternativa frente a la miseria, el hambre y la entrega\u201d. Y al igual que Cristina, se\u00f1al\u00f3 que \u201cel adversario es uno solo: el gobierno de Milei\u201d.<\/p>\n\n\n\n<p><strong>El tercer gesto vino desde el massismo<\/strong>. Tambi\u00e9n en Mar del Plata, el referente de Sergio Massa en la ciudad, Juan Manuel Cheppi, acompa\u00f1\u00f3 a Kicillof en un acto de entrega de m\u00f3viles policiales, en lo que fue le\u00eddo como una muestra de alineamiento territorial y apoyo t\u00e1cito a la gesti\u00f3n provincial.<\/p>\n\n\n\n<p>La verdadera prueba de fuego para esta incipiente tregua llegar\u00e1 con el tratamiento del proyecto que Kicillof envi\u00f3 a la Legislatura bonaerense para suspender las PASO. All\u00ed se ver\u00e1 si el llamado a la unidad logra traducirse en consensos concretos.<\/p>\n\n\n\n<p class=\"has-text-align-center\"><strong><a href=\"https:\/\/chat.whatsapp.com\/KWkTmakY3I05kNdd2oZl6d\"><em>\u00daNETE A NUESTRO GRUPO DE WHATSAPP PARA ESTAR INFORMADO<\/em><\/a><\/strong><\/p>\n","protected":false},"excerpt":{"rendered":"<p>Lo hizo este mi\u00e9rcoles, durante una reuni\u00f3n con un grupo de intendentes.<br \/>\nCoincide con el llamado a unidad que tambi\u00e9n hizo el gobernador Axel Kicillof.<\/p>\n","protected":false},"author":3,"featured_media":71696,"comment_status":"closed","ping_status":"closed","sticky":false,"template":"","format":"standard","meta":{"jnews-multi-image_gallery":[],"jnews_single_post":{"format":"standard"},"jnews_primary_category":[],"jnews_social_meta":[],"jnews_review":[],"enable_review":"","type":"","name":"","summary":"","brand":"","sku":"","good":[],"bad":[],"score_override":"","override_value":"","rating":[],"price":[],"jnews_override_counter":[],"jnews_post_split":[],"footnotes":""},"categories":[58,59],"tags":[44,888,2268,28320,45,5010,3516],"class_list":["post-71695","post","type-post","status-publish","format-standard","has-post-thumbnail","hentry","category-argentina","category-politica","tag-argentina","tag-axel-kicillof","tag-cristina-kirchner","tag-diputada-provincial","tag-noticias","tag-peronismo","tag-sergio-massa"],"amp_enabled":true,"_links":{"self":[{"href":"https:\/\/esreviral.com\/index.php?rest_route=\/wp\/v2\/posts\/71695"}],"collection":[{"href":"https:\/\/esreviral.com\/index.php?rest_route=\/wp\/v2\/posts"}],"about":[{"href":"https:\/\/esreviral.com\/index.php?rest_route=\/wp\/v2\/types\/post"}],"author":[{"embeddable":true,"href":"https:\/\/esreviral.com\/index.php?rest_route=\/wp\/v2\/users\/3"}],"replies":[{"embeddable":true,"href":"https:\/\/esreviral.com\/index.php?rest_route=%2Fwp%2Fv2%2Fcomments&post=71695"}],"version-history":[{"count":2,"href":"https:\/\/esreviral.com\/index.php?rest_route=\/wp\/v2\/posts\/71695\/revisions"}],"predecessor-version":[{"id":71713,"href":"https:\/\/esreviral.com\/index.php?rest_route=\/wp\/v2\/posts\/71695\/revisions\/71713"}],"wp:featuredmedia":[{"embeddable":true,"href":"https:\/\/esreviral.com\/index.php?rest_route=\/wp\/v2\/media\/71696"}],"wp:attachment":[{"href":"https:\/\/esreviral.com\/index.php?rest_route=%2Fwp%2Fv2%2Fmedia&parent=71695"}],"wp:term":[{"taxonomy":"category","embeddable":true,"href":"https:\/\/esreviral.com\/index.php?rest_route=%2Fwp%2Fv2%2Fcategories&post=71695"},{"taxonomy":"post_tag","embeddable":true,"href":"https:\/\/esreviral.com\/index.php?rest_route=%2Fwp%2Fv2%2Ftags&post=71695"}],"curies":[{"name":"wp","href":"https:\/\/api.w.org\/{rel}","templated":true}]}}