{"id":71679,"date":"2025-04-10T08:40:43","date_gmt":"2025-04-10T13:40:43","guid":{"rendered":"https:\/\/esreviral.com\/?p=71679"},"modified":"2025-04-10T08:40:45","modified_gmt":"2025-04-10T13:40:45","slug":"el-duro-mensaje-del-gobierno-argentino-por-el-paro-general-ataque-a-la-republica","status":"publish","type":"post","link":"https:\/\/esreviral.com\/?p=71679","title":{"rendered":"El duro mensaje del Gobierno argentino por el paro general: \u00abAtaque a la Rep\u00fablica\u00bb"},"content":{"rendered":"\n<p>A pocas horas de que comenzara el<strong> paro general convocado por la Confederaci\u00f3n General del Trabajo (CGT)<\/strong> para este jueves, el Gobierno nacional difundi\u00f3 un mensaje contundente contra la medida de fuerza.<\/p>\n\n\n\n<p>\u00ab<strong><em>La casta sindical atenta contra millones de argentinos que quieren trabajar<\/em><\/strong>\u00ab, se le\u00eda en las pantallas de las estaciones de trenes este mi\u00e9rcoles por la tarde. El mensaje fue replicado en cabeceras clave como Retiro y Constituci\u00f3n, y tambi\u00e9n son\u00f3 a trav\u00e9s de los altoparlantes de las estaciones.<\/p>\n\n\n\n<p>El texto calificaba al paro como un \u00ab<strong><em>ataque a la Rep\u00fablica<\/em><\/strong>\u00bb e instaba a los ciudadanos a denunciar cualquier tipo de presi\u00f3n para sumarse a la medida. \u201c<strong><em>Si te extorsionan o te obligan a parar, denunci\u00e1 al 134\u201d<\/em><\/strong>, agregaba el mensaje, en referencia a la l\u00ednea habilitada en 2023 para denunciar amenazas de punteros pol\u00edticos y dirigentes piqueteros.<\/p>\n\n\n\n<p class=\"has-text-align-center\"><em><strong><em><strong><em><strong><em><strong><a href=\"https:\/\/t.me\/esreviral\">\u00daNETE A NUESTRO CANAL DE TELEGRAM PARA ESTAR INFORMADO<\/a><\/strong><\/em><\/strong><\/em><\/strong><\/em><\/strong><\/em><\/p>\n\n\n\n<blockquote class=\"twitter-tweet\"><p lang=\"und\" dir=\"ltr\">Fin. <a href=\"https:\/\/t.co\/TOkr3M44xE\">pic.twitter.com\/TOkr3M44xE<\/a><\/p>&mdash; Manuel Adorni (@madorni) <a href=\"https:\/\/twitter.com\/madorni\/status\/1910135125804753350?ref_src=twsrc%5Etfw\">April 10, 2025<\/a><\/blockquote> <script async src=\"https:\/\/platform.twitter.com\/widgets.js\" charset=\"utf-8\"><\/script>\n\n\n\n<p><\/p>\n\n\n\n<p>El <strong>vocero presidencial,<\/strong> <strong>Manuel Adorni<\/strong>, public\u00f3 el video del mensaje en su cuenta de X (antes Twitter) acompa\u00f1ado de un escueto: \u201cFin\u201d.<\/p>\n\n\n\n<p>No es la primera vez que el Gobierno utiliza este tipo de mensajes en espacios p\u00fablicos. Ya lo hab\u00eda hecho durante una de las marchas de jubilados al Congreso, donde advert\u00eda que cualquier acto violento ser\u00eda reprimido por la Polic\u00eda.<\/p>\n\n\n\n<p>Mientras tanto, desde la CGT aseguraron que el paro tuvo un <strong><em>\u00abalto acatamiento<\/em><\/strong>\u00bb y reclamaron al Ejecutivo que convoque al di\u00e1logo.<\/p>\n\n\n\n<p>\u201c<strong><em>Si el Gobierno quiere una gesti\u00f3n positiva para la sociedad, tendr\u00eda que reaccionar con un encuentro, una negociaci\u00f3n, una salida consensuada. Ojal\u00e1 que lo haga, ser\u00eda lo l\u00f3gico de cualquier gobierno<\/em><\/strong>\u00ab, expres\u00f3 Andr\u00e9s Rodr\u00edguez, secretario general adjunto de la CGT.<\/p>\n\n\n\n<p>Rodr\u00edguez tambi\u00e9n afirm\u00f3 que el impacto de la medida fue <strong><em>\u201cmuy importante\u201d<\/em><\/strong>, con un \u201c<strong><em>ausentismo muy grande en todos los sectores de trabajo<\/em><\/strong>\u201d.<\/p>\n\n\n\n<p class=\"has-text-align-center\"><strong><a href=\"https:\/\/chat.whatsapp.com\/KWkTmakY3I05kNdd2oZl6d\"><em>\u00daNETE A NUESTRO GRUPO DE WHATSAPP PARA ESTAR INFORMADO<\/em><\/a><\/strong><\/p>\n","protected":false},"excerpt":{"rendered":"<p>La leyenda apareci\u00f3 en las pantallas de las estaciones de trenes, horas antes de que comenzara la medida de fuerza.<\/p>\n","protected":false},"author":3,"featured_media":71680,"comment_status":"closed","ping_status":"closed","sticky":false,"template":"","format":"standard","meta":{"jnews-multi-image_gallery":[],"jnews_single_post":{"format":"standard"},"jnews_primary_category":[],"jnews_social_meta":[],"jnews_review":[],"enable_review":"","type":"","name":"","summary":"","brand":"","sku":"","good":[],"bad":[],"score_override":"","override_value":"","rating":[],"price":[],"jnews_override_counter":[],"jnews_post_split":[],"footnotes":""},"categories":[58,59],"tags":[44,1235,7069,2430,12936,45,1387,12945],"class_list":["post-71679","post","type-post","status-publish","format-standard","has-post-thumbnail","hentry","category-argentina","category-politica","tag-argentina","tag-cgt","tag-espacios-publicos","tag-gobierno","tag-manuel-adorni","tag-noticias","tag-paro","tag-vocero-presidencial"],"amp_enabled":true,"_links":{"self":[{"href":"https:\/\/esreviral.com\/index.php?rest_route=\/wp\/v2\/posts\/71679"}],"collection":[{"href":"https:\/\/esreviral.com\/index.php?rest_route=\/wp\/v2\/posts"}],"about":[{"href":"https:\/\/esreviral.com\/index.php?rest_route=\/wp\/v2\/types\/post"}],"author":[{"embeddable":true,"href":"https:\/\/esreviral.com\/index.php?rest_route=\/wp\/v2\/users\/3"}],"replies":[{"embeddable":true,"href":"https:\/\/esreviral.com\/index.php?rest_route=%2Fwp%2Fv2%2Fcomments&post=71679"}],"version-history":[{"count":1,"href":"https:\/\/esreviral.com\/index.php?rest_route=\/wp\/v2\/posts\/71679\/revisions"}],"predecessor-version":[{"id":71681,"href":"https:\/\/esreviral.com\/index.php?rest_route=\/wp\/v2\/posts\/71679\/revisions\/71681"}],"wp:featuredmedia":[{"embeddable":true,"href":"https:\/\/esreviral.com\/index.php?rest_route=\/wp\/v2\/media\/71680"}],"wp:attachment":[{"href":"https:\/\/esreviral.com\/index.php?rest_route=%2Fwp%2Fv2%2Fmedia&parent=71679"}],"wp:term":[{"taxonomy":"category","embeddable":true,"href":"https:\/\/esreviral.com\/index.php?rest_route=%2Fwp%2Fv2%2Fcategories&post=71679"},{"taxonomy":"post_tag","embeddable":true,"href":"https:\/\/esreviral.com\/index.php?rest_route=%2Fwp%2Fv2%2Ftags&post=71679"}],"curies":[{"name":"wp","href":"https:\/\/api.w.org\/{rel}","templated":true}]}}