{"id":71606,"date":"2025-04-09T07:10:43","date_gmt":"2025-04-09T12:10:43","guid":{"rendered":"https:\/\/esreviral.com\/?p=71606"},"modified":"2025-04-30T12:27:47","modified_gmt":"2025-04-30T17:27:47","slug":"asesinaron-a-mujer-trans-le-partieron-las-piernas-y-brazos-y-luego-la-lanzaron-a-una-quebrada","status":"publish","type":"post","link":"https:\/\/esreviral.com\/?p=71606","title":{"rendered":"Asesinaron a mujer trans: Le partieron las piernas y brazos y luego la lanzaron a una quebrada\u00a0"},"content":{"rendered":"\n<p><strong>Sara Millerey Gonz\u00e1lez Borja<\/strong>, una mujer trans de 32 a\u00f1os de edad, fue asesinada de forma atroz el pasado viernes 4 de abril en el municipio de <strong>Bello<\/strong>, departamento de <strong>Antioquia<\/strong>, Colombia. El hecho ocurri\u00f3 cerca de las 6 de la tarde en las aguas de la quebrada <strong>La Garc\u00eda<\/strong>.<\/p>\n\n\n\n<p>Lo m\u00e1s impactante del caso es que <strong>el momento en que fue encontrada herida qued\u00f3 registrado en video y se viraliz\u00f3 en redes sociales<\/strong>. En las im\u00e1genes, se observa a Sara gravemente lesionada, quej\u00e1ndose de dolor, mientras quienes la filmaban parec\u00edan no prestarle auxilio inmediato, lo que ha generado una profunda indignaci\u00f3n.<\/p>\n\n\n\n<p>Sara, conocida entre sus allegados como <em>La Millerey<\/em>, <strong>fue brutalmente golpeada por agresores a\u00fan no identificados. Le fracturaron brazos y piernas y luego la arrojaron a la quebrada para impedir que pudiera escapar.<\/strong> A pesar de sus heridas, logr\u00f3 sujetarse de unas ramas y pedir ayuda.<\/p>\n\n\n\n<p class=\"has-text-align-center\"><em><strong><em><strong><em><strong><em><strong><a href=\"https:\/\/t.me\/esreviral\">\u00daNETE A NUESTRO CANAL DE TELEGRAM PARA ESTAR INFORMADO<\/a><\/strong><\/em><\/strong><\/em><\/strong><\/em><\/strong><\/em><\/p>\n\n\n\n<blockquote class=\"twitter-tweet\"><p lang=\"es\" dir=\"ltr\">Le rompieron los brazos, las piernas a una mujer trans y fue arrojada a un r\u00edo para que muriera. <a href=\"https:\/\/t.co\/mlWCRjKv3J\">pic.twitter.com\/mlWCRjKv3J<\/a><\/p>&mdash; ES RE VIRAL (@esreviral) <a href=\"https:\/\/twitter.com\/esreviral\/status\/1909940353269899417?ref_src=twsrc%5Etfw\">April 9, 2025<\/a><\/blockquote> <script async src=\"https:\/\/platform.twitter.com\/widgets.js\" charset=\"utf-8\"><\/script>\n\n\n\n<p><\/p>\n\n\n\n<p>Tiempo despu\u00e9s, dos personas que transitaban por la zona finalmente la auxiliaron y alertaron a los <strong>Bomberos de Bello<\/strong>, quienes la trasladaron al <strong>Hospital La Mar\u00eda<\/strong> de Medell\u00edn. Sin embargo, debido a la gravedad de sus lesiones, <strong>Sara falleci\u00f3 poco despu\u00e9s<\/strong>.<\/p>\n\n\n\n<p>Antes de morir, alcanz\u00f3 a decir que unas personas la hab\u00edan arrojado al agua, sin poder identificar a sus agresores ni explicar los motivos.<\/p>\n\n\n\n<p>Hasta el momento, las autoridades presumen que fue <strong>golpeada por personas del sector<\/strong>, seg\u00fan inform\u00f3 <strong>Jos\u00e9 Rolando Serrano Jaramillo<\/strong>, secretario de Seguridad y Convivencia Ciudadana de Bello. El caso est\u00e1 siendo investigado por la <strong>Fiscal\u00eda General de la Naci\u00f3n<\/strong> y <strong>Medicina Legal<\/strong>, con el fin de esclarecer los hechos y dar con los responsables.<\/p>\n\n\n\n<p>El asesinato de Sara ha generado una fuerte reacci\u00f3n en la opini\u00f3n p\u00fablica, en un pa\u00eds donde los cr\u00edmenes contra personas LGBTIQ+ siguen en aumento. Solo en el primer trimestre del a\u00f1o, las cifras de violencia contra esta comunidad resultan alarmantes.<\/p>\n\n\n\n<p>El <strong>Ministerio de Igualdad y Equidad<\/strong> conden\u00f3 el crimen mediante un comunicado:<\/p>\n\n\n\n<blockquote class=\"wp-block-quote is-layout-flow wp-block-quote-is-layout-flow\">\n<p><em>\u00abLa transfobia mata. El silencio, tambi\u00e9n. Sara fue v\u00edctima de una agresi\u00f3n violenta, deshumanizante y brutal que enluta al pa\u00eds y evidencia la persistencia de violencias estructurales basadas en prejuicios, intolerancia y odio hacia las identidades diversas\u201d<\/em>.<\/p>\n<\/blockquote>\n\n\n\n<p>Asimismo, el Ministerio solicit\u00f3 al <strong>Ministerio del Interior<\/strong> convocar una <strong>sesi\u00f3n extraordinaria de la Mesa de Casos Urgentes<\/strong>, para activar la ruta interinstitucional de atenci\u00f3n y garantizar el seguimiento riguroso del caso.<\/p>\n\n\n\n<p class=\"has-text-align-center\"><strong><em><mark style=\"background-color:rgba(0, 0, 0, 0)\" class=\"has-inline-color has-vivid-red-color\"><a href=\"https:\/\/esreviral.com\/?p=72766\" data-type=\"link\" data-id=\"https:\/\/esreviral.com\/?p=72766\">Lea Tambi\u00e9n: Cay\u00f3 uno de los se\u00f1alados por el atroz homicidio de una mujer trans en Colombia<\/a><\/mark><\/em><\/strong><\/p>\n\n\n\n<p class=\"has-text-align-center\"><strong><a href=\"https:\/\/chat.whatsapp.com\/KWkTmakY3I05kNdd2oZl6d\"><em>\u00daNETE A NUESTRO GRUPO DE WHATSAPP PARA ESTAR INFORMADO<\/em><\/a><\/strong><\/p>\n","protected":false},"excerpt":{"rendered":"<p>En un video que circula en redes sociales se ve c\u00f3mo la joven segu\u00eda con vida al ser tirada a la quebrada Playa Rica<\/p>\n","protected":false},"author":3,"featured_media":71607,"comment_status":"closed","ping_status":"closed","sticky":false,"template":"","format":"standard","meta":{"jnews-multi-image_gallery":[],"jnews_single_post":{"format":"standard"},"jnews_primary_category":[],"jnews_social_meta":[],"jnews_review":[],"enable_review":"","type":"","name":"","summary":"","brand":"","sku":"","good":[],"bad":[],"score_override":"","override_value":"","rating":[],"price":[],"jnews_override_counter":[],"jnews_post_split":[],"footnotes":""},"categories":[88,64],"tags":[10697,281,283,3274,28200,1580,22586,45,28199],"class_list":["post-71606","post","type-post","status-publish","format-standard","has-post-thumbnail","hentry","category-internacionales","category-sucesos","tag-antioquia","tag-asesinato","tag-colombia","tag-colombia-noticias","tag-crimenes-de-odio","tag-homofobia","tag-lgbtq","tag-noticias","tag-sara-la-milerey"],"amp_enabled":true,"_links":{"self":[{"href":"https:\/\/esreviral.com\/index.php?rest_route=\/wp\/v2\/posts\/71606"}],"collection":[{"href":"https:\/\/esreviral.com\/index.php?rest_route=\/wp\/v2\/posts"}],"about":[{"href":"https:\/\/esreviral.com\/index.php?rest_route=\/wp\/v2\/types\/post"}],"author":[{"embeddable":true,"href":"https:\/\/esreviral.com\/index.php?rest_route=\/wp\/v2\/users\/3"}],"replies":[{"embeddable":true,"href":"https:\/\/esreviral.com\/index.php?rest_route=%2Fwp%2Fv2%2Fcomments&post=71606"}],"version-history":[{"count":2,"href":"https:\/\/esreviral.com\/index.php?rest_route=\/wp\/v2\/posts\/71606\/revisions"}],"predecessor-version":[{"id":72772,"href":"https:\/\/esreviral.com\/index.php?rest_route=\/wp\/v2\/posts\/71606\/revisions\/72772"}],"wp:featuredmedia":[{"embeddable":true,"href":"https:\/\/esreviral.com\/index.php?rest_route=\/wp\/v2\/media\/71607"}],"wp:attachment":[{"href":"https:\/\/esreviral.com\/index.php?rest_route=%2Fwp%2Fv2%2Fmedia&parent=71606"}],"wp:term":[{"taxonomy":"category","embeddable":true,"href":"https:\/\/esreviral.com\/index.php?rest_route=%2Fwp%2Fv2%2Fcategories&post=71606"},{"taxonomy":"post_tag","embeddable":true,"href":"https:\/\/esreviral.com\/index.php?rest_route=%2Fwp%2Fv2%2Ftags&post=71606"}],"curies":[{"name":"wp","href":"https:\/\/api.w.org\/{rel}","templated":true}]}}