{"id":71537,"date":"2025-04-08T07:20:16","date_gmt":"2025-04-08T12:20:16","guid":{"rendered":"https:\/\/esreviral.com\/?p=71537"},"modified":"2025-04-08T07:20:18","modified_gmt":"2025-04-08T12:20:18","slug":"argentina-un-adolescente-llevo-un-arma-a-clases-y-otra-ataco-con-una-navaja-a-companera-de-colegio","status":"publish","type":"post","link":"https:\/\/esreviral.com\/?p=71537","title":{"rendered":"Argentina: Un adolescente llev\u00f3 un arma a clases y otra atac\u00f3 con una navaja a compa\u00f1era de colegio"},"content":{"rendered":"\n<p>Dos nuevos episodios violentos en <strong>escuelas de la provincia de Buenos Aires <\/strong>encendieron las alarmas en la <strong>comunidad educativa<\/strong>. En uno de los casos, <strong>una alumna de 14 a\u00f1os de edad apu\u00f1al\u00f3 a una compa\u00f1era durante una clase en un colegio de Gregorio de Laferr\u00e8re, partido de La Matanza. En el otro, un adolescente de 16 a\u00f1os de edad llev\u00f3 un arma de fuego a un aula en una escuela de Mar del Plata y la mostr\u00f3 a sus compa\u00f1eros.<\/strong><\/p>\n\n\n\n<p>El segundo hecho ocurri\u00f3 en la Escuela Secundaria N.\u00ba 58, en la calle<strong>\u00a0Lebensohn al 6800<\/strong> ubicada en el<strong> barrio El Martillo, al sur de Mar del Plata<\/strong>. El fiscal Walter Mart\u00ednez Soto, a cargo de una de las unidades de Responsabilidad Penal Juvenil, intervino personalmente en el caso y <strong>confirm\u00f3 que el arma, de tipo antiguo y de baja potencia \u2014inferior a un calibre .22\u2014, fue secuestrada en el establecimiento.<\/strong><\/p>\n\n\n\n<p class=\"has-text-align-center\"><em><strong><em><strong><em><strong><em><strong><a href=\"https:\/\/t.me\/esreviral\">\u00daNETE A NUESTRO CANAL DE TELEGRAM PARA ESTAR INFORMADO<\/a><\/strong><\/em><\/strong><\/em><\/strong><\/em><\/strong><\/em><\/p>\n\n\n\n<figure class=\"wp-block-image size-large\"><img decoding=\"async\" src=\"https:\/\/tn.com.ar\/resizer\/v2\/el-arma-que-llevo-el-menor-al-colegio-de-mar-del-plata-foto-policia-bonaerense-LQDCAM63KZCG5A5DR7UNN6GCOU.jpg?auth=3005d271564d94052048fd9ec031d980a443ec06c0027f13505de5ec04a72458&amp;width=1440\" alt=\"\"\/><\/figure>\n\n\n\n<p><\/p>\n\n\n\n<p>Seg\u00fan explic\u00f3 el fiscal, <strong>no exist\u00eda un conflicto previo entre el alumno y otros compa\u00f1eros, por lo que se investiga c\u00f3mo obtuvo el arma y por qu\u00e9 la llev\u00f3 al colegio<\/strong>. El joven fue notificado del inicio de un<strong> proceso judicial por tenencia de arma de uso civil,<\/strong> aunque, debido a que la pena esperada no supera los dos a\u00f1os de prisi\u00f3n, no enfrentar\u00e1 una detenci\u00f3n efectiva. Tampoco se le impedir\u00e1 retomar las clases.<\/p>\n\n\n\n<p>Este caso se suma al registrado la semana pasada en la escuela Jes\u00fas Mar\u00eda, en el barrio Regional de Mar del Plata, donde un alumno de 12 a\u00f1os de edad fue filmado con un rev\u00f3lver mientras lanzaba amenazas contra otro compa\u00f1ero. El arma fue entregada a las autoridades por el padre del menor, quien qued\u00f3 imputado por su presunta responsabilidad. Posteriormente, se confirm\u00f3 que el arma no estaba en condiciones de disparo.<\/p>\n\n\n\n<p class=\"has-text-align-center\"><\/p>\n\n\n\n<p><strong><mark style=\"background-color:rgba(0, 0, 0, 0)\" class=\"has-inline-color has-vivid-red-color\">Ataque en el aula en Laferr\u00e8re<\/mark><\/strong><\/p>\n\n\n\n<figure class=\"wp-block-image size-large\"><img decoding=\"async\" src=\"https:\/\/tn.com.ar\/resizer\/v2\/la-agresora-fue-imputada-por-el-delito-de-lesiones-graves-foto-tn-NSEWAOXC55CYZML3JLZMLFQUHU.PNG?auth=603f924ba92ca59c3aa32ec6f7229594ed2a804cfd2081a9d06b7bda81744246&amp;width=1440\" alt=\"\"\/><\/figure>\n\n\n\n<p class=\"has-text-align-center\"><strong><em>La agresora fue imputada por el delito de\u00a0\u201clesiones graves\u201d<\/em><\/strong>.<\/p>\n\n\n\n<p>Tambi\u00e9n el lunes, en el colegio privado Santa Dom\u00e9nica de Gregorio de Laferr\u00e8re, partido de <strong>La Matanza,<\/strong> <strong>una alumna de 14 a\u00f1os de edad atac\u00f3 con una navaja a una compa\u00f1era de su misma edad, provoc\u00e1ndole heridas en la cabeza y la mano.<\/strong> El episodio ocurri\u00f3 durante una clase, luego de que la agresora interpretara que un grupo de compa\u00f1eras se estaba burlando de ella en el patio del colegio.<\/p>\n\n\n\n<p>La v\u00edctima fue trasladada al Hospital Simplemente Evita, donde recibi\u00f3 atenci\u00f3n m\u00e9dica y se encuentra fuera de peligro. La agresora fue retenida por la polic\u00eda y trasladada a la comisar\u00eda junto a su madre. Fuentes judiciales informaron que fue imputada por \u201c<strong>lesiones graves<\/strong>\u201d. Seg\u00fan indicaron los padres, <strong>la adolescente recibe tratamiento psiqui\u00e1trico en el Hospital de Ni\u00f1os de San Justo. Su estado ser\u00e1 evaluado por un profesional el pr\u00f3ximo jueves.<\/strong><\/p>\n\n\n\n<p>Ambos hechos generaron profunda preocupaci\u00f3n entre autoridades educativas y familias, que reclaman medidas urgentes para prevenir situaciones similares y garantizar entornos escolares seguros.<\/p>\n\n\n\n<p class=\"has-text-align-center\"><strong><a href=\"https:\/\/chat.whatsapp.com\/KWkTmakY3I05kNdd2oZl6d\"><em>\u00daNETE A NUESTRO GRUPO DE WHATSAPP PARA ESTAR INFORMADO<\/em><\/a><\/strong><\/p>\n\n\n\n<figure class=\"wp-block-image size-large\"><img decoding=\"async\" src=\"https:\/\/tn.com.ar\/resizer\/v2\/la-navaja-que-utilizo-la-agresora-foto-tn-B5WYY2QQONDNLHNHY5KLOHDTPE.PNG?auth=f0cb89de8b1abfe288bea366b7e97c4e1b32322b8f86db16313242dc640b4900&amp;width=1440\" alt=\"\"\/><\/figure>\n\n\n\n<p class=\"has-text-align-center\"><strong><em>La navaja que utiliz\u00f3 la agresora.<\/em><\/strong><\/p>\n","protected":false},"excerpt":{"rendered":"<p>Dos nuevos hechos conmovieron ayer a la comunidad educativa; uno sucedi\u00f3 en una escuela de Mar del Plata y el otro, en Laferr\u00e8re<\/p>\n","protected":false},"author":3,"featured_media":71539,"comment_status":"closed","ping_status":"closed","sticky":false,"template":"","format":"standard","meta":{"jnews-multi-image_gallery":[],"jnews_single_post":{"format":"standard"},"jnews_primary_category":[],"jnews_social_meta":[],"jnews_review":[],"enable_review":"","type":"","name":"","summary":"","brand":"","sku":"","good":[],"bad":[],"score_override":"","override_value":"","rating":[],"price":[],"jnews_override_counter":[],"jnews_post_split":[],"footnotes":""},"categories":[58,64],"tags":[2189,44,7877,1933,28108,2061,481,1043,45],"class_list":["post-71537","post","type-post","status-publish","format-standard","has-post-thumbnail","hentry","category-argentina","category-sucesos","tag-adolescentes","tag-argentina","tag-arma-de-fuego","tag-ataque","tag-comunidad-educativa","tag-escuelas","tag-laferrere","tag-mar-del-plata","tag-noticias"],"amp_enabled":true,"_links":{"self":[{"href":"https:\/\/esreviral.com\/index.php?rest_route=\/wp\/v2\/posts\/71537"}],"collection":[{"href":"https:\/\/esreviral.com\/index.php?rest_route=\/wp\/v2\/posts"}],"about":[{"href":"https:\/\/esreviral.com\/index.php?rest_route=\/wp\/v2\/types\/post"}],"author":[{"embeddable":true,"href":"https:\/\/esreviral.com\/index.php?rest_route=\/wp\/v2\/users\/3"}],"replies":[{"embeddable":true,"href":"https:\/\/esreviral.com\/index.php?rest_route=%2Fwp%2Fv2%2Fcomments&post=71537"}],"version-history":[{"count":1,"href":"https:\/\/esreviral.com\/index.php?rest_route=\/wp\/v2\/posts\/71537\/revisions"}],"predecessor-version":[{"id":71540,"href":"https:\/\/esreviral.com\/index.php?rest_route=\/wp\/v2\/posts\/71537\/revisions\/71540"}],"wp:featuredmedia":[{"embeddable":true,"href":"https:\/\/esreviral.com\/index.php?rest_route=\/wp\/v2\/media\/71539"}],"wp:attachment":[{"href":"https:\/\/esreviral.com\/index.php?rest_route=%2Fwp%2Fv2%2Fmedia&parent=71537"}],"wp:term":[{"taxonomy":"category","embeddable":true,"href":"https:\/\/esreviral.com\/index.php?rest_route=%2Fwp%2Fv2%2Fcategories&post=71537"},{"taxonomy":"post_tag","embeddable":true,"href":"https:\/\/esreviral.com\/index.php?rest_route=%2Fwp%2Fv2%2Ftags&post=71537"}],"curies":[{"name":"wp","href":"https:\/\/api.w.org\/{rel}","templated":true}]}}