{"id":71501,"date":"2025-04-07T13:11:56","date_gmt":"2025-04-07T18:11:56","guid":{"rendered":"https:\/\/esreviral.com\/?p=71501"},"modified":"2025-04-07T13:11:57","modified_gmt":"2025-04-07T18:11:57","slug":"renuncio-el-juez-de-la-corte-suprema-designado-por-milei-tras-el-rechazo-del-senado","status":"publish","type":"post","link":"https:\/\/esreviral.com\/?p=71501","title":{"rendered":"Renunci\u00f3 el juez de la Corte Suprema designado por Milei tras el rechazo del Senado"},"content":{"rendered":"\n<p>Luego de 39 d\u00edas en el cargo y tras un contundente rechazo del Senado, <strong>Manuel Garc\u00eda-Mansilla<\/strong> <strong>present\u00f3 este lunes su renuncia como juez de la Corte Suprema de Justicia de la Naci\u00f3n. Lo hizo a trav\u00e9s de una carta dirigida al presidente Javier Milei.<\/strong><\/p>\n\n\n\n<p>Garc\u00eda-Mansilla hab\u00eda asumido el 27 de febrero<strong> por decreto presidencial, <\/strong>durante un acto en el Palacio de Tribunales. Aunque el Gobierno intent\u00f3 sostenerlo hasta el final del a\u00f1o legislativo, finalmente acept\u00f3 su dimisi\u00f3n tras la presi\u00f3n institucional y el fallo judicial que cuestion\u00f3 su legitimidad.<\/p>\n\n\n\n<p>El Senado trat\u00f3 su pliego la semana pasada: 51 votos en contra y 20 a favor sellaron su destino. A ra\u00edz de esta decisi\u00f3n, el juez federal Alejo Ramos Padilla dict\u00f3 un fallo que le prohibi\u00f3 intervenir en causas en tr\u00e1mite ante la Corte o tomar decisiones administrativas durante tres meses.<\/p>\n\n\n\n<p class=\"has-text-align-center\"><br><em><strong><em><strong><em><strong><em><strong><a href=\"https:\/\/t.me\/esreviral\">\u00daNETE A NUESTRO CANAL DE TELEGRAM PARA ESTAR INFORMADO<\/a><\/strong><\/em><\/strong><\/em><\/strong><\/em><\/strong><\/em><\/p>\n\n\n\n<iframe src=\"https:\/\/drive.google.com\/file\/d\/1Cyx3GEFeUoY4vYxwoMxxQWeEQEonL8SB\/preview\" width=\"640\" height=\"480\" allow=\"autoplay\"><\/iframe>\n\n\n\n<p><\/p>\n\n\n\n<p>Para Ramos Padilla, la votaci\u00f3n en el Senado cuestion\u00f3 la legitimidad del juez y advirti\u00f3 que cualquier acto firmado por \u00e9l \u201cpodr\u00eda ser considerado ileg\u00edtimo, nulo o incluso inexistente, afectando la seguridad jur\u00eddica y poniendo en riesgo el sistema judicial\u201d.<\/p>\n\n\n\n<p>Garc\u00eda-Mansilla decidi\u00f3 no apelar esa resoluci\u00f3n. El Gobierno, sin embargo, present\u00f3 un \u201csalto de instancia\u201d para que la Corte Suprema revise directamente el fallo de Ramos Padilla.<\/p>\n\n\n\n<p>Desde el viernes, diversas voces del \u00e1mbito jur\u00eddico y acad\u00e9mico reclamaban su salida para evitar un conflicto institucional. El Colegio P\u00fablico de Abogados de la Capital Federal, presidido por Ricardo Gil Lavedra, sostuvo en un comunicado que \u201cel rechazo del Senado concluye el debate sobre estas nominaciones y debe ser acatado\u201d.<\/p>\n\n\n\n<p>Adem\u00e1s, profesores, abogados y juristas de todo el pa\u00eds solicitaron su salida inmediata. \u201cSu designaci\u00f3n fue rechazada por 51 votos, lo que representa las dos terceras partes del Senado. En ese marco, su continuidad es insostenible y viola el art\u00edculo 99, inciso 4, de la Constituci\u00f3n Nacional\u201d, expresaron.<\/p>\n\n\n\n<p>Aunque desde el Gobierno se hizo un \u00faltimo intento por retenerlo, fuentes del oficialismo ya hab\u00edan anticipado que la renuncia era probable: \u201c<strong><em>No creemos que siga\u201d.<\/em><\/strong><\/p>\n\n\n\n<p>Con su salida, la Corte Suprema vuelve a quedar integrada por tres jueces: <strong>Horacio Rosatti, Carlos Rosenkrantz y Ricardo Lorenzetti. <\/strong>De no alcanzar mayor\u00eda en sus fallos, deber\u00e1n convocar a conjueces.<\/p>\n\n\n\n<h3 class=\"wp-block-heading\"><strong><mark style=\"background-color:rgba(0, 0, 0, 0)\" class=\"has-inline-color has-vivid-red-color\">Las frases m\u00e1s destacadas de la carta de renuncia de Garc\u00eda-Mansilla<\/mark><\/strong><\/h3>\n\n\n\n<ul class=\"wp-block-list\">\n<li>\u201cAcept\u00e9 el nombramiento con la convicci\u00f3n de que la falta de integraci\u00f3n de la Corte era un grave problema institucional que requer\u00eda soluci\u00f3n urgente\u201d.<\/li>\n\n\n\n<li>\u201cCreer que la Corte puede funcionar con solo tres jueces es un espejismo institucional que puede causar m\u00e1s da\u00f1o que la demora en su integraci\u00f3n\u201d.<\/li>\n\n\n\n<li>\u201cLa integraci\u00f3n del m\u00e1ximo tribunal no admite m\u00e1s demoras. Al aceptar el nombramiento en comisi\u00f3n, asum\u00ed la responsabilidad de colaborar con una soluci\u00f3n inmediata\u201d.<\/li>\n\n\n\n<li>\u201cSi alguno de los tres jueces actuales tuviera un impedimento, la Corte no podr\u00eda funcionar. Es un riesgo innecesario\u201d.<\/li>\n\n\n\n<li>\u201cPodr\u00eda haber tomado el camino f\u00e1cil y no asumir la responsabilidad, pero cre\u00ed correcto aceptar, pese a cr\u00edticas injustas e interesadas\u201d.<\/li>\n\n\n\n<li>\u201cConsider\u00e9 que el nombramiento en comisi\u00f3n era constitucional, ajustado a todas las condiciones del art\u00edculo 99, inciso 19, de la Constituci\u00f3n\u201d.<\/li>\n\n\n\n<li>\u201cEn la audiencia del 28 de agosto de 2024 aclar\u00e9 que no habr\u00eda aceptado un nombramiento en comisi\u00f3n en 2015, pero era una valoraci\u00f3n retrospectiva. La situaci\u00f3n actual es distinta\u201d.<\/li>\n\n\n\n<li>\u201cAlgunos senadores tergiversaron mis declaraciones para acusarme de enga\u00f1o y rechazar mi pliego por supuesta falta de idoneidad moral\u201d.<\/li>\n\n\n\n<li>\u201cNo hab\u00eda ning\u00fan tr\u00e1mite pendiente. El Senado dej\u00f3 pasar las sesiones ordinarias y tambi\u00e9n ignor\u00f3 el llamado a extraordinarias. Fue una especulaci\u00f3n pol\u00edtica\u201d.<\/li>\n\n\n\n<li>\u201cTras el juramento previsto en el art\u00edculo 112, me integr\u00e9 al Tribunal y particip\u00e9 en acuerdos. La primera causa fue el rechazo al pedido de licencia del Dr. Ariel Lijo. Solo entonces se activ\u00f3 el proceso que deriv\u00f3 en el rechazo de mi nominaci\u00f3n\u201d.<\/li>\n\n\n\n<li>\u201cMi permanencia no contribuir\u00eda a que los responsables de integrar la Corte tomen conciencia del problema. Tal vez esta renuncia sirva de advertencia\u201d.<\/li>\n\n\n\n<li>\u201cEl d\u00eda que contemos con un Poder Judicial \u00edntegro, con jueces honestos, independientes y apegados a la Constituci\u00f3n, el pa\u00eds tendr\u00e1 gran parte de su futuro asegurado\u201d.<\/li>\n\n\n\n<li>\u201cDurante el tiempo que estuve en funciones, cumpl\u00ed mis deberes con independencia, rectitud e imparcialidad, respetando siempre la Constituci\u00f3n Nacional\u201d.<\/li>\n<\/ul>\n\n\n\n<p><\/p>\n\n\n\n<p class=\"has-text-align-center\"><strong><a href=\"https:\/\/chat.whatsapp.com\/KWkTmakY3I05kNdd2oZl6d\"><em>\u00daNETE A NUESTRO GRUPO DE WHATSAPP PARA ESTAR INFORMADO<\/em><\/a><\/strong><\/p>\n","protected":false},"excerpt":{"rendered":"<p>El constitucionalista hizo saber a Javier Milei, que lo hab\u00eda nombrado, que dejaba el m\u00e1ximo tribunal despu\u00e9s de que el Senado rechaz\u00f3 su pliego<\/p>\n","protected":false},"author":3,"featured_media":71502,"comment_status":"closed","ping_status":"closed","sticky":false,"template":"","format":"standard","meta":{"jnews-multi-image_gallery":[],"jnews_single_post":{"format":"standard"},"jnews_primary_category":[],"jnews_social_meta":[],"jnews_review":[],"enable_review":"","type":"","name":"","summary":"","brand":"","sku":"","good":[],"bad":[],"score_override":"","override_value":"","rating":[],"price":[],"jnews_override_counter":[],"jnews_post_split":[],"footnotes":""},"categories":[58,59],"tags":[44,28041,6903,28043,45,28042],"class_list":["post-71501","post","type-post","status-publish","format-standard","has-post-thumbnail","hentry","category-argentina","category-politica","tag-argentina","tag-cautelar-ramos-padilla","tag-corte-suprema","tag-decreto-desginacion-jueces","tag-noticias","tag-renuncia-garcia-mansilla"],"amp_enabled":true,"_links":{"self":[{"href":"https:\/\/esreviral.com\/index.php?rest_route=\/wp\/v2\/posts\/71501"}],"collection":[{"href":"https:\/\/esreviral.com\/index.php?rest_route=\/wp\/v2\/posts"}],"about":[{"href":"https:\/\/esreviral.com\/index.php?rest_route=\/wp\/v2\/types\/post"}],"author":[{"embeddable":true,"href":"https:\/\/esreviral.com\/index.php?rest_route=\/wp\/v2\/users\/3"}],"replies":[{"embeddable":true,"href":"https:\/\/esreviral.com\/index.php?rest_route=%2Fwp%2Fv2%2Fcomments&post=71501"}],"version-history":[{"count":1,"href":"https:\/\/esreviral.com\/index.php?rest_route=\/wp\/v2\/posts\/71501\/revisions"}],"predecessor-version":[{"id":71503,"href":"https:\/\/esreviral.com\/index.php?rest_route=\/wp\/v2\/posts\/71501\/revisions\/71503"}],"wp:featuredmedia":[{"embeddable":true,"href":"https:\/\/esreviral.com\/index.php?rest_route=\/wp\/v2\/media\/71502"}],"wp:attachment":[{"href":"https:\/\/esreviral.com\/index.php?rest_route=%2Fwp%2Fv2%2Fmedia&parent=71501"}],"wp:term":[{"taxonomy":"category","embeddable":true,"href":"https:\/\/esreviral.com\/index.php?rest_route=%2Fwp%2Fv2%2Fcategories&post=71501"},{"taxonomy":"post_tag","embeddable":true,"href":"https:\/\/esreviral.com\/index.php?rest_route=%2Fwp%2Fv2%2Ftags&post=71501"}],"curies":[{"name":"wp","href":"https:\/\/api.w.org\/{rel}","templated":true}]}}