{"id":7150,"date":"2021-06-01T17:06:11","date_gmt":"2021-06-01T20:06:11","guid":{"rendered":"http:\/\/esreviral.com\/?p=7150"},"modified":"2021-06-01T17:06:11","modified_gmt":"2021-06-01T20:06:11","slug":"carlo-ancelotti-tendra-su-segunda-etapa-en-el-madrid","status":"publish","type":"post","link":"https:\/\/esreviral.com\/?p=7150","title":{"rendered":"Carlo Ancelotti tendr\u00e1 su segunda etapa en el Madrid"},"content":{"rendered":"\n<p><strong><em>Arturo L\u00f3pez-.<\/em><\/strong> El Real Madrid anunci\u00f3 a su nuevo director t\u00e9cnico para la venidera campa\u00f1a 2021-2022 y ser\u00e1 el italiano Carlo Ancelotti, un viejo conocido de la \u00abcasa blanca\u00bb que tendr\u00e1 su segunda etapa luego de dirigirlos desde el 2013 hasta el 2015.<\/p>\n\n\n\n<p>Ancelotti logr\u00f3 conquistar la tan ansiada d\u00e9cima Champions League para los \u00abmerengues\u00bb en el 2014, cuando ten\u00edan 12 a\u00f1os sin ganar el torneo europeo. Tambi\u00e9n en su primera etapa consigui\u00f3 una Copa del Rey, una Supercopa de Espa\u00f1a y un Mundial de Clubes.<\/p>\n\n\n\n<p>La asignatura pendiente que tuvo \u00abCarletto\u00bb en sus dos a\u00f1os fue La Liga, pues no logr\u00f3 ganarla y es una de las razones que lo motiv\u00f3 a volver al Madrid.<\/p>\n\n\n\n<p>De todos los t\u00e9cnicos que sonaban, como Ra\u00fal Gonz\u00e1lez Blanco, Mauricio Pochettino, Antonio Conte, Xabi Alonso, ninguno termin\u00f3 siendo el elegido para el banquillo del Madrid. El presidente Florentinos P\u00e9rez sorprendi\u00f3 a propios y extra\u00f1os eligiendo a Ancelotti como el nuevo DT.<\/p>\n\n\n\n<p>El nuevo t\u00e9cnico de los blancos se despidi\u00f3 en su Twitter del Everton, su antiguo club. \u201cMe gustar\u00eda dar las gracias al Everton FC, mis jugadores y los aficionados, por darme la oportunidad de dirigir este fant\u00e1stico e hist\u00f3rico club. Decido dejarlos porque tengo un nuevo reto con un equipo que siempre estuvo en mi coraz\u00f3n, el Real Madrid\u201d reza el mensaje Ancelotti.<\/p>\n","protected":false},"excerpt":{"rendered":"<p>Arturo L\u00f3pez-. El Real Madrid anunci\u00f3 a su nuevo director t\u00e9cnico para la venidera campa\u00f1a 2021-2022 y ser\u00e1 el italiano Carlo Ancelotti, un viejo conocido de la \u00abcasa blanca\u00bb que tendr\u00e1 su segunda etapa luego de dirigirlos desde el 2013 hasta el 2015. Ancelotti logr\u00f3 conquistar la tan ansiada d\u00e9cima Champions League para los \u00abmerengues\u00bb [&hellip;]<\/p>\n","protected":false},"author":2,"featured_media":7151,"comment_status":"open","ping_status":"open","sticky":false,"template":"","format":"standard","meta":{"jnews-multi-image_gallery":[],"jnews_single_post":[],"jnews_primary_category":[],"jnews_social_meta":[],"jnews_review":[],"enable_review":"","type":"","name":"","summary":"","brand":"","sku":"","good":[],"bad":[],"score_override":"","override_value":"","rating":[],"price":[],"jnews_override_counter":[],"jnews_post_split":[],"footnotes":""},"categories":[48],"tags":[90,104],"class_list":["post-7150","post","type-post","status-publish","format-standard","has-post-thumbnail","hentry","category-deportes","tag-futbol","tag-real-madrid"],"amp_enabled":true,"_links":{"self":[{"href":"https:\/\/esreviral.com\/index.php?rest_route=\/wp\/v2\/posts\/7150"}],"collection":[{"href":"https:\/\/esreviral.com\/index.php?rest_route=\/wp\/v2\/posts"}],"about":[{"href":"https:\/\/esreviral.com\/index.php?rest_route=\/wp\/v2\/types\/post"}],"author":[{"embeddable":true,"href":"https:\/\/esreviral.com\/index.php?rest_route=\/wp\/v2\/users\/2"}],"replies":[{"embeddable":true,"href":"https:\/\/esreviral.com\/index.php?rest_route=%2Fwp%2Fv2%2Fcomments&post=7150"}],"version-history":[{"count":0,"href":"https:\/\/esreviral.com\/index.php?rest_route=\/wp\/v2\/posts\/7150\/revisions"}],"wp:featuredmedia":[{"embeddable":true,"href":"https:\/\/esreviral.com\/index.php?rest_route=\/"}],"wp:attachment":[{"href":"https:\/\/esreviral.com\/index.php?rest_route=%2Fwp%2Fv2%2Fmedia&parent=7150"}],"wp:term":[{"taxonomy":"category","embeddable":true,"href":"https:\/\/esreviral.com\/index.php?rest_route=%2Fwp%2Fv2%2Fcategories&post=7150"},{"taxonomy":"post_tag","embeddable":true,"href":"https:\/\/esreviral.com\/index.php?rest_route=%2Fwp%2Fv2%2Ftags&post=7150"}],"curies":[{"name":"wp","href":"https:\/\/api.w.org\/{rel}","templated":true}]}}