{"id":71368,"date":"2025-04-04T09:31:26","date_gmt":"2025-04-04T14:31:26","guid":{"rendered":"https:\/\/esreviral.com\/?p=71368"},"modified":"2025-04-04T09:33:59","modified_gmt":"2025-04-04T14:33:59","slug":"video-un-carro-exploto-en-plena-plaza-central-de-amsterdam-investigan-intento-de-suicidio","status":"publish","type":"post","link":"https:\/\/esreviral.com\/?p=71368","title":{"rendered":"+VIDEO Un carro explot\u00f3 en plena plaza central de \u00c1msterdam: Investigan intento de suicidio"},"content":{"rendered":"\n<p><strong>Un hombre neerland\u00e9s de 50 a\u00f1os de edad sufri\u00f3 graves heridas este jueves tras una explosi\u00f3n dentro de su autom\u00f3vil en plena Plaza Dam<\/strong>, en el <strong>centro de \u00c1msterdam<\/strong>. El suceso, que conmocion\u00f3 a los transe\u00fantes, est\u00e1 siendo investigado por la polic\u00eda como un <strong>posible acto intencionado.<\/strong><\/p>\n\n\n\n<p>Seg\u00fan la polic\u00eda local, las im\u00e1genes de c\u00e1maras de seguridad muestran c\u00f3mo el veh\u00edculo comenz\u00f3 a arder tras una explosi\u00f3n interna, mientras decenas de personas circulaban por la zona.<\/p>\n\n\n\n<p>El conductor, identificado como ciudadano neerland\u00e9s, sali\u00f3 del autom\u00f3vil envuelto en llamas y fue auxiliado r\u00e1pidamente por agentes de polic\u00eda, quienes lograron sofocar el fuego con un extintor antes de la llegada de los servicios de emergencia.<\/p>\n\n\n\n<p class=\"has-text-align-center\"><em><strong><em><strong><em><strong><em><strong><a href=\"https:\/\/t.me\/esreviral\">\u00daNETE A NUESTRO CANAL DE TELEGRAM PARA ESTAR INFORMADO<\/a><\/strong><\/em><\/strong><\/em><\/strong><\/em><\/strong><\/em><\/p>\n\n\n\n<blockquote class=\"twitter-tweet\"><p lang=\"es\" dir=\"ltr\">\ud83c\uddf3\ud83c\uddf1 \u00a1Explosi\u00f3n en la plaza Dam de \u00c1msterdam! Un carro estall\u00f3 dejando a su conductor herido. Las autoridades investigan si fue un acto intencional <a href=\"https:\/\/t.co\/eetLC2WfOm\">pic.twitter.com\/eetLC2WfOm<\/a><\/p>&mdash; ES RE VIRAL (@esreviral) <a href=\"https:\/\/twitter.com\/esreviral\/status\/1908164329079267673?ref_src=twsrc%5Etfw\">April 4, 2025<\/a><\/blockquote> <script async src=\"https:\/\/platform.twitter.com\/widgets.js\" charset=\"utf-8\"><\/script>\n\n\n\n<p><\/p>\n\n\n\n<p>Tras recibir atenci\u00f3n en el lugar, fue trasladado a un hospital, donde permanece bajo custodia policial. Las autoridades indicaron que existen \u201c<strong><em>fuertes sospechas<\/em><\/strong>\u201d de que el propio hombre habr\u00eda provocado el incendio con la intenci\u00f3n de quitarse la vida.<\/p>\n\n\n\n<p>El impactante episodio ocurri\u00f3 alrededor de la 1:30 p.m., hora local, y fue ampliamente registrado por testigos y turistas presentes en la concurrida plaza.<\/p>\n\n\n\n<p>Im\u00e1genes difundidas en redes sociales y medios de comunicaci\u00f3n muestran el momento en que el veh\u00edculo se detiene entre los peatones, seguido por una explosi\u00f3n. Tambi\u00e9n se observa al conductor saliendo por su cuenta, rodando en el suelo y, posteriormente, caminando err\u00e1ticamente, cubierto de espuma tras ser atendido por la polic\u00eda.<\/p>\n\n\n\n<h3 class=\"wp-block-heading\"><strong><mark style=\"background-color:rgba(0, 0, 0, 0)\" class=\"has-inline-color has-vivid-red-color\">Otro ataque en la zona d\u00edas antes<\/mark><\/strong><\/h3>\n\n\n\n<p>Este incidente ocurre apenas una semana despu\u00e9s de otro violento suceso en una plaza cercana, donde un hombre ucraniano, oriundo de Donetsk, atac\u00f3 a cinco personas, dejando a dos de ellas gravemente heridas.<\/p>\n\n\n\n<p>La Fiscal\u00eda lo acusa de intento de asesinato u homicidio con fines terroristas. Las v\u00edctimas de ese ataque son originarias de Estados Unidos, B\u00e9lgica, Polonia y \u00c1msterdam. El agresor fue reducido por un turista brit\u00e1nico antes de ser detenido por la polic\u00eda.<\/p>\n\n\n\n<p class=\"has-text-align-center\"><strong><a href=\"https:\/\/chat.whatsapp.com\/KWkTmakY3I05kNdd2oZl6d\"><em>\u00daNETE A NUESTRO GRUPO DE WHATSAPP PARA ESTAR INFORMADO<\/em><\/a><\/strong><\/p>\n","protected":false},"excerpt":{"rendered":"<p>Las im\u00e1genes captadas por c\u00e1maras de seguridad muestran que el veh\u00edculo comenz\u00f3 a arder tras una explosi\u00f3n desde su interior, mientras decenas de personas circulaban cerca del lugar. Las autoridades se\u00f1alaron que existen \u201cfuertes sospechas\u201d de que el propio hombre provoc\u00f3 el incendio con la intenci\u00f3n de quitarse la vida. El conductor sali\u00f3 del veh\u00edculo envuelto en llamas y fue auxiliado r\u00e1pidamente por agentes de polic\u00eda<\/p>\n","protected":false},"author":3,"featured_media":71369,"comment_status":"closed","ping_status":"closed","sticky":false,"template":"","format":"standard","meta":{"jnews-multi-image_gallery":[],"jnews_single_post":{"format":"standard"},"jnews_primary_category":[],"jnews_social_meta":[],"jnews_review":[],"enable_review":"","type":"","name":"","summary":"","brand":"","sku":"","good":[],"bad":[],"score_override":"","override_value":"","rating":[],"price":[],"jnews_override_counter":[],"jnews_post_split":[],"footnotes":""},"categories":[88,64],"tags":[7067,27970,17284,45,27968,27969],"class_list":["post-71368","post","type-post","status-publish","format-standard","has-post-thumbnail","hentry","category-internacionales","category-sucesos","tag-amsterdam","tag-centro-de-amsterdam","tag-intento-de-suicidio","tag-noticias","tag-plaza-central","tag-plaza-dam"],"amp_enabled":true,"_links":{"self":[{"href":"https:\/\/esreviral.com\/index.php?rest_route=\/wp\/v2\/posts\/71368"}],"collection":[{"href":"https:\/\/esreviral.com\/index.php?rest_route=\/wp\/v2\/posts"}],"about":[{"href":"https:\/\/esreviral.com\/index.php?rest_route=\/wp\/v2\/types\/post"}],"author":[{"embeddable":true,"href":"https:\/\/esreviral.com\/index.php?rest_route=\/wp\/v2\/users\/3"}],"replies":[{"embeddable":true,"href":"https:\/\/esreviral.com\/index.php?rest_route=%2Fwp%2Fv2%2Fcomments&post=71368"}],"version-history":[{"count":2,"href":"https:\/\/esreviral.com\/index.php?rest_route=\/wp\/v2\/posts\/71368\/revisions"}],"predecessor-version":[{"id":71371,"href":"https:\/\/esreviral.com\/index.php?rest_route=\/wp\/v2\/posts\/71368\/revisions\/71371"}],"wp:featuredmedia":[{"embeddable":true,"href":"https:\/\/esreviral.com\/index.php?rest_route=\/wp\/v2\/media\/71369"}],"wp:attachment":[{"href":"https:\/\/esreviral.com\/index.php?rest_route=%2Fwp%2Fv2%2Fmedia&parent=71368"}],"wp:term":[{"taxonomy":"category","embeddable":true,"href":"https:\/\/esreviral.com\/index.php?rest_route=%2Fwp%2Fv2%2Fcategories&post=71368"},{"taxonomy":"post_tag","embeddable":true,"href":"https:\/\/esreviral.com\/index.php?rest_route=%2Fwp%2Fv2%2Ftags&post=71368"}],"curies":[{"name":"wp","href":"https:\/\/api.w.org\/{rel}","templated":true}]}}