{"id":71297,"date":"2025-04-03T09:04:28","date_gmt":"2025-04-03T14:04:28","guid":{"rendered":"https:\/\/esreviral.com\/?p=71297"},"modified":"2025-04-03T09:06:45","modified_gmt":"2025-04-03T14:06:45","slug":"un-adolescente-defendio-a-su-madre-y-apunalo-a-su-padrastro-mientras-este-la-golpeaba-brutalmente","status":"publish","type":"post","link":"https:\/\/esreviral.com\/?p=71297","title":{"rendered":"Un adolescente defendi\u00f3 a su madre y apu\u00f1al\u00f3 a su padrastro mientras este la golpeaba brutalmente"},"content":{"rendered":"\n<p><strong>Un adolescente de 12 a\u00f1os de edad apu\u00f1al\u00f3 y mat\u00f3 a su padrastro mientras este golpeaba a su madre en su domicilio en San Francisco Solano, partido de Quilmes. <\/strong>El hecho ocurri\u00f3 anteayer y el hombre, de 37 a\u00f1os de edad, falleci\u00f3 en el lugar. La causa qued\u00f3 en manos de la Justicia de Menores de Quilmes.<\/p>\n\n\n\n<p>La vivienda donde ocurri\u00f3 el ataque est\u00e1 ubicada en la calle 868, entre 899 y 899 bis, en el barrio Los Eucaliptus. La investigaci\u00f3n est\u00e1 a cargo de la fiscal Mar\u00eda Julia Bottaso, quien se present\u00f3 en el lugar junto al secretario de Seguridad del municipio, Gaspar Dest\u00e9fano.<\/p>\n\n\n\n<p class=\"has-text-align-center\"><em><strong><em><strong><em><strong><em><strong><a href=\"https:\/\/t.me\/esreviral\">\u00daNETE A NUESTRO CANAL DE TELEGRAM PARA ESTAR INFORMADO<\/a><\/strong><\/em><\/strong><\/em><\/strong><\/em><\/strong><\/em><\/p>\n\n\n\n<h3 class=\"wp-block-heading\"><strong><mark style=\"background-color:rgba(0, 0, 0, 0)\" class=\"has-inline-color has-vivid-red-color\">El contexto del crimen<\/mark><\/strong><\/h3>\n\n\n\n<p>Fuentes policiales informaron que el hombre asesinado ten\u00eda antecedentes de violencia familiar y problemas de adicci\u00f3n a sustancias psicoactivas. Era pareja de la madre del menor desde hac\u00eda varios a\u00f1os. Seg\u00fan testigos y los primeros peritajes, la agresi\u00f3n comenz\u00f3 con una fuerte discusi\u00f3n que escal\u00f3 hasta que el hombre rompi\u00f3 objetos y atac\u00f3 a la mujer.<\/p>\n\n\n\n<p>El ni\u00f1o, que presenci\u00f3 la escena, tom\u00f3 un cuchillo de cocina y apu\u00f1al\u00f3 al padrastro por la espalda en varias oportunidades. Cuando llegaron los servicios de emergencia, el hombre ya estaba sin vida.<\/p>\n\n\n\n<p>Peritos de la Polic\u00eda Cient\u00edfica trabajaron en la escena, levantaron pruebas y analizar\u00e1n el arma blanca utilizada en el ataque.<\/p>\n\n\n\n<h3 class=\"wp-block-heading\"><strong><mark style=\"background-color:rgba(0, 0, 0, 0)\" class=\"has-inline-color has-vivid-red-color\">Investigaci\u00f3n en curso y resguardo del menor<\/mark><\/strong><\/h3>\n\n\n\n<p>Efectivos de la Comisar\u00eda 4\u00aa de San Francisco Solano acudieron tras un llamado al 911. Al ingresar a la vivienda, encontraron el cuerpo del hombre en la cocina. La madre, en estado de shock, fue asistida por personal m\u00e9dico y trasladada para declarar en la fiscal\u00eda.<\/p>\n\n\n\n<p>El ni\u00f1o fue contenido por un equipo especializado en menores y, por disposici\u00f3n judicial, trasladado a un instituto donde permanecer\u00e1 hasta que se esclarezcan los hechos. La causa fue caratulada inicialmente como homicidio, aunque el menor es inimputable por su edad. La Justicia deber\u00e1 determinar si actu\u00f3 en leg\u00edtima defensa de su madre o si hubo un exceso en la defensa.<\/p>\n\n\n\n<h3 class=\"wp-block-heading\"><strong><mark style=\"background-color:rgba(0, 0, 0, 0)\" class=\"has-inline-color has-vivid-red-color\">Antecedentes de violencia y asistencia al ni\u00f1o<\/mark><\/strong><\/h3>\n\n\n\n<p>Fuentes cercanas al caso confirmaron que el hombre asesinado hab\u00eda sido denunciado previamente por violencia, aunque no ten\u00eda una restricci\u00f3n de acercamiento vigente. Tambi\u00e9n indicaron que no trabajaba y conviv\u00eda con la mujer y el ni\u00f1o en la misma casa. Durante los peritajes, se encontraron rastros de destrozos y objetos personales da\u00f1ados, lo que refuerza la hip\u00f3tesis de un brote violento.<\/p>\n\n\n\n<p>La Secretar\u00eda de Ni\u00f1ez y Adolescencia del municipio de Quilmes fue notificada y est\u00e1 interviniendo para brindar apoyo psicol\u00f3gico al menor. Se eval\u00faa la posibilidad de que familiares directos asuman su cuidado mientras la Justicia define su situaci\u00f3n. Adem\u00e1s, el equipo interdisciplinario de la fiscal\u00eda trabaja en el acompa\u00f1amiento de la madre.<\/p>\n\n\n\n<h3 class=\"wp-block-heading\"><strong><mark style=\"background-color:rgba(0, 0, 0, 0)\" class=\"has-inline-color has-vivid-red-color\">Impacto en el barrio y testigos clave<\/mark><\/strong><\/h3>\n\n\n\n<p>El caso gener\u00f3 conmoci\u00f3n entre los vecinos, quienes aseguraron haber escuchado discusiones previas en la vivienda y describieron la relaci\u00f3n de la pareja como \u00abconflictiva\u00bb.<\/p>\n\n\n\n<p>Varias personas del barrio fueron convocadas a declarar, incluyendo a una vecina que habr\u00eda escuchado los gritos y fue quien llam\u00f3 al 911.<\/p>\n\n\n\n<p>La investigaci\u00f3n continuar\u00e1 con las declaraciones de testigos y el an\u00e1lisis de los informes forenses. Mientras tanto, el menor permanece bajo resguardo institucional acompa\u00f1ado por profesionales.<\/p>\n\n\n\n<p class=\"has-text-align-center\"><strong><a href=\"https:\/\/chat.whatsapp.com\/KWkTmakY3I05kNdd2oZl6d\"><em>\u00daNETE A NUESTRO GRUPO DE WHATSAPP PARA ESTAR INFORMADO<\/em><\/a><\/strong><\/p>\n","protected":false},"excerpt":{"rendered":"<p>El hombre ten\u00eda 37 a\u00f1os y antecedentes de violencia de g\u00e9nero; el menor es inimputable, pero qued\u00f3 bajo tutela judicial<\/p>\n","protected":false},"author":3,"featured_media":71298,"comment_status":"closed","ping_status":"closed","sticky":false,"template":"","format":"standard","meta":{"jnews-multi-image_gallery":[],"jnews_single_post":{"format":"standard"},"jnews_primary_category":[],"jnews_social_meta":[],"jnews_review":[],"enable_review":"","type":"","name":"","summary":"","brand":"","sku":"","good":[],"bad":[],"score_override":"","override_value":"","rating":[],"price":[],"jnews_override_counter":[],"jnews_post_split":[],"footnotes":""},"categories":[58,64],"tags":[27890,44,27892,3246,45,6729,1296,27891,175,310],"class_list":["post-71297","post","type-post","status-publish","format-standard","has-post-thumbnail","hentry","category-argentina","category-sucesos","tag-apunalo-a-su-padrastro","tag-argentina","tag-fiscal-maria-julia-bottaso","tag-homicidios","tag-noticias","tag-padrastro","tag-quilmes","tag-san-francisco-solano","tag-seguridad","tag-violencia-de-genero"],"amp_enabled":true,"_links":{"self":[{"href":"https:\/\/esreviral.com\/index.php?rest_route=\/wp\/v2\/posts\/71297"}],"collection":[{"href":"https:\/\/esreviral.com\/index.php?rest_route=\/wp\/v2\/posts"}],"about":[{"href":"https:\/\/esreviral.com\/index.php?rest_route=\/wp\/v2\/types\/post"}],"author":[{"embeddable":true,"href":"https:\/\/esreviral.com\/index.php?rest_route=\/wp\/v2\/users\/3"}],"replies":[{"embeddable":true,"href":"https:\/\/esreviral.com\/index.php?rest_route=%2Fwp%2Fv2%2Fcomments&post=71297"}],"version-history":[{"count":2,"href":"https:\/\/esreviral.com\/index.php?rest_route=\/wp\/v2\/posts\/71297\/revisions"}],"predecessor-version":[{"id":71300,"href":"https:\/\/esreviral.com\/index.php?rest_route=\/wp\/v2\/posts\/71297\/revisions\/71300"}],"wp:featuredmedia":[{"embeddable":true,"href":"https:\/\/esreviral.com\/index.php?rest_route=\/wp\/v2\/media\/71298"}],"wp:attachment":[{"href":"https:\/\/esreviral.com\/index.php?rest_route=%2Fwp%2Fv2%2Fmedia&parent=71297"}],"wp:term":[{"taxonomy":"category","embeddable":true,"href":"https:\/\/esreviral.com\/index.php?rest_route=%2Fwp%2Fv2%2Fcategories&post=71297"},{"taxonomy":"post_tag","embeddable":true,"href":"https:\/\/esreviral.com\/index.php?rest_route=%2Fwp%2Fv2%2Ftags&post=71297"}],"curies":[{"name":"wp","href":"https:\/\/api.w.org\/{rel}","templated":true}]}}