{"id":71294,"date":"2025-04-03T08:37:23","date_gmt":"2025-04-03T13:37:23","guid":{"rendered":"https:\/\/esreviral.com\/?p=71294"},"modified":"2025-04-03T08:37:24","modified_gmt":"2025-04-03T13:37:24","slug":"tension-en-la-carcel-de-devoto-internos-protestan-por-segunda-noche-consecutiva","status":"publish","type":"post","link":"https:\/\/esreviral.com\/?p=71294","title":{"rendered":"Tensi\u00f3n en la c\u00e1rcel de Devoto: internos protestan por segunda noche consecutiva"},"content":{"rendered":"\n<p>Por segunda noche consecutiva, los internos de la c\u00e1rcel de Devoto protagonizaron un mot\u00edn en protesta por la reciente decisi\u00f3n del Ministerio de Seguridad de la Naci\u00f3n de cerrar los centros de estudiantes que operaban dentro de las prisiones federales.<\/p>\n\n\n\n<p class=\"has-text-align-center\"><em><strong><em><strong><em><strong><em><strong><a href=\"https:\/\/t.me\/esreviral\">\u00daNETE A NUESTRO CANAL DE TELEGRAM PARA ESTAR INFORMADO<\/a><\/strong><\/em><\/strong><\/em><\/strong><\/em><\/strong><\/em><\/p>\n\n\n\n<p>Seg\u00fan im\u00e1genes y videos difundidos en redes sociales, los reclusos manifestaron su descontento quemando trapos y s\u00e1banas en las ventanas que dan a la calle, mientras lanzaban gritos e insultos dirigidos a la ministra Patricia Bullrich, responsable de la medida.<\/p>\n\n\n\n<p>La protesta responde a la Resoluci\u00f3n 2025-372, firmada por Bullrich, que proh\u00edbe la permanencia de los detenidos en centros educativos o espacios de estudio fuera del horario de clases asignado. Los internos denuncian que esta normativa elimina uno de los pocos espacios de reinserci\u00f3n que existen dentro del sistema penitenciario.<\/p>\n\n\n\n<p><strong><em>Noticia en desarrollo&#8230;<\/em><\/strong><\/p>\n\n\n\n<p class=\"has-text-align-center\"><strong><a href=\"https:\/\/chat.whatsapp.com\/KWkTmakY3I05kNdd2oZl6d\"><em>\u00daNETE A NUESTRO GRUPO DE WHATSAPP PARA ESTAR INFORMADO<\/em><\/a><\/strong><\/p>\n","protected":false},"excerpt":{"rendered":"<p>Los internos de la c\u00e1rcel federal volvieron a quemar s\u00e1banas y trapos durante la noche en rechazo a la medida.<\/p>\n","protected":false},"author":3,"featured_media":71295,"comment_status":"closed","ping_status":"closed","sticky":false,"template":"","format":"standard","meta":{"jnews-multi-image_gallery":[],"jnews_single_post":{"format":"standard"},"jnews_primary_category":[],"jnews_social_meta":[],"jnews_review":[],"enable_review":"","type":"","name":"","summary":"","brand":"","sku":"","good":[],"bad":[],"score_override":"","override_value":"","rating":[],"price":[],"jnews_override_counter":[],"jnews_post_split":[],"footnotes":""},"categories":[58],"tags":[44,27804,27805,45],"class_list":["post-71294","post","type-post","status-publish","format-standard","has-post-thumbnail","hentry","category-argentina","tag-argentina","tag-carcel-de-devoto","tag-centro-universitario-devoto","tag-noticias"],"amp_enabled":true,"_links":{"self":[{"href":"https:\/\/esreviral.com\/index.php?rest_route=\/wp\/v2\/posts\/71294"}],"collection":[{"href":"https:\/\/esreviral.com\/index.php?rest_route=\/wp\/v2\/posts"}],"about":[{"href":"https:\/\/esreviral.com\/index.php?rest_route=\/wp\/v2\/types\/post"}],"author":[{"embeddable":true,"href":"https:\/\/esreviral.com\/index.php?rest_route=\/wp\/v2\/users\/3"}],"replies":[{"embeddable":true,"href":"https:\/\/esreviral.com\/index.php?rest_route=%2Fwp%2Fv2%2Fcomments&post=71294"}],"version-history":[{"count":1,"href":"https:\/\/esreviral.com\/index.php?rest_route=\/wp\/v2\/posts\/71294\/revisions"}],"predecessor-version":[{"id":71296,"href":"https:\/\/esreviral.com\/index.php?rest_route=\/wp\/v2\/posts\/71294\/revisions\/71296"}],"wp:featuredmedia":[{"embeddable":true,"href":"https:\/\/esreviral.com\/index.php?rest_route=\/wp\/v2\/media\/71295"}],"wp:attachment":[{"href":"https:\/\/esreviral.com\/index.php?rest_route=%2Fwp%2Fv2%2Fmedia&parent=71294"}],"wp:term":[{"taxonomy":"category","embeddable":true,"href":"https:\/\/esreviral.com\/index.php?rest_route=%2Fwp%2Fv2%2Fcategories&post=71294"},{"taxonomy":"post_tag","embeddable":true,"href":"https:\/\/esreviral.com\/index.php?rest_route=%2Fwp%2Fv2%2Ftags&post=71294"}],"curies":[{"name":"wp","href":"https:\/\/api.w.org\/{rel}","templated":true}]}}