{"id":71226,"date":"2025-04-02T06:55:04","date_gmt":"2025-04-02T11:55:04","guid":{"rendered":"https:\/\/esreviral.com\/?p=71226"},"modified":"2025-04-02T06:55:05","modified_gmt":"2025-04-02T11:55:05","slug":"motin-en-el-penal-de-devoto-en-reclamo-por-el-cierre-de-los-centros-de-estudiantes-universitarios","status":"publish","type":"post","link":"https:\/\/esreviral.com\/?p=71226","title":{"rendered":"Mot\u00edn en el penal de Devoto en reclamo por el cierre de los Centros de Estudiantes universitarios"},"content":{"rendered":"\n<p><strong>Un mot\u00edn estall\u00f3 en el penal de Devoto,<\/strong> donde un grupo de internos encabez\u00f3 disturbios por el cierre de los Centros de Estudiantes universitarios, medida implementada por el <strong>Ministerio de Seguridad Nacional<\/strong>.<\/p>\n\n\n\n<p class=\"has-text-align-center\"><em><strong><em><strong><em><strong><em><strong><a href=\"https:\/\/t.me\/esreviral\">\u00daNETE A NUESTRO CANAL DE TELEGRAM PARA ESTAR INFORMADO<\/a><\/strong><\/em><\/strong><\/em><\/strong><\/em><\/strong><\/em><\/p>\n\n\n\n<p>La protesta, que comenz\u00f3 en la noche del martes, se intensific\u00f3 durante la madrugada y r\u00e1pidamente comenz\u00f3 a viralizarse en redes sociales. Los <strong>reclusos prendieron fuego a trapos, los cuales fueron colgados en las ventanas del establecimiento, ubicado en Berm\u00fadez al 2651.<\/strong><\/p>\n\n\n\n<p>Seg\u00fan confirmaron fuentes oficiales, los disturbios se originaron alrededor de las 22 horas en las Unidades Residenciales I, II y III. Ese mismo d\u00eda, 75 internos presentaron escritos en los que rechazaban la Resoluci\u00f3n 2025-372, que dispone el cierre de los centros de estudiantes dentro del servicio penitenciario.<\/p>\n\n\n\n<p>Varios vecinos, alarmados por las llamas visibles, comenzaron a grabar y compartir en redes sociales los videos del incidente. En una de las celdas, los presos colgaron una s\u00e1bana con la consigna \u201cLa universidad es de todos\u201d.<\/p>\n\n\n\n<p><em><strong>Noticia en desarrollo&#8230;<\/strong><\/em><\/p>\n\n\n\n<p class=\"has-text-align-center\"><strong><a href=\"https:\/\/chat.whatsapp.com\/KWkTmakY3I05kNdd2oZl6d\"><em>\u00daNETE A NUESTRO GRUPO DE WHATSAPP PARA ESTAR INFORMADO<\/em><\/a><\/strong><\/p>\n","protected":false},"excerpt":{"rendered":"<p>Durante la madrugada un grupo de internos prendi\u00f3 fuego varios trapos y s\u00e1banas a modo de protesta.<br \/>\nLa protesta fue controlada horas despu\u00e9s.<\/p>\n","protected":false},"author":3,"featured_media":71227,"comment_status":"closed","ping_status":"closed","sticky":false,"template":"","format":"standard","meta":{"jnews-multi-image_gallery":[],"jnews_single_post":{"format":"standard"},"jnews_primary_category":[],"jnews_social_meta":[],"jnews_review":[],"enable_review":"","type":"","name":"","summary":"","brand":"","sku":"","good":[],"bad":[],"score_override":"","override_value":"","rating":[],"price":[],"jnews_override_counter":[],"jnews_post_split":[],"footnotes":""},"categories":[58],"tags":[44,2566,27804,27805,25900,45],"class_list":["post-71226","post","type-post","status-publish","format-standard","has-post-thumbnail","hentry","category-argentina","tag-argentina","tag-carcel-2","tag-carcel-de-devoto","tag-centro-universitario-devoto","tag-ministerio-de-seguridad-nacional","tag-noticias"],"amp_enabled":true,"_links":{"self":[{"href":"https:\/\/esreviral.com\/index.php?rest_route=\/wp\/v2\/posts\/71226"}],"collection":[{"href":"https:\/\/esreviral.com\/index.php?rest_route=\/wp\/v2\/posts"}],"about":[{"href":"https:\/\/esreviral.com\/index.php?rest_route=\/wp\/v2\/types\/post"}],"author":[{"embeddable":true,"href":"https:\/\/esreviral.com\/index.php?rest_route=\/wp\/v2\/users\/3"}],"replies":[{"embeddable":true,"href":"https:\/\/esreviral.com\/index.php?rest_route=%2Fwp%2Fv2%2Fcomments&post=71226"}],"version-history":[{"count":1,"href":"https:\/\/esreviral.com\/index.php?rest_route=\/wp\/v2\/posts\/71226\/revisions"}],"predecessor-version":[{"id":71228,"href":"https:\/\/esreviral.com\/index.php?rest_route=\/wp\/v2\/posts\/71226\/revisions\/71228"}],"wp:featuredmedia":[{"embeddable":true,"href":"https:\/\/esreviral.com\/index.php?rest_route=\/wp\/v2\/media\/71227"}],"wp:attachment":[{"href":"https:\/\/esreviral.com\/index.php?rest_route=%2Fwp%2Fv2%2Fmedia&parent=71226"}],"wp:term":[{"taxonomy":"category","embeddable":true,"href":"https:\/\/esreviral.com\/index.php?rest_route=%2Fwp%2Fv2%2Fcategories&post=71226"},{"taxonomy":"post_tag","embeddable":true,"href":"https:\/\/esreviral.com\/index.php?rest_route=%2Fwp%2Fv2%2Ftags&post=71226"}],"curies":[{"name":"wp","href":"https:\/\/api.w.org\/{rel}","templated":true}]}}