{"id":71221,"date":"2025-04-01T17:24:48","date_gmt":"2025-04-01T22:24:48","guid":{"rendered":"https:\/\/esreviral.com\/?p=71221"},"modified":"2025-04-01T17:24:49","modified_gmt":"2025-04-01T22:24:49","slug":"alquilaron-un-departamento-en-buenos-aires-y-dejaron-las-deudas-impagas","status":"publish","type":"post","link":"https:\/\/esreviral.com\/?p=71221","title":{"rendered":"Alquilaron un departamento en Buenos Aires y dejaron las deudas impagas"},"content":{"rendered":"\n<p>Una pareja de un argentino y un venezolano, <strong>alquilaron una departamento en Corrientes al 800, en la ciudad de Buenos Aires y cuando les toc\u00f3 dejar el lugar, dejaron las deudas impagas y se llevaron algunas pertenencias, <\/strong>seg\u00fan denunci\u00f3 Mariana Assadourian, periodista del Canal 9 de Argentina. <\/p>\n\n\n\n<p><strong>\u00abMe recomendaron una pareja que necesitaba alquilar no ten\u00eda papeles porque uno de ellos era venezolano el otro argentino y la hermana de \u00e9ste, tambi\u00e9n venezolana. <\/strong>Me pidieron alquilar sin papeles, me hab\u00edan dicho del edificio que pod\u00edan ser buenos inquilinos hicimos un convenio hablado por 24 meses y acordamos avisarnos mutuamente cuatro meses antes del desalojo porque el departamento est\u00e1 a la venta\u00bb, explic\u00f3 la propietaria. <\/p>\n\n\n\n<p>\u00abMe avisaron el 10 de febrero que se iban el 20 . La pareja entre Emmanuel, el argentino, y Misael, el venezolano, se disolvi\u00f3. La hermana de Misael desapareci\u00f3.<br><strong>Se fueron sin pagar nada de todo lo que vivieron en febrero ni el compromiso que ten\u00edamos<\/strong>. Me dejaron un tendal de gastos de febrero; expensas, servicios al alquiler. <strong>Se llevaron cosas del departamento desde el espejo del ba\u00f1o hasta cortinas, el aire acondicionado roto<\/strong> <strong>y cuando lo llam\u00e9 para reclamar me bloquearon<\/strong>\u00ab.<\/p>\n\n\n\n<p>Cuenta Assadourian que los gastos hasta enero s\u00ed los pagaron, incluso le mand\u00f3 las llaves,<strong> \u00abcuando mand\u00e9 al portero me env\u00edo un video y me dice que hasta faltan los portal\u00e1mparas. Me hab\u00edan dicho que iban a pintarlo no lo hicieron\u00bb. <\/strong><\/p>\n\n\n\n<p>El total de la deuda es de aproximadamente un mill\u00f3n de pesos, la propietaria del lugar dice que no es tanto por el dinero sino por la falta de compromiso a la palabra y que se hayan desaparecido. <strong>\u00abMisael se comprometi\u00f3 a pagar los dos meses por irse antes y que yo absorbiera el resto, lo cual acept\u00e9 pero cuando me encuentro con esta situaci\u00f3n y le reclam\u00e9 me bloque\u00f3 al igual que su hermana. Mientras que Enmanuel dej\u00f3 de contestarme y lo \u00faltimo que me dijo es que si quer\u00eda el dinero pusiera un abogado\u00bb. <\/strong><\/p>\n\n\n\n<p>La periodista due\u00f1a del departamento dice estar afectada, <strong>\u00abme da una tristeza porque fui tan honesta tan buena con ellos<\/strong>&#8230; no pod\u00edan pagar, me pagaban en dos partes los aumentos semestrales se los hac\u00eda muy chiquititos, pagaban los servicios tarden no les sea problema y la verdad estoy muy triste\u00bb.<\/p>\n","protected":false},"excerpt":{"rendered":"<p>Una pareja de un argentino y un venezolano, alquilaron una departamento en Corrientes al 800, en la ciudad de Buenos Aires y cuando les toc\u00f3 dejar el lugar, dejaron las deudas impagas y se llevaron algunas pertenencias, seg\u00fan denunci\u00f3 Mariana Assadourian, periodista del Canal 9 de Argentina. \u00abMe recomendaron una pareja que necesitaba alquilar no [&hellip;]<\/p>\n","protected":false},"author":2,"featured_media":71223,"comment_status":"closed","ping_status":"closed","sticky":false,"template":"","format":"standard","meta":{"jnews-multi-image_gallery":[],"jnews_single_post":{"format":"standard"},"jnews_primary_category":[],"jnews_social_meta":[],"jnews_review":[],"enable_review":"","type":"","name":"","summary":"","brand":"","sku":"","good":[],"bad":[],"score_override":"","override_value":"","rating":[],"price":[],"jnews_override_counter":[],"jnews_post_split":[],"footnotes":""},"categories":[5892],"tags":[45,67],"class_list":["post-71221","post","type-post","status-publish","format-standard","has-post-thumbnail","hentry","category-venezolanos-en-argentina","tag-noticias","tag-venezolanos-en-argentina"],"amp_enabled":true,"_links":{"self":[{"href":"https:\/\/esreviral.com\/index.php?rest_route=\/wp\/v2\/posts\/71221"}],"collection":[{"href":"https:\/\/esreviral.com\/index.php?rest_route=\/wp\/v2\/posts"}],"about":[{"href":"https:\/\/esreviral.com\/index.php?rest_route=\/wp\/v2\/types\/post"}],"author":[{"embeddable":true,"href":"https:\/\/esreviral.com\/index.php?rest_route=\/wp\/v2\/users\/2"}],"replies":[{"embeddable":true,"href":"https:\/\/esreviral.com\/index.php?rest_route=%2Fwp%2Fv2%2Fcomments&post=71221"}],"version-history":[{"count":1,"href":"https:\/\/esreviral.com\/index.php?rest_route=\/wp\/v2\/posts\/71221\/revisions"}],"predecessor-version":[{"id":71224,"href":"https:\/\/esreviral.com\/index.php?rest_route=\/wp\/v2\/posts\/71221\/revisions\/71224"}],"wp:featuredmedia":[{"embeddable":true,"href":"https:\/\/esreviral.com\/index.php?rest_route=\/wp\/v2\/media\/71223"}],"wp:attachment":[{"href":"https:\/\/esreviral.com\/index.php?rest_route=%2Fwp%2Fv2%2Fmedia&parent=71221"}],"wp:term":[{"taxonomy":"category","embeddable":true,"href":"https:\/\/esreviral.com\/index.php?rest_route=%2Fwp%2Fv2%2Fcategories&post=71221"},{"taxonomy":"post_tag","embeddable":true,"href":"https:\/\/esreviral.com\/index.php?rest_route=%2Fwp%2Fv2%2Ftags&post=71221"}],"curies":[{"name":"wp","href":"https:\/\/api.w.org\/{rel}","templated":true}]}}