{"id":71166,"date":"2025-04-01T08:47:34","date_gmt":"2025-04-01T13:47:34","guid":{"rendered":"https:\/\/esreviral.com\/?p=71166"},"modified":"2025-04-01T08:47:42","modified_gmt":"2025-04-01T13:47:42","slug":"video-la-reaccion-de-messi-cuando-se-reencontro-con-la-autentica-copa-del-mundo-y-le-pidieron-que-la-besara","status":"publish","type":"post","link":"https:\/\/esreviral.com\/?p=71166","title":{"rendered":"+VIDEO: La reacci\u00f3n de Messi cuando se reencontr\u00f3 con la aut\u00e9ntica Copa del Mundo y le pidieron que la besara"},"content":{"rendered":"\n<p>En una velada repleta de estrellas, <strong>Lionel Messi <\/strong>volvi\u00f3 a protagonizar un momento inolvidable, esta vez en el imponente BMO Stadium de Los \u00c1ngeles. El astro argentino<strong> tuvo el privilegio de levantar y besar la aut\u00e9ntica Copa del Mundo<\/strong>, la misma que conquist\u00f3 con la Selecci\u00f3n en Qatar 2022.<\/p>\n\n\n\n<p>El evento, organizado por la marca que viste tanto a Messi como al Inter Miami, sirvi\u00f3 para revivir la hist\u00f3rica gesta albiceleste y se enmarc\u00f3 en la antesala del Mundial 2026, que tendr\u00e1 a Estados Unidos, M\u00e9xico y Canad\u00e1 como sedes.<\/p>\n\n\n\n<p>Uno de los momentos m\u00e1s emotivos de la noche lleg\u00f3 cuando la FIFA le entreg\u00f3 el trofeo original en un gesto simb\u00f3lico que conmovi\u00f3 a todos los presentes. La entrega estuvo a cargo de Gianni Infantino, presidente del organismo, en medio de una ovaci\u00f3n.<\/p>\n\n\n\n<p class=\"has-text-align-center\"><em><strong><em><strong><em><strong><em><strong><a href=\"https:\/\/t.me\/esreviral\">\u00daNETE A NUESTRO CANAL DE TELEGRAM PARA ESTAR INFORMADO<\/a><\/strong><\/em><\/strong><\/em><\/strong><\/em><\/strong><\/em><\/p>\n\n\n\n<blockquote class=\"twitter-tweet\"><p lang=\"es\" dir=\"ltr\">\ud83c\udde6\ud83c\uddf7En un evento por el Mundial 2026, Messi se reencontr\u00f3 con la copa y la dio un beso. \ud83d\ude0d <a href=\"https:\/\/t.co\/vKMX520RY4\">pic.twitter.com\/vKMX520RY4<\/a><\/p>&mdash; ES RE VIRAL (@esreviral) <a href=\"https:\/\/twitter.com\/esreviral\/status\/1907065746426831288?ref_src=twsrc%5Etfw\">April 1, 2025<\/a><\/blockquote> <script async src=\"https:\/\/platform.twitter.com\/widgets.js\" charset=\"utf-8\"><\/script>\n\n\n\n<p><\/p>\n\n\n\n<p><strong><mark style=\"background-color:rgba(0, 0, 0, 0)\" class=\"has-inline-color has-vivid-red-color\"> El beso a la Copa: el instante m\u00e1s especial<\/mark><\/strong><br>Entre risas y complicidad, Messi dud\u00f3 un instante antes de besar el trofeo, provocando una c\u00e1lida reacci\u00f3n del p\u00fablico. Un gesto simple, pero cargado de emoci\u00f3n, que volvi\u00f3 a reforzar el impacto de aquella conquista que marc\u00f3 la historia del f\u00fatbol argentino.<\/p>\n\n\n\n<p>La noche cont\u00f3 con la presencia de grandes figuras del deporte, como Alessandro Del Piero, J\u00fcrgen Klinsmann y Patrick Mahomes, estrella de la NFL, quienes le dieron a\u00fan m\u00e1s brillo al evento.<\/p>\n\n\n\n<p>Messi se encuentra en Los \u00c1ngeles porque este jueves, a las 00:30 (hora de Argentina), su Inter Miami enfrentar\u00e1 a Los \u00c1ngeles FC por los cuartos de final de la Copa de Campeones de la Concacaf.<\/p>\n\n\n\n<p class=\"has-text-align-center\"><strong><a href=\"https:\/\/chat.whatsapp.com\/KWkTmakY3I05kNdd2oZl6d\"><em>\u00daNETE A NUESTRO GRUPO DE WHATSAPP PARA ESTAR INFORMADO<\/em><\/a><\/strong><\/p>\n\n\n\n<figure class=\"wp-block-image size-large\"><img decoding=\"async\" src=\"https:\/\/tn.com.ar\/resizer\/v2\/alessandro-del-piero-el-aleman-jurgen-klinsmann-y-el-legendario-jugador-de-la-nfl-patrick-mahomes-estuvieron-junto-a-messi-foto-m10goat-O33Y3FJEPFFLVCO4DOBSDSMUAQ.jfif?auth=d61eec87113a5250f67865a6e8b965e0475ddfe8f267955e083786bc3512601a&amp;width=1440\" alt=\"\"\/><\/figure>\n","protected":false},"excerpt":{"rendered":"<p>El rosarino particip\u00f3 de un evento en Los \u00c1ngeles y sostuvo nuevamente el trofeo.<br \/>\nTambi\u00e9n estuvieron Gianni Infantino, Alessandro Del Piero, J\u00fcrgen Klinsmann y Patrick Mahomes.<br \/>\n\u00abEs una copa muy especial\u00bb, dijo Leo.<\/p>\n","protected":false},"author":3,"featured_media":71167,"comment_status":"closed","ping_status":"closed","sticky":false,"template":"","format":"standard","meta":{"jnews-multi-image_gallery":[],"jnews_single_post":{"format":"standard"},"jnews_primary_category":[],"jnews_social_meta":[],"jnews_review":[],"enable_review":"","type":"","name":"","summary":"","brand":"","sku":"","good":[],"bad":[],"score_override":"","override_value":"","rating":[],"price":[],"jnews_override_counter":[],"jnews_post_split":[],"footnotes":""},"categories":[48],"tags":[27725,1246,136,1144,1129,45],"class_list":["post-71166","post","type-post","status-publish","format-standard","has-post-thumbnail","hentry","category-deportes","tag-bmo-stadium-de-los-angeles","tag-copa-del-mundo","tag-estados-unidos","tag-fifa","tag-lionel-messi","tag-noticias"],"amp_enabled":true,"_links":{"self":[{"href":"https:\/\/esreviral.com\/index.php?rest_route=\/wp\/v2\/posts\/71166"}],"collection":[{"href":"https:\/\/esreviral.com\/index.php?rest_route=\/wp\/v2\/posts"}],"about":[{"href":"https:\/\/esreviral.com\/index.php?rest_route=\/wp\/v2\/types\/post"}],"author":[{"embeddable":true,"href":"https:\/\/esreviral.com\/index.php?rest_route=\/wp\/v2\/users\/3"}],"replies":[{"embeddable":true,"href":"https:\/\/esreviral.com\/index.php?rest_route=%2Fwp%2Fv2%2Fcomments&post=71166"}],"version-history":[{"count":1,"href":"https:\/\/esreviral.com\/index.php?rest_route=\/wp\/v2\/posts\/71166\/revisions"}],"predecessor-version":[{"id":71168,"href":"https:\/\/esreviral.com\/index.php?rest_route=\/wp\/v2\/posts\/71166\/revisions\/71168"}],"wp:featuredmedia":[{"embeddable":true,"href":"https:\/\/esreviral.com\/index.php?rest_route=\/wp\/v2\/media\/71167"}],"wp:attachment":[{"href":"https:\/\/esreviral.com\/index.php?rest_route=%2Fwp%2Fv2%2Fmedia&parent=71166"}],"wp:term":[{"taxonomy":"category","embeddable":true,"href":"https:\/\/esreviral.com\/index.php?rest_route=%2Fwp%2Fv2%2Fcategories&post=71166"},{"taxonomy":"post_tag","embeddable":true,"href":"https:\/\/esreviral.com\/index.php?rest_route=%2Fwp%2Fv2%2Ftags&post=71166"}],"curies":[{"name":"wp","href":"https:\/\/api.w.org\/{rel}","templated":true}]}}