{"id":71076,"date":"2025-03-31T08:52:45","date_gmt":"2025-03-31T13:52:45","guid":{"rendered":"https:\/\/esreviral.com\/?p=71076"},"modified":"2025-03-31T09:18:41","modified_gmt":"2025-03-31T14:18:41","slug":"le-pen-por-que-delito-fue-condenada-a-prision-e-inhabilitada-para-cargo-publico-en-francia","status":"publish","type":"post","link":"https:\/\/esreviral.com\/?p=71076","title":{"rendered":"Le Pen: \u00bfPor cu\u00e1l delito fue condenada a prisi\u00f3n e inhabilitada para cargo p\u00fablico en Francia?"},"content":{"rendered":"\n<p><strong>La l\u00edder de la extrema derecha francesa, Marine Le Pen<\/strong>, fue condenada a cuatro a\u00f1os de prisi\u00f3n, de los cuales deber\u00e1 cumplir dos bajo arresto domiciliario con brazalete electr\u00f3nico. Adem\u00e1s, deber\u00e1 pagar una multa de 100.000 euros y enfrentar\u00e1 una inhabilitaci\u00f3n pol\u00edtica de cinco a\u00f1os con aplicaci\u00f3n inmediata.<\/p>\n\n\n\n<p>El Tribunal Correccional de Par\u00eds la declar\u00f3 culpable de liderar un sistema organizado de desv\u00edo de fondos del Parlamento Europeo. Esta sentencia pone en jaque su futuro pol\u00edtico y su intenci\u00f3n de presentarse a las elecciones presidenciales de 2027, donde se perfilaba como la principal favorita en las encuestas.<\/p>\n\n\n\n<p class=\"has-text-align-center\"><em><strong><em><strong><em><strong><em><strong><a href=\"https:\/\/t.me\/esreviral\">\u00daNETE A NUESTRO CANAL DE TELEGRAM PARA ESTAR INFORMADO<\/a><\/strong><\/em><\/strong><\/em><\/strong><\/em><\/strong><\/em><\/p>\n\n\n\n<h3 class=\"wp-block-heading\"><strong><mark style=\"background-color:rgba(0, 0, 0, 0)\" class=\"has-inline-color has-vivid-red-color\">Salida del tribunal y reacciones pol\u00edticas<\/mark><\/strong><\/h3>\n\n\n\n<p>Tras conocer la inhabilitaci\u00f3n inmediata, Le Pen abandon\u00f3 el Palacio de Justicia sin esperar los detalles completos de la sentencia y se dirigi\u00f3 a la sede de su partido, donde evit\u00f3 hacer declaraciones a la prensa. Minutos despu\u00e9s lleg\u00f3 su n\u00famero dos, Jordan Bardella, quien cancel\u00f3 su viaje a Estrasburgo para el pleno del Parlamento Europeo y tampoco dio declaraciones.<\/p>\n\n\n\n<figure class=\"wp-block-image size-large\"><img decoding=\"async\" src=\"https:\/\/eldiario.com\/nitropack_static\/DWpklAePbJBFiBKvuTtiGMLbtJlHUqWt\/assets\/images\/optimized\/rev-4cec76a\/eldiario.com\/wp-content\/uploads\/2025\/03\/0425cb2cca7324683ac4a3469cd3b88642c6ff8a-1200x800.jpg.webp\" alt=\"\"\/><\/figure>\n\n\n\n<h3 class=\"wp-block-heading\"><strong><mark style=\"background-color:rgba(0, 0, 0, 0)\" class=\"has-inline-color has-vivid-red-color\">Otras condenas en el caso<\/mark><\/strong><\/h3>\n\n\n\n<p>Ocho ex eurodiputados de su partido tambi\u00e9n fueron sentenciados con distintas penas de prisi\u00f3n, multas e inhabilitaci\u00f3n. Entre ellos, destaca Louis Aliot, alcalde de Perpi\u00f1\u00e1n, la ciudad m\u00e1s grande gobernada por la extrema derecha en Francia, quien recibi\u00f3 una inhabilitaci\u00f3n de tres a\u00f1os, aunque sin aplicaci\u00f3n inmediata debido a su cargo local.<\/p>\n\n\n\n<p>La sentencia establece que Le Pen hered\u00f3 en 2009 el \u00abpapel central\u00bb de su padre como instigador del sistema de financiaci\u00f3n ilegal del partido mediante el uso de fondos destinados a asistentes parlamentarios de la Euroc\u00e1mara. La justicia consider\u00f3 que ejerci\u00f3 este rol con \u00abautoridad y determinaci\u00f3n\u00bb, motivo por el cual recibi\u00f3 la pena m\u00e1s severa.<\/p>\n\n\n\n<p>Lo que m\u00e1s impacto caus\u00f3 fue la aplicaci\u00f3n inmediata de su inhabilitaci\u00f3n, lo que compromete seriamente sus posibilidades de competir por la presidencia en 2027. La presidenta del tribunal justific\u00f3 esta medida por \u201cla gravedad de los hechos\u201d y por la necesidad de preservar la probidad en la vida p\u00fablica, argumentando que el sistema de financiaci\u00f3n il\u00edcita del partido atent\u00f3 contra la equidad democr\u00e1tica.<\/p>\n\n\n\n<h3 class=\"wp-block-heading\"><mark style=\"background-color:rgba(0, 0, 0, 0)\" class=\"has-inline-color has-vivid-red-color\"><strong>Reacciones y debate pol\u00edtico<\/strong><\/mark><\/h3>\n\n\n\n<p>Jordan Bardella, presidente de Agrupaci\u00f3n Nacional (RN) y mano derecha de Le Pen, calific\u00f3 la condena como un atentado contra la democracia:<\/p>\n\n\n\n<p><em>\u00abHoy, no es solo Marine Le Pen quien es injustamente condenada: es la democracia francesa la que est\u00e1 siendo ejecutada\u00bb<\/em>, escribi\u00f3 en la red social X.<\/p>\n\n\n\n<p>El conservador \u00c9ric Ciotti, aliado de RN en la Asamblea Nacional, tambi\u00e9n reaccion\u00f3 con dureza:<\/p>\n\n\n\n<p><em>\u00abEl destino democr\u00e1tico de nuestra naci\u00f3n ha sido confiscado por una escandalosa c\u00e1bala judicial. La candidata favorita para las elecciones presidenciales ha sido impedida de presentarse.\u00bb<\/em><\/p>\n\n\n\n<p>Desde la izquierda, La Francia Insumisa (LFI), el partido de Jean-Luc M\u00e9lenchon, subray\u00f3 la gravedad de los hechos juzgados, se\u00f1alando que contradicen el lema de la extrema derecha <em>\u00abcabeza alta, manos limpias\u00bb<\/em>. Sin embargo, tambi\u00e9n cuestion\u00f3 la aplicaci\u00f3n inmediata de la inhabilitaci\u00f3n, argumentando que ning\u00fan fallo judicial deber\u00eda ser irrecurrible en la pr\u00e1ctica.<\/p>\n\n\n\n<p><em>\u00abEl medio de acci\u00f3n de La Francia Insumisa nunca ha sido recurrir a los tribunales para deshacerse de la Agrupaci\u00f3n Nacional. Lo combatimos en las urnas y en las calles, con la movilizaci\u00f3n popular de los franceses, como lo hicimos en las elecciones legislativas de 2024\u00bb<\/em>, afirm\u00f3 la agrupaci\u00f3n, que tambi\u00e9n enfrenta investigaciones judiciales.<\/p>\n\n\n\n<p>Desde el \u00e1mbito internacional, el primer ministro h\u00fangaro, Viktor Orb\u00e1n, expres\u00f3 su apoyo a Le Pen con un mensaje en franc\u00e9s en la red social X:<\/p>\n\n\n\n<p><em>\u00abJe suis Marine!\u00bb<\/em> (\u00a1Soy Marine!).<\/p>\n\n\n\n<p class=\"has-text-align-center\"><strong><a href=\"https:\/\/chat.whatsapp.com\/KWkTmakY3I05kNdd2oZl6d\"><em>\u00daNETE A NUESTRO GRUPO DE WHATSAPP PARA ESTAR INFORMADO<\/em><\/a><\/strong><\/p>\n\n\n\n<p class=\"has-text-align-right\"><strong><em>Con informaci\u00f3n de EFE<\/em>.-<\/strong><\/p>\n","protected":false},"excerpt":{"rendered":"<p>La condena pone fin a su intenci\u00f3n de presentarse a las elecciones presidenciales de 2027, para las que aparec\u00eda como la principal favorita en los sondeos<\/p>\n","protected":false},"author":3,"featured_media":71077,"comment_status":"closed","ping_status":"closed","sticky":false,"template":"","format":"standard","meta":{"jnews-multi-image_gallery":[],"jnews_single_post":{"format":"standard"},"jnews_primary_category":[],"jnews_social_meta":[],"jnews_review":[],"enable_review":"","type":"","name":"","summary":"","brand":"","sku":"","good":[],"bad":[],"score_override":"","override_value":"","rating":[],"price":[],"jnews_override_counter":[],"jnews_post_split":[],"footnotes":""},"categories":[88,59],"tags":[27650,1981,87,16345,45],"class_list":["post-71076","post","type-post","status-publish","format-standard","has-post-thumbnail","hentry","category-internacionales","category-politica","tag-cargo-publico","tag-condena","tag-francia","tag-marine-le-pen","tag-noticias"],"amp_enabled":true,"_links":{"self":[{"href":"https:\/\/esreviral.com\/index.php?rest_route=\/wp\/v2\/posts\/71076"}],"collection":[{"href":"https:\/\/esreviral.com\/index.php?rest_route=\/wp\/v2\/posts"}],"about":[{"href":"https:\/\/esreviral.com\/index.php?rest_route=\/wp\/v2\/types\/post"}],"author":[{"embeddable":true,"href":"https:\/\/esreviral.com\/index.php?rest_route=\/wp\/v2\/users\/3"}],"replies":[{"embeddable":true,"href":"https:\/\/esreviral.com\/index.php?rest_route=%2Fwp%2Fv2%2Fcomments&post=71076"}],"version-history":[{"count":3,"href":"https:\/\/esreviral.com\/index.php?rest_route=\/wp\/v2\/posts\/71076\/revisions"}],"predecessor-version":[{"id":71084,"href":"https:\/\/esreviral.com\/index.php?rest_route=\/wp\/v2\/posts\/71076\/revisions\/71084"}],"wp:featuredmedia":[{"embeddable":true,"href":"https:\/\/esreviral.com\/index.php?rest_route=\/wp\/v2\/media\/71077"}],"wp:attachment":[{"href":"https:\/\/esreviral.com\/index.php?rest_route=%2Fwp%2Fv2%2Fmedia&parent=71076"}],"wp:term":[{"taxonomy":"category","embeddable":true,"href":"https:\/\/esreviral.com\/index.php?rest_route=%2Fwp%2Fv2%2Fcategories&post=71076"},{"taxonomy":"post_tag","embeddable":true,"href":"https:\/\/esreviral.com\/index.php?rest_route=%2Fwp%2Fv2%2Ftags&post=71076"}],"curies":[{"name":"wp","href":"https:\/\/api.w.org\/{rel}","templated":true}]}}