{"id":71061,"date":"2025-03-31T08:12:25","date_gmt":"2025-03-31T13:12:25","guid":{"rendered":"https:\/\/esreviral.com\/?p=71061"},"modified":"2025-03-31T08:13:49","modified_gmt":"2025-03-31T13:13:49","slug":"argentina-reduce-aranceles-a-textiles-y-calzado-para-combatir-los-altos-precios","status":"publish","type":"post","link":"https:\/\/esreviral.com\/?p=71061","title":{"rendered":"Gobierno Argentino oficializ\u00f3 la reducci\u00f3n impuestos de importaci\u00f3n a ropa, calzado y telas"},"content":{"rendered":"\n<p>En una medida clave para aliviar la presi\u00f3n sobre los<strong> precios de la indumentaria<\/strong> y el <strong>calzado en Argentina<\/strong>, el Gobierno Nacional decidi\u00f3 <strong>reducir los aranceles de importaci\u00f3n de estos productos, incluyendo ropa, calzado, hilados y telas. <\/strong>As\u00ed qued\u00f3 establecido en el Decreto 236\/2025, publicado en el Bolet\u00edn Oficial.<\/p>\n\n\n\n<p>La iniciativa implica una reducci\u00f3n significativa de los aranceles fijados por el Mercado Com\u00fan del Sur (MERCOSUR) hace 18 a\u00f1os. En detalle, la tasa para la indumentaria y el calzado bajar\u00e1 del 35% al 20%; el arancel para las telas se reducir\u00e1 del 26% al 18%; mientras que los diferentes tipos de hilados tendr\u00e1n ajustes del 18% a 12%, 14% y 16%. De este modo, se revierten los incrementos establecidos en 2007, que nunca fueron revisados pese a haberse previsto una evaluaci\u00f3n posterior.<\/p>\n\n\n\n<p class=\"has-text-align-center\"><em><strong><em><strong><em><strong><em><strong><a href=\"https:\/\/t.me\/esreviral\">\u00daNETE A NUESTRO CANAL DE TELEGRAM PARA ESTAR INFORMADO<\/a><\/strong><\/em><\/strong><\/em><\/strong><\/em><\/strong><\/em><\/p>\n\n\n\n<h3 class=\"wp-block-heading\"><strong><mark style=\"background-color:rgba(0, 0, 0, 0)\" class=\"has-inline-color has-vivid-red-color\">Impacto en los precios y comparaci\u00f3n regional<\/mark><\/strong><\/h3>\n\n\n\n<p>La reducci\u00f3n de estos aranceles podr\u00eda traducirse en una baja en los precios locales de los productos importados. Actualmente, Argentina es uno de los pa\u00edses m\u00e1s caros de la regi\u00f3n en cuanto a indumentaria y calzado. Un estudio reciente de <em>Clar\u00edn<\/em> destaca que algunas marcas internacionales presentan diferencias de precios alarmantes: una remera en Argentina cuesta hasta un 310% m\u00e1s que en Espa\u00f1a (41 d\u00f3lares frente a 10 d\u00f3lares) y un 95% m\u00e1s que en Brasil. En el caso de una campera, el precio en Argentina es un 174% m\u00e1s alto que en Espa\u00f1a y un 90% m\u00e1s caro que en Brasil.<\/p>\n\n\n\n<p>Desde la Secretar\u00eda de Industria y Comercio se\u00f1alaron que \u00abeste ajuste de aranceles rectifica un aumento aplicado en 2007 sin los estudios previos que se hab\u00edan prometido. La falta de an\u00e1lisis, sumada a la inflaci\u00f3n y la p\u00e9rdida del poder adquisitivo, hizo que los productos textiles importados se convirtieran en uno de los rubros m\u00e1s costosos para los argentinos\u00bb.<\/p>\n\n\n\n<h3 class=\"wp-block-heading\"><strong><mark style=\"background-color:rgba(0, 0, 0, 0)\" class=\"has-inline-color has-vivid-red-color\">Medidas complementarias para fomentar la competencia<\/mark><\/strong><\/h3>\n\n\n\n<p>Esta iniciativa forma parte de una estrategia m\u00e1s amplia del Gobierno para reducir la inflaci\u00f3n y fomentar la competencia en el sector. Durante 2024, la Secretar\u00eda de Industria y Comercio elimin\u00f3 varias regulaciones y controles aduaneros, como la obligatoriedad de pasar por el canal rojo normativo, la Declaraci\u00f3n Jurada de Composici\u00f3n de Producto (DJCP), las licencias de importaci\u00f3n y el control aduanero del etiquetado en textiles y calzado.<\/p>\n\n\n\n<p>\u00abCon esta pol\u00edtica, el Gobierno busca reducir los costos para los consumidores, acercando los precios a los est\u00e1ndares regionales, mientras se impulsa la oferta local y la competencia internacional\u00bb, agregaron desde la Secretar\u00eda. Y concluyeron: \u00abEste cambio representa un paso hacia una mayor accesibilidad de productos b\u00e1sicos, en un contexto donde la lucha contra la inflaci\u00f3n es m\u00e1s crucial que nunca\u00bb.<\/p>\n\n\n\n<p class=\"has-text-align-center\"><strong><a href=\"https:\/\/chat.whatsapp.com\/KWkTmakY3I05kNdd2oZl6d\"><em>\u00daNETE A NUESTRO GRUPO DE WHATSAPP PARA ESTAR INFORMADO<\/em><\/a><\/strong><\/p>\n\n\n\n<p class=\"has-text-align-right\"><strong><em>Con Informaci\u00f3n de Clarin.-<\/em><\/strong><\/p>\n","protected":false},"excerpt":{"rendered":"<p>La medida fue oficializada a trav\u00e9s del Decreto 236\/2025, publicado en el Bolet\u00edn Oficial.<br \/>\nEl Gobierno busca estabilizar los precios internos, facilitar la circulaci\u00f3n de esos productos y bajar la inflaci\u00f3n.<\/p>\n","protected":false},"author":3,"featured_media":71062,"comment_status":"closed","ping_status":"closed","sticky":false,"template":"","format":"standard","meta":{"jnews-multi-image_gallery":[],"jnews_single_post":{"format":"standard"},"jnews_primary_category":[],"jnews_social_meta":[],"jnews_review":[],"enable_review":"","type":"","name":"","summary":"","brand":"","sku":"","good":[],"bad":[],"score_override":"","override_value":"","rating":[],"price":[],"jnews_override_counter":[],"jnews_post_split":[],"footnotes":""},"categories":[58,61],"tags":[5113,44,27642,1177,10456,45,27641],"class_list":["post-71061","post","type-post","status-publish","format-standard","has-post-thumbnail","hentry","category-argentina","category-economia","tag-aranceles","tag-argentina","tag-calzado-en-argentina","tag-impuestos","tag-indumentaria","tag-noticias","tag-precios-de-la-indumentaria"],"amp_enabled":true,"_links":{"self":[{"href":"https:\/\/esreviral.com\/index.php?rest_route=\/wp\/v2\/posts\/71061"}],"collection":[{"href":"https:\/\/esreviral.com\/index.php?rest_route=\/wp\/v2\/posts"}],"about":[{"href":"https:\/\/esreviral.com\/index.php?rest_route=\/wp\/v2\/types\/post"}],"author":[{"embeddable":true,"href":"https:\/\/esreviral.com\/index.php?rest_route=\/wp\/v2\/users\/3"}],"replies":[{"embeddable":true,"href":"https:\/\/esreviral.com\/index.php?rest_route=%2Fwp%2Fv2%2Fcomments&post=71061"}],"version-history":[{"count":3,"href":"https:\/\/esreviral.com\/index.php?rest_route=\/wp\/v2\/posts\/71061\/revisions"}],"predecessor-version":[{"id":71065,"href":"https:\/\/esreviral.com\/index.php?rest_route=\/wp\/v2\/posts\/71061\/revisions\/71065"}],"wp:featuredmedia":[{"embeddable":true,"href":"https:\/\/esreviral.com\/index.php?rest_route=\/wp\/v2\/media\/71062"}],"wp:attachment":[{"href":"https:\/\/esreviral.com\/index.php?rest_route=%2Fwp%2Fv2%2Fmedia&parent=71061"}],"wp:term":[{"taxonomy":"category","embeddable":true,"href":"https:\/\/esreviral.com\/index.php?rest_route=%2Fwp%2Fv2%2Fcategories&post=71061"},{"taxonomy":"post_tag","embeddable":true,"href":"https:\/\/esreviral.com\/index.php?rest_route=%2Fwp%2Fv2%2Ftags&post=71061"}],"curies":[{"name":"wp","href":"https:\/\/api.w.org\/{rel}","templated":true}]}}