{"id":71030,"date":"2025-03-29T08:55:48","date_gmt":"2025-03-29T13:55:48","guid":{"rendered":"https:\/\/esreviral.com\/?p=71030"},"modified":"2025-03-29T08:58:21","modified_gmt":"2025-03-29T13:58:21","slug":"reynaldo-armas-recibio-la-distincion-huesped-de-honor-de-la-ciudad-autonoma-de-buenos-aires","status":"publish","type":"post","link":"https:\/\/esreviral.com\/?p=71030","title":{"rendered":"Reynaldo Armas recibi\u00f3 la distinci\u00f3n Hu\u00e9sped de honor de la Ciudad aut\u00f3noma de Buenos Aires"},"content":{"rendered":"\n<p><strong><em>Fotos cortes\u00eda Daniela Mart\u00ednez y Valentina Mella.- <\/em><\/strong>El maestro de la canta criolla, <strong>Reynaldo Armas<\/strong>, quien se encuentra de visita en Buenos Aires, recibi\u00f3 una condecoraci\u00f3n en la Legislatura Porte\u00f1a, por su parte a la cultura latinoamericana, as\u00ed que recibi\u00f3 la distinci\u00f3n <strong>Hu\u00e9sped de honor de la Ciudad aut\u00f3noma de Buenos Aires.<\/strong> La actividad fue impulsada por la diputada Patricia Glize. <\/p>\n\n\n\n<p>Armas estuvo acompa\u00f1ado de gran cantidad de venezolanos que estuvieron en uno de los principales salones del emblem\u00e1tico sal\u00f3n de la legislatura, donde emiti\u00f3 un peque\u00f1o discurso en el que agradeci\u00f3 no s\u00f3lo por su condecoraci\u00f3n sino por la actividad y en especial el recibimiento a los venezolanos. <\/p>\n\n\n\n<p>Armas se une a Nando de la Gente y a Erika De La Vega, en ser los \u00fanicos artistas venezolanos en recibir una distinci\u00f3n por parte de la Legislatura Porte\u00f1a. <\/p>\n\n\n\n<figure class=\"wp-block-image size-large\"><img fetchpriority=\"high\" decoding=\"async\" width=\"1024\" height=\"684\" src=\"https:\/\/esreviral.com\/wp-content\/uploads\/2025\/03\/reynaldo-armas-distincion-1024x684.webp\" alt=\"\" class=\"wp-image-71033\" srcset=\"https:\/\/esreviral.com\/wp-content\/uploads\/2025\/03\/reynaldo-armas-distincion-1024x684.webp 1024w, https:\/\/esreviral.com\/wp-content\/uploads\/2025\/03\/reynaldo-armas-distincion-300x200.webp 300w, https:\/\/esreviral.com\/wp-content\/uploads\/2025\/03\/reynaldo-armas-distincion-768x513.webp 768w, https:\/\/esreviral.com\/wp-content\/uploads\/2025\/03\/reynaldo-armas-distincion-1536x1025.webp 1536w, https:\/\/esreviral.com\/wp-content\/uploads\/2025\/03\/reynaldo-armas-distincion.webp 1600w\" sizes=\"(max-width: 1024px) 100vw, 1024px\" \/><\/figure>\n","protected":false},"excerpt":{"rendered":"<p>Fotos cortes\u00eda Daniela Mart\u00ednez y Valentina Mella.- El maestro de la canta criolla, Reynaldo Armas, quien se encuentra de visita en Buenos Aires, recibi\u00f3 una condecoraci\u00f3n en la Legislatura Porte\u00f1a, por su parte a la cultura latinoamericana, as\u00ed que recibi\u00f3 la distinci\u00f3n Hu\u00e9sped de honor de la Ciudad aut\u00f3noma de Buenos Aires. La actividad fue [&hellip;]<\/p>\n","protected":false},"author":2,"featured_media":71032,"comment_status":"closed","ping_status":"closed","sticky":false,"template":"","format":"standard","meta":{"jnews-multi-image_gallery":[],"jnews_single_post":{"format":"standard"},"jnews_primary_category":[],"jnews_social_meta":[],"jnews_review":[],"enable_review":"","type":"","name":"","summary":"","brand":"","sku":"","good":[],"bad":[],"score_override":"","override_value":"","rating":[],"price":[],"jnews_override_counter":[],"jnews_post_split":[],"footnotes":""},"categories":[1142,5892],"tags":[44,894,45,27586,67],"class_list":["post-71030","post","type-post","status-publish","format-standard","has-post-thumbnail","hentry","category-musica","category-venezolanos-en-argentina","tag-argentina","tag-ciudad-de-buenos-aires","tag-noticias","tag-reynado-armas","tag-venezolanos-en-argentina"],"amp_enabled":true,"_links":{"self":[{"href":"https:\/\/esreviral.com\/index.php?rest_route=\/wp\/v2\/posts\/71030"}],"collection":[{"href":"https:\/\/esreviral.com\/index.php?rest_route=\/wp\/v2\/posts"}],"about":[{"href":"https:\/\/esreviral.com\/index.php?rest_route=\/wp\/v2\/types\/post"}],"author":[{"embeddable":true,"href":"https:\/\/esreviral.com\/index.php?rest_route=\/wp\/v2\/users\/2"}],"replies":[{"embeddable":true,"href":"https:\/\/esreviral.com\/index.php?rest_route=%2Fwp%2Fv2%2Fcomments&post=71030"}],"version-history":[{"count":3,"href":"https:\/\/esreviral.com\/index.php?rest_route=\/wp\/v2\/posts\/71030\/revisions"}],"predecessor-version":[{"id":71037,"href":"https:\/\/esreviral.com\/index.php?rest_route=\/wp\/v2\/posts\/71030\/revisions\/71037"}],"wp:featuredmedia":[{"embeddable":true,"href":"https:\/\/esreviral.com\/index.php?rest_route=\/wp\/v2\/media\/71032"}],"wp:attachment":[{"href":"https:\/\/esreviral.com\/index.php?rest_route=%2Fwp%2Fv2%2Fmedia&parent=71030"}],"wp:term":[{"taxonomy":"category","embeddable":true,"href":"https:\/\/esreviral.com\/index.php?rest_route=%2Fwp%2Fv2%2Fcategories&post=71030"},{"taxonomy":"post_tag","embeddable":true,"href":"https:\/\/esreviral.com\/index.php?rest_route=%2Fwp%2Fv2%2Ftags&post=71030"}],"curies":[{"name":"wp","href":"https:\/\/api.w.org\/{rel}","templated":true}]}}