{"id":71022,"date":"2025-03-29T07:51:02","date_gmt":"2025-03-29T12:51:02","guid":{"rendered":"https:\/\/esreviral.com\/?p=71022"},"modified":"2025-03-29T07:51:03","modified_gmt":"2025-03-29T12:51:03","slug":"venezolana-fue-asesinada-por-su-suegra-tras-planear-mudanza-con-su-esposo-e-hija","status":"publish","type":"post","link":"https:\/\/esreviral.com\/?p=71022","title":{"rendered":"Venezolana fue asesinada por su suegra tras planear mudanza con su esposo e hija"},"content":{"rendered":"\n<p>En una nota publicada por el <em>Diario Osorno<\/em> y escrita por el periodista Rafael Valdebenito, se revelaron nuevos detalles<strong><a href=\"https:\/\/esreviral.com\/?p=70903\" data-type=\"link\" data-id=\"https:\/\/esreviral.com\/?p=70903\"> sobre el asesinato de Estefany Morales, joven zuliana de 22 a\u00f1os de edad, presuntamente asesinada por su suegra, Miriam Cort\u00e9s, de nacionalidad chilena y \u00fanica imputada por el crimen<\/a><\/strong>. La mujer fue formalizada este viernes por el Ministerio P\u00fablico.<\/p>\n\n\n\n<p class=\"has-text-align-center\"><em><strong><em><strong><em><strong><em><strong><a href=\"https:\/\/t.me\/esreviral\">\u00daNETE A NUESTRO CANAL DE TELEGRAM PARA ESTAR INFORMADO<\/a><\/strong><\/em><\/strong><\/em><\/strong><\/em><\/strong><\/em><\/p>\n\n\n\n<p><strong>Seg\u00fan la Fiscal\u00eda, Cort\u00e9s, de 48 a\u00f1os de edad, habr\u00eda atacado a Morales con un objeto contundente en la cabeza y luego le propin\u00f3 19 pu\u00f1aladas en la zona cervical, tor\u00e1cica y craneal durante la tarde del mi\u00e9rcoles.<\/strong> Su cad\u00e1ver fue hallado la madrugada del jueves, luego de que su pareja \u2014hijo de la acusada\u2014 le preguntara a su madre por el paradero de Estefany.<strong> En ese momento, Cort\u00e9s confes\u00f3 el crimen y el cuerpo fue encontrado dentro de un contenedor de basura, frente a la vivienda ubicada en la calle Callao, sector Rahue Alto, en Pedro Aguirre Cerda.<\/strong><\/p>\n\n\n\n<p>Estefany Morales trabajaba como funcionaria en la Unidad de Climatizaci\u00f3n del Hospital Base San Jos\u00e9 de Osorno. Sus restos son velados en la Capilla San Pedro y San Pablo, y su funeral est\u00e1 previsto para este s\u00e1bado 29 de marzo a las 11:30 a.m.<\/p>\n\n\n\n<p>La fiscal Mar\u00eda Ang\u00e9lica de Miguel inform\u00f3 que se <strong>buscar\u00e1 una condena por homicidio calificado, ya que Cort\u00e9s habr\u00eda premeditado el asesinato al saber que sus hijos no estar\u00edan en casa durante varias horas. <\/strong>Adem\u00e1s, manipul\u00f3 el celular de la v\u00edctima y realiz\u00f3 una limpieza exhaustiva del lugar, incluyendo el cambio de ropa, para encubrir el crimen.<\/p>\n\n\n\n<p>El posible m\u00f3vil del asesinato ser\u00eda que Estefany, su pareja y la hija de Cort\u00e9s <strong>planeaban independizarse y mudarse a una vivienda que ya hab\u00edan arrendado.<\/strong><\/p>\n\n\n\n<p>El tribunal dict\u00f3 prisi\u00f3n preventiva para Cort\u00e9s y estableci\u00f3 un plazo de 100 d\u00edas para la investigaci\u00f3n, en uno de los casos m\u00e1s estremecedores registrados recientemente en la ciudad.<\/p>\n\n\n\n<p class=\"has-text-align-center\"><strong><em><a href=\"https:\/\/esreviral.com\/?p=70931\">Lea Tambi\u00e9n: Brutal crimen: Migrante venezolana asesinada a pu\u00f1aladas, su pareja bajo la mira<\/a><\/em><\/strong><\/p>\n\n\n\n<p class=\"has-text-align-center\"><strong><a href=\"https:\/\/chat.whatsapp.com\/KWkTmakY3I05kNdd2oZl6d\"><em>\u00daNETE A NUESTRO GRUPO DE WHATSAPP PARA ESTAR INFORMADO<\/em><\/a><\/strong><\/p>\n\n\n\n<p class=\"has-text-align-right\"><strong><em>Con Informaci\u00f3n de diarioversionfinal.com.-<\/em><\/strong><\/p>\n","protected":false},"excerpt":{"rendered":"<p>El Ministerio P\u00fablico solicitar\u00e1 condena por homicidio calificado contra Miriam Cort\u00e9s, de 48 a\u00f1os, quien golpe\u00f3 en la cabeza a la zuliana de 22 a\u00f1os la tarde del mi\u00e9rcoles y luego la apu\u00f1al\u00f3 19 veces. Este s\u00e1bado es el funeral de la joven madre, quien en Maracaibo resid\u00eda en Sierra Maestra. La mujer fue formalizada y es la \u00fanica imputada por el caso registrado en Osorno, Regi\u00f3n de Los Lagos<\/p>\n","protected":false},"author":3,"featured_media":71023,"comment_status":"closed","ping_status":"closed","sticky":false,"template":"","format":"standard","meta":{"jnews-multi-image_gallery":[],"jnews_single_post":{"format":"standard"},"jnews_primary_category":[],"jnews_social_meta":[],"jnews_review":[],"enable_review":"","type":"","name":"","summary":"","brand":"","sku":"","good":[],"bad":[],"score_override":"","override_value":"","rating":[],"price":[],"jnews_override_counter":[],"jnews_post_split":[],"footnotes":""},"categories":[54,88,64],"tags":[27577,2617,386,27435,182,45,739],"class_list":["post-71022","post","type-post","status-publish","format-standard","has-post-thumbnail","hentry","category-inmigracion","category-internacionales","category-sucesos","tag-asesinada-por-su-suegra","tag-cadaver","tag-chile","tag-estefany-morales","tag-ministerio-publico","tag-noticias","tag-venezolanos-en-chile"],"amp_enabled":true,"_links":{"self":[{"href":"https:\/\/esreviral.com\/index.php?rest_route=\/wp\/v2\/posts\/71022"}],"collection":[{"href":"https:\/\/esreviral.com\/index.php?rest_route=\/wp\/v2\/posts"}],"about":[{"href":"https:\/\/esreviral.com\/index.php?rest_route=\/wp\/v2\/types\/post"}],"author":[{"embeddable":true,"href":"https:\/\/esreviral.com\/index.php?rest_route=\/wp\/v2\/users\/3"}],"replies":[{"embeddable":true,"href":"https:\/\/esreviral.com\/index.php?rest_route=%2Fwp%2Fv2%2Fcomments&post=71022"}],"version-history":[{"count":1,"href":"https:\/\/esreviral.com\/index.php?rest_route=\/wp\/v2\/posts\/71022\/revisions"}],"predecessor-version":[{"id":71024,"href":"https:\/\/esreviral.com\/index.php?rest_route=\/wp\/v2\/posts\/71022\/revisions\/71024"}],"wp:featuredmedia":[{"embeddable":true,"href":"https:\/\/esreviral.com\/index.php?rest_route=\/wp\/v2\/media\/71023"}],"wp:attachment":[{"href":"https:\/\/esreviral.com\/index.php?rest_route=%2Fwp%2Fv2%2Fmedia&parent=71022"}],"wp:term":[{"taxonomy":"category","embeddable":true,"href":"https:\/\/esreviral.com\/index.php?rest_route=%2Fwp%2Fv2%2Fcategories&post=71022"},{"taxonomy":"post_tag","embeddable":true,"href":"https:\/\/esreviral.com\/index.php?rest_route=%2Fwp%2Fv2%2Ftags&post=71022"}],"curies":[{"name":"wp","href":"https:\/\/api.w.org\/{rel}","templated":true}]}}