{"id":70903,"date":"2025-03-27T08:46:29","date_gmt":"2025-03-27T13:46:29","guid":{"rendered":"https:\/\/esreviral.com\/?p=70903"},"modified":"2025-03-27T13:22:56","modified_gmt":"2025-03-27T18:22:56","slug":"mujer-asesino-a-punaladas-a-su-nuera-la-victima-era-venezolana","status":"publish","type":"post","link":"https:\/\/esreviral.com\/?p=70903","title":{"rendered":"Mujer asesin\u00f3 a pu\u00f1aladas a su nuera: La v\u00edctima era venezolana"},"content":{"rendered":"\n<p><strong>Una mujer venezolana de 22 a\u00f1os de edad fue asesinada<\/strong> la noche de este mi\u00e9rcoles<strong> por su suegra en la ciudad de Osorno<\/strong>, ubicada en la regi\u00f3n de Los Lagos, <strong>Chile.<\/strong><\/p>\n\n\n\n<p>Seg\u00fan informaci\u00f3n preliminar, el<strong> homicidio<\/strong> ocurri\u00f3 en una vivienda del sector Rahue Alto, donde l<strong>a suegra atac\u00f3 a la pareja de su hijo con un arma cortopunzante, caus\u00e1ndole la muerte<\/strong>. La autora del crimen se encuentra detenida en una unidad policial y ser\u00e1 formalizada en audiencia de control de detenci\u00f3n el d\u00eda de hoy, inform\u00f3 la fiscal Mar\u00eda Ang\u00e9lica De Miguel.<\/p>\n\n\n\n<p class=\"has-text-align-center\"><em><strong><em><strong><em><strong><em><strong><a href=\"https:\/\/t.me\/esreviral\">\u00daNETE A NUESTRO CANAL DE TELEGRAM PARA ESTAR INFORMADO<\/a><\/strong><\/em><\/strong><\/em><\/strong><\/em><\/strong><\/em><\/p>\n\n\n\n<p><strong>La mujer confes\u00f3 a su propio hijo que hab\u00eda matado a su pareja, con quien ten\u00eda una hija de dos a\u00f1os<\/strong> <strong>de edad<\/strong>. Los cuatro miembros de la familia viv\u00edan en el domicilio donde ocurri\u00f3 el tr\u00e1gico suceso.<\/p>\n\n\n\n<p>El subprefecto Javier Yusthy, jefe de la Brigada de Homicidios de Osorno, detall\u00f3 que el equipo realiz\u00f3 las labores cient\u00edficas y t\u00e9cnicas en el lugar: \u00ab<strong><em>Como indic\u00f3 la fiscal, hemos llevado a cabo el trabajo t\u00e9cnico de fijaci\u00f3n del sitio del suceso tras el llamado de la Fiscal\u00eda<\/em><\/strong>\u00ab.<\/p>\n\n\n\n<p>Por su parte, el capit\u00e1n Juan Castro, de la 3\u00b0 Comisar\u00eda de Osorno, precis\u00f3: \u00ab<strong><em>Carabineros tom\u00f3 conocimiento del hecho a trav\u00e9s del hijo de la detenida, quien inform\u00f3 que su madre hab\u00eda confesado haber asesinado a su pareja\u00bb.<\/em><\/strong><\/p>\n\n\n\n<p>\u00ab<strong><em>Lamentablemente, al llegar al domicilio, Carabineros encontr\u00f3 el cuerpo sin vida de una mujer adulta de 22 a\u00f1os de edad, de nacionalidad venezolana<\/em><\/strong>\u00ab, agreg\u00f3.<\/p>\n\n\n\n<p class=\"has-text-align-center\"><strong><em><mark style=\"background-color:rgba(0, 0, 0, 0)\" class=\"has-inline-color has-vivid-red-color\"><a href=\"https:\/\/esreviral.com\/?p=70931\" data-type=\"link\" data-id=\"https:\/\/esreviral.com\/?p=70931\">Lea Tambi\u00e9n: Brutal crimen: Migrante venezolana asesinada a pu\u00f1aladas, su pareja bajo la mira<\/a><\/mark><\/em><\/strong><\/p>\n\n\n\n<p class=\"has-text-align-center\"><strong><a href=\"https:\/\/chat.whatsapp.com\/KWkTmakY3I05kNdd2oZl6d\"><em>\u00daNETE A NUESTRO GRUPO DE WHATSAPP PARA ESTAR INFORMADO<\/em><\/a><\/strong><\/p>\n","protected":false},"excerpt":{"rendered":"<p>La mujer atac\u00f3 a la pareja de su hijo con un arma cortopunzante hasta causarle la muerte. Confes\u00f3 a su propio hijo que hab\u00eda matado a su pareja. La v\u00edctima ten\u00eda una ni\u00f1a de dos a\u00f1os<\/p>\n","protected":false},"author":3,"featured_media":70904,"comment_status":"closed","ping_status":"closed","sticky":false,"template":"","format":"standard","meta":{"jnews-multi-image_gallery":[],"jnews_single_post":{"format":"standard"},"jnews_primary_category":[],"jnews_social_meta":[],"jnews_review":[],"enable_review":"","type":"","name":"","summary":"","brand":"","sku":"","good":[],"bad":[],"score_override":"","override_value":"","rating":[],"price":[],"jnews_override_counter":[],"jnews_post_split":[],"footnotes":""},"categories":[54,88,64],"tags":[27427,386,282,45,3629,27426],"class_list":["post-70903","post","type-post","status-publish","format-standard","has-post-thumbnail","hentry","category-inmigracion","category-internacionales","category-sucesos","tag-asesino-a-punaladas","tag-chile","tag-homicidio","tag-noticias","tag-punaladas","tag-sur-de-chile"],"amp_enabled":true,"_links":{"self":[{"href":"https:\/\/esreviral.com\/index.php?rest_route=\/wp\/v2\/posts\/70903"}],"collection":[{"href":"https:\/\/esreviral.com\/index.php?rest_route=\/wp\/v2\/posts"}],"about":[{"href":"https:\/\/esreviral.com\/index.php?rest_route=\/wp\/v2\/types\/post"}],"author":[{"embeddable":true,"href":"https:\/\/esreviral.com\/index.php?rest_route=\/wp\/v2\/users\/3"}],"replies":[{"embeddable":true,"href":"https:\/\/esreviral.com\/index.php?rest_route=%2Fwp%2Fv2%2Fcomments&post=70903"}],"version-history":[{"count":2,"href":"https:\/\/esreviral.com\/index.php?rest_route=\/wp\/v2\/posts\/70903\/revisions"}],"predecessor-version":[{"id":70935,"href":"https:\/\/esreviral.com\/index.php?rest_route=\/wp\/v2\/posts\/70903\/revisions\/70935"}],"wp:featuredmedia":[{"embeddable":true,"href":"https:\/\/esreviral.com\/index.php?rest_route=\/wp\/v2\/media\/70904"}],"wp:attachment":[{"href":"https:\/\/esreviral.com\/index.php?rest_route=%2Fwp%2Fv2%2Fmedia&parent=70903"}],"wp:term":[{"taxonomy":"category","embeddable":true,"href":"https:\/\/esreviral.com\/index.php?rest_route=%2Fwp%2Fv2%2Fcategories&post=70903"},{"taxonomy":"post_tag","embeddable":true,"href":"https:\/\/esreviral.com\/index.php?rest_route=%2Fwp%2Fv2%2Ftags&post=70903"}],"curies":[{"name":"wp","href":"https:\/\/api.w.org\/{rel}","templated":true}]}}