{"id":70850,"date":"2025-03-26T13:30:25","date_gmt":"2025-03-26T18:30:25","guid":{"rendered":"https:\/\/esreviral.com\/?p=70850"},"modified":"2025-03-26T13:30:38","modified_gmt":"2025-03-26T18:30:38","slug":"un-exparticipante-de-gran-hermano-fue-operado-de-urgencia-tras-un-accidente-sexual","status":"publish","type":"post","link":"https:\/\/esreviral.com\/?p=70850","title":{"rendered":"Un exparticipante de Gran Hermano fue operado de urgencia tras un accidente sexual"},"content":{"rendered":"\n<p>En las \u00faltimas horas, trascendi\u00f3 que<strong> Giuliano Vaschetto<\/strong>, conocido como \u201c<strong>Nano<\/strong>\u201d exparticipante de Gran Hermano, sufri\u00f3 un <strong>accidente sexual<\/strong> que lo llev\u00f3 a una cirug\u00eda de urgencia. La noticia fue confirmada por su novia, <strong>Jenifer Laur\u00eda, a trav\u00e9s de sus redes sociales.<\/strong><\/p>\n\n\n\n<p>Este martes por la ma\u00f1ana, la influencer comparti\u00f3 un video en su cuenta de Instagram en el que se ve\u00eda el momento en que llevaba a Nano a la cl\u00ednica. \u201c<strong><em>Reci\u00e9n dejamos a Emita en el jard\u00edn y ahora estamos con el lisiado yendo a la cl\u00ednica. Se tiene que operar, as\u00ed que despu\u00e9s les voy a ir contando paso por paso c\u00f3mo va todo<\/em><\/strong>\u201d, coment\u00f3 Laur\u00eda. En la grabaci\u00f3n, tambi\u00e9n se escuch\u00f3 a Nano, quien agreg\u00f3: \u201cDes\u00e9enme suerte\u201d.<\/p>\n\n\n\n<p class=\"has-text-align-center\"><em><strong><em><strong><em><strong><em><strong><a href=\"https:\/\/t.me\/esreviral\">\u00daNETE A NUESTRO CANAL DE TELEGRAM PARA ESTAR INFORMADO<\/a><\/strong><\/em><\/strong><\/em><\/strong><\/em><\/strong><\/em><\/p>\n\n\n\n<figure class=\"wp-block-image size-large\"><img decoding=\"async\" src=\"https:\/\/tn.com.ar\/resizer\/v2\/giuliano-vaschetto-nano-y-jenifer-lauria-antes-de-la-operacion-tras-el-accidente-sexual-que-sufrio-el-ex-participante-de-gran-hermano-foto-instagram-jeniferlauria93-B32UODOXKVG3VNNOJBQUT3IVXE.jfif?auth=db767beeac3d86c9e13d03a7921c061696235e6d91da7b750dcbe7ef86a2554a&amp;width=1440\" alt=\"\"\/><\/figure>\n\n\n\n<p><\/p>\n\n\n\n<p>M\u00e1s tarde, Jenifer public\u00f3 otra historia desde la cl\u00ednica, donde aparec\u00eda abrazada a Nano, ya listo para la cirug\u00eda. \u201cEn todas\u201d, escribi\u00f3 junto a un emoji de coraz\u00f3n rojo.<\/p>\n\n\n\n<p>En un streaming posterior, Laur\u00eda revel\u00f3 que el accidente se debi\u00f3 a una lesi\u00f3n en el frenillo de Nano, una molestia que ya ven\u00eda arrastrando. \u201cVen\u00edamos mal, ya estaba lastimado&#8230; No pod\u00edamos m\u00e1s, le dol\u00eda mucho y por eso se tuvo que operar. Pero ya se le hab\u00eda cortado la otra vez, estaba a un hilito&#8230; Cada vez que est\u00e1bamos, (Nano) lloraba del dolor\u201d, explic\u00f3.<\/p>\n\n\n\n<p>Tras la intervenci\u00f3n, Nano, a\u00fan bajo los efectos de la anestesia, se dirigi\u00f3 a sus seguidores en Instagram para tranquilizarlos: \u201cS\u00e9 que no parece, pero estoy bien\u201d. Tambi\u00e9n agradeci\u00f3 el apoyo y mencion\u00f3 que su recuperaci\u00f3n tomar\u00e1 aproximadamente 20 d\u00edas.<\/p>\n\n\n\n<figure class=\"wp-block-image size-large\"><img decoding=\"async\" src=\"https:\/\/tn.com.ar\/resizer\/v2\/jenifer-lauria-abrazada-a-nano-quien-ya-estaba-preparado-para-la-cirugia-compartiendo-el-momento-con-sus-seguidores-en-redes-sociales-foto-instagram-jeniferlauria93-KAHVZ7PGLBFHBIVFMNQ3ARGI3Y.jpeg?auth=81c0b3f1139bb8efb624931c9932cb4a2d35c84bd9886fe65ea56d4769e97072&amp;width=1440\" alt=\"\"\/><\/figure>\n\n\n\n<p><\/p>\n\n\n\n<p><strong><mark style=\"background-color:rgba(0, 0, 0, 0)\" class=\"has-inline-color has-vivid-red-color\">Santiago del Moro anunci\u00f3 la renuncia de un participante de <em>Gran Hermano<\/em><\/mark><\/strong><\/p>\n\n\n\n<p>En paralelo, <em>Gran Hermano<\/em> volvi\u00f3 a sacudir a su audiencia con una inesperada noticia. <strong>Santiago del Moro anunci\u00f3 la renuncia de uno de los participantes y dej\u00f3 a los fan\u00e1ticos en vilo.<\/strong><\/p>\n\n\n\n<p>A trav\u00e9s de su cuenta oficial de Instagram, el conductor del ciclo inform\u00f3: \u201c<strong><em>Esta noche, de com\u00fan acuerdo, se va de la casa. Triste, pero real&#8230; A no desesperar porque habr\u00e1 novedades. Hoy tenemos una noche imperdible\u201d.<\/em><\/strong><\/p>\n\n\n\n<figure class=\"wp-block-image size-large\"><img decoding=\"async\" src=\"https:\/\/tn.com.ar\/resizer\/v2\/santiago-del-moro-anuncio-que-un-participante-deja-la-casa-de-gran-hermano-foto-instagram-santidelmoro-EUP3RBNJEJG4ZEC377OK4SOFZA.JPG?auth=fc69d4b466571a63bf6aa02cfee02529c66aa06280d299337eed0489d047b637&amp;width=1440\" alt=\"\"\/><\/figure>\n\n\n\n<p><\/p>\n\n\n\n<p>De inmediato, las redes estallaron con especulaciones sobre qui\u00e9n podr\u00eda abandonar el reality. Mientras algunos usuarios aseguran que se trata de Furia, quien hab\u00eda manifestado su intenci\u00f3n de irse, otros creen que el participante en cuesti\u00f3n es Juan Pablo De Vigili (<em>Devi<\/em>), quien tambi\u00e9n expres\u00f3 su deseo de salir tras enterarse de que est\u00e1 soltero.<\/p>\n\n\n\n<p>\u201cHoy, si se va Furia, volvemos al GH de los tapes de puchos cada 5 segundos. Si se va Juan Pablo, no cambia nada el juego\u201d, \u201cSantiago del Moro confirma que hoy, de com\u00fan acuerdo, Furia se va de la casa\u2026 no lo menciona, pero habla de ella\u201d y \u201cCERO D\u00cdAS SIN QUILOMBO. Hoy alguien abandona la casa de com\u00fan acuerdo. \u00bfSer\u00e1 Furia o ser\u00e1 Devi?\u201d, fueron algunos de los comentarios que inundaron X (Twitter).<\/p>\n\n\n\n<p>Habr\u00e1 que esperar al programa en vivo para conocer qui\u00e9n dejar\u00e1 la competencia y c\u00f3mo afectar\u00e1 esto la din\u00e1mica del reality.<\/p>\n\n\n\n<p class=\"has-text-align-center\"><strong><a href=\"https:\/\/chat.whatsapp.com\/KWkTmakY3I05kNdd2oZl6d\"><em>\u00daNETE A NUESTRO GRUPO DE WHATSAPP PARA ESTAR INFORMADO<\/em><\/a><\/strong><\/p>\n","protected":false},"excerpt":{"rendered":"<p>Jenifer Laur\u00eda, novia del participante, comparti\u00f3 detalles de la intervenci\u00f3n y su recuperaci\u00f3n.<\/p>\n","protected":false},"author":3,"featured_media":70851,"comment_status":"closed","ping_status":"closed","sticky":false,"template":"","format":"standard","meta":{"jnews-multi-image_gallery":[],"jnews_single_post":{"format":"standard"},"jnews_primary_category":[],"jnews_social_meta":[],"jnews_review":[],"enable_review":"","type":"","name":"","summary":"","brand":"","sku":"","good":[],"bad":[],"score_override":"","override_value":"","rating":[],"price":[],"jnews_override_counter":[],"jnews_post_split":[],"footnotes":""},"categories":[58,50],"tags":[27371,44,5069,27370,27369,45,6259],"class_list":["post-70850","post","type-post","status-publish","format-standard","has-post-thumbnail","hentry","category-argentina","category-entretenimiento","tag-accidente-sexual","tag-argentina","tag-gran-hermano","tag-jenifer-lauria","tag-nano-vaschetto","tag-noticias","tag-reality"],"_links":{"self":[{"href":"https:\/\/esreviral.com\/index.php?rest_route=\/wp\/v2\/posts\/70850","targetHints":{"allow":["GET"]}}],"collection":[{"href":"https:\/\/esreviral.com\/index.php?rest_route=\/wp\/v2\/posts"}],"about":[{"href":"https:\/\/esreviral.com\/index.php?rest_route=\/wp\/v2\/types\/post"}],"author":[{"embeddable":true,"href":"https:\/\/esreviral.com\/index.php?rest_route=\/wp\/v2\/users\/3"}],"replies":[{"embeddable":true,"href":"https:\/\/esreviral.com\/index.php?rest_route=%2Fwp%2Fv2%2Fcomments&post=70850"}],"version-history":[{"count":2,"href":"https:\/\/esreviral.com\/index.php?rest_route=\/wp\/v2\/posts\/70850\/revisions"}],"predecessor-version":[{"id":70853,"href":"https:\/\/esreviral.com\/index.php?rest_route=\/wp\/v2\/posts\/70850\/revisions\/70853"}],"wp:featuredmedia":[{"embeddable":true,"href":"https:\/\/esreviral.com\/index.php?rest_route=\/wp\/v2\/media\/70851"}],"wp:attachment":[{"href":"https:\/\/esreviral.com\/index.php?rest_route=%2Fwp%2Fv2%2Fmedia&parent=70850"}],"wp:term":[{"taxonomy":"category","embeddable":true,"href":"https:\/\/esreviral.com\/index.php?rest_route=%2Fwp%2Fv2%2Fcategories&post=70850"},{"taxonomy":"post_tag","embeddable":true,"href":"https:\/\/esreviral.com\/index.php?rest_route=%2Fwp%2Fv2%2Ftags&post=70850"}],"curies":[{"name":"wp","href":"https:\/\/api.w.org\/{rel}","templated":true}]}}