{"id":70713,"date":"2025-03-24T09:48:33","date_gmt":"2025-03-24T14:48:33","guid":{"rendered":"https:\/\/esreviral.com\/?p=70713"},"modified":"2025-03-24T09:48:34","modified_gmt":"2025-03-24T14:48:34","slug":"fallecio-acribillada-una-joven-venezolana-en-republica-dominicana","status":"publish","type":"post","link":"https:\/\/esreviral.com\/?p=70713","title":{"rendered":"Falleci\u00f3 acribillada una joven venezolana en Rep\u00fablica Dominicana"},"content":{"rendered":"\n<p>Una joven venezolana, oriunda del estado Zulia (Venezuela), muri\u00f3 en un tiroteo registrado la madrugada del s\u00e1bado en Rep\u00fablica Dominicana. En el incidente tambi\u00e9n result\u00f3 herido un hombre, cuya identidad y estado de salud a\u00fan no han sido confirmados.<\/p>\n\n\n\n<p>La v\u00edctima, identificada como Mar\u00eda Isamar Villasmil Atencio, de 28 a\u00f1os de edad, conduc\u00eda un Mercedes Benz cuando un sujeto, a\u00fan no identificado, le dispar\u00f3 en m\u00faltiples ocasiones, seg\u00fan reportes de la prensa dominicana.<\/p>\n\n\n\n<p>Las autoridades encontraron el veh\u00edculo con numerosos impactos de bala, especialmente en el parabrisas y el lateral derecho, de acuerdo con los diarios <em>List\u00edn Diario<\/em> y <em>Diario Libre<\/em>. El ataque ocurri\u00f3 en el municipio Sabana Iglesia, provincia Santiago. En sus redes sociales, Villasmil hab\u00eda compartido im\u00e1genes donde se le ve\u00eda al volante de su autom\u00f3vil.<\/p>\n\n\n\n<p class=\"has-text-align-center\"><em><strong><em><strong><em><strong><em><strong><a href=\"https:\/\/t.me\/esreviral\">\u00daNETE A NUESTRO CANAL DE TELEGRAM PARA ESTAR INFORMADO<\/a><\/strong><\/em><\/strong><\/em><\/strong><\/em><\/strong><\/em><\/p>\n\n\n\n<figure class=\"wp-block-image size-large\"><img decoding=\"async\" src=\"https:\/\/cdn.bitlysdowssl-aws.com\/wp-content\/uploads\/2025\/03\/vehiculo-venezolana-asesinada-republica-dominicana--1536x1080.jpeg\" alt=\"\"\/><\/figure>\n\n\n\n<h3 class=\"wp-block-heading\"><strong><mark style=\"background-color:rgba(0, 0, 0, 0)\" class=\"has-inline-color has-vivid-red-color\">Descartan robo como m\u00f3vil del crimen<\/mark><\/strong><\/h3>\n\n\n\n<p>El director de la Polic\u00eda Nacional en Santiago, general Juan Bautista Jim\u00e9nez Reynoso, inform\u00f3 que en la escena del crimen se hallaron 11 casquillos de bala calibre 9 mm y que se est\u00e1n analizando las evidencias para esclarecer el caso.<\/p>\n\n\n\n<p>Hasta ahora, las autoridades han interrogado a una persona, aunque no han revelado detalles sobre su posible vinculaci\u00f3n con el ataque. No obstante, confirmaron que no se trat\u00f3 de un robo, ya que las v\u00edctimas no fueron despojadas de sus pertenencias.<\/p>\n\n\n\n<p>En redes sociales, allegados de Villasmil expresaron su dolor por su muerte. Una amiga public\u00f3 una foto junto a ella con el mensaje: <em>\u00abHasta la eternidad, hermana\u00bb<\/em>. Previamente, la joven hab\u00eda compartido en TikTok un video donde aparec\u00eda bailando en una discoteca, aparentemente en Maracaibo. Otra amiga coment\u00f3 en una de sus publicaciones: <em>\u00abTe extra\u00f1ar\u00e9 toda la vida, mi 24\/7\u00bb<\/em>.<\/p>\n\n\n\n<p><\/p>\n\n\n\n<p class=\"has-text-align-center\"><strong><a href=\"https:\/\/chat.whatsapp.com\/KWkTmakY3I05kNdd2oZl6d\"><em>\u00daNETE A NUESTRO GRUPO DE WHATSAPP PARA ESTAR INFORMADO<\/em><\/a><\/strong><\/p>\n","protected":false},"excerpt":{"rendered":"<p>Mar\u00eda Isamar Villasmil Atencio, de 28 a\u00f1os de edad, conduc\u00eda un veh\u00edculo Mercedes Benz cuando un hombre a\u00fan no identificado la atac\u00f3 a tiros. Las autoridades descartaron que se trate de un robo<\/p>\n","protected":false},"author":3,"featured_media":70714,"comment_status":"closed","ping_status":"closed","sticky":false,"template":"","format":"standard","meta":{"jnews-multi-image_gallery":[],"jnews_single_post":{"format":"standard"},"jnews_primary_category":[],"jnews_social_meta":[],"jnews_review":[],"enable_review":"","type":"","name":"","summary":"","brand":"","sku":"","good":[],"bad":[],"score_override":"","override_value":"","rating":[],"price":[],"jnews_override_counter":[],"jnews_post_split":[],"footnotes":""},"categories":[54,88,64],"tags":[16002,2052,45,453,56],"class_list":["post-70713","post","type-post","status-publish","format-standard","has-post-thumbnail","hentry","category-inmigracion","category-internacionales","category-sucesos","tag-joven-venezolana","tag-migrantes-venezolanos","tag-noticias","tag-republica-dominicana","tag-venezuela"],"amp_enabled":true,"_links":{"self":[{"href":"https:\/\/esreviral.com\/index.php?rest_route=\/wp\/v2\/posts\/70713"}],"collection":[{"href":"https:\/\/esreviral.com\/index.php?rest_route=\/wp\/v2\/posts"}],"about":[{"href":"https:\/\/esreviral.com\/index.php?rest_route=\/wp\/v2\/types\/post"}],"author":[{"embeddable":true,"href":"https:\/\/esreviral.com\/index.php?rest_route=\/wp\/v2\/users\/3"}],"replies":[{"embeddable":true,"href":"https:\/\/esreviral.com\/index.php?rest_route=%2Fwp%2Fv2%2Fcomments&post=70713"}],"version-history":[{"count":1,"href":"https:\/\/esreviral.com\/index.php?rest_route=\/wp\/v2\/posts\/70713\/revisions"}],"predecessor-version":[{"id":70715,"href":"https:\/\/esreviral.com\/index.php?rest_route=\/wp\/v2\/posts\/70713\/revisions\/70715"}],"wp:featuredmedia":[{"embeddable":true,"href":"https:\/\/esreviral.com\/index.php?rest_route=\/wp\/v2\/media\/70714"}],"wp:attachment":[{"href":"https:\/\/esreviral.com\/index.php?rest_route=%2Fwp%2Fv2%2Fmedia&parent=70713"}],"wp:term":[{"taxonomy":"category","embeddable":true,"href":"https:\/\/esreviral.com\/index.php?rest_route=%2Fwp%2Fv2%2Fcategories&post=70713"},{"taxonomy":"post_tag","embeddable":true,"href":"https:\/\/esreviral.com\/index.php?rest_route=%2Fwp%2Fv2%2Ftags&post=70713"}],"curies":[{"name":"wp","href":"https:\/\/api.w.org\/{rel}","templated":true}]}}