{"id":70710,"date":"2025-03-24T09:39:16","date_gmt":"2025-03-24T14:39:16","guid":{"rendered":"https:\/\/esreviral.com\/?p=70710"},"modified":"2025-03-24T09:39:18","modified_gmt":"2025-03-24T14:39:18","slug":"reabren-la-estacion-palermo-del-subte-d-y-funcionara-con-un-horario-especial-por-argentina-brasil-que-paradas-estaran-abiertas","status":"publish","type":"post","link":"https:\/\/esreviral.com\/?p=70710","title":{"rendered":"Reabren la estaci\u00f3n Palermo del subte D y funcionar\u00e1 con un horario especial por Argentina-Brasil: Qu\u00e9 paradas estar\u00e1n abiertas"},"content":{"rendered":"\n<p>Despu\u00e9s de varios meses de trabajo,<strong> la estaci\u00f3n Palermo de la l\u00ednea D del subte reabrir\u00e1 este martes.<\/strong> Para ofrecer un valor agregado, la l\u00ednea implementar\u00e1 un cronograma especial debido al partido de la Selecci\u00f3n Argentina contra Brasil, correspondiente a las Eliminatorias para el Mundial 2026.<\/p>\n\n\n\n<p>El objetivo de esta medida es facilitar la desconcentraci\u00f3n de los asistentes al encuentro, que se disputar\u00e1 en el Estadio Monumental. En este contexto, la estaci\u00f3n Congreso de Tucum\u00e1n, la m\u00e1s cercana al estadio, permanecer\u00e1 abierta dos horas m\u00e1s de lo habitual.<\/p>\n\n\n\n<p class=\"has-text-align-center\"><em><strong><em><strong><em><strong><em><strong><a href=\"https:\/\/t.me\/esreviral\">\u00daNETE A NUESTRO CANAL DE TELEGRAM PARA ESTAR INFORMADO<\/a><\/strong><\/em><\/strong><\/em><\/strong><\/em><\/strong><\/em><\/p>\n\n\n\n<p>De este modo, los trenes saldr\u00e1n de esa estaci\u00f3n hasta la 1:00 a.m., y se habilitar\u00e1n otras cuatro estaciones para el descenso de pasajeros: Olleros, Plaza Italia, Pueyrred\u00f3n y 9 de Julio. Estas paradas han sido seleccionadas estrat\u00e9gicamente en funci\u00f3n del flujo estimado de personas y la conectividad con otros medios de transporte, seg\u00fan explicaron desde Subterr\u00e1neos de Buenos Aires Sociedad del Estado (Sbase). Esta iniciativa se suma a la extensi\u00f3n horaria de la l\u00ednea B, que ya se aplica los viernes y s\u00e1bados, con trenes hasta la 1:30 a.m. El objetivo es \u00ab<strong><em>facilitar el traslado en las zonas de mayor oferta cultural y reducir la dependencia del transporte privado\u00bb.<\/em><\/strong><\/p>\n\n\n<div class=\"wp-block-image\">\n<figure class=\"aligncenter size-large\"><img decoding=\"async\" src=\"https:\/\/www.clarin.com\/2025\/03\/24\/QFcdhDLXL_720x0__1.jpg\" alt=\"\"\/><\/figure><\/div>\n\n\n<p><\/p>\n\n\n\n<p>Esta medida tambi\u00e9n se implement\u00f3 durante el festival Buenos Aires Trap, realizado en diciembre en el Parque de la Ciudad. En esa ocasi\u00f3n, se dispuso de servicios especiales de colectivos para trasladar al p\u00fablico hasta la estaci\u00f3n Hospitales de la l\u00ednea H, que extendi\u00f3 su servicio hasta las 2:00 a.m.<\/p>\n\n\n\n<p><strong><mark style=\"background-color:rgba(0, 0, 0, 0)\" class=\"has-inline-color has-vivid-red-color\">Obra en la estaci\u00f3n Palermo<\/mark><\/strong><\/p>\n\n\n\n<p>\u00abLa estaci\u00f3n Palermo es muy importante, ya que miles de pasajeros la utilizan a diario, combin\u00e1ndola con el ferrocarril San Mart\u00edn, y tambi\u00e9n es un punto de inter\u00e9s para los turistas que visitan uno de los barrios m\u00e1s emblem\u00e1ticos de la Ciudad\u00bb, destac\u00f3 el presidente de Sbase, Javier Iba\u00f1ez, sobre la reapertura.<\/p>\n\n\n\n<p>La obra incluy\u00f3 la intervenci\u00f3n de \u00e1reas clave como accesos, galer\u00edas de escaleras (pedestres y mec\u00e1nicas), vest\u00edbulos y andenes. Entre los trabajos realizados, se destacan la impermeabilizaci\u00f3n, pintura, reparaci\u00f3n de pisos, instalaci\u00f3n de luces LED, renovaci\u00f3n de la se\u00f1al\u00e9tica y la incorporaci\u00f3n de se\u00f1alizaci\u00f3n en braille en pasamanos y p\u00f3rticos, la cual se completar\u00e1 en los pr\u00f3ximos d\u00edas.<\/p>\n\n\n\n<p>Adem\u00e1s, como parte de la renovaci\u00f3n, se instal\u00f3 nuevo mobiliario en los andenes, como bancos, cestos y apoyos isqui\u00e1ticos. Desde Sbase tambi\u00e9n informaron que, fuera del horario de servicio, se continuar\u00e1n realizando trabajos menores, as\u00ed como la restauraci\u00f3n de las dos ventanas hist\u00f3ricas con piezas patrimoniales recuperadas de la estaci\u00f3n.<\/p>\n\n\n\n<p><strong><mark style=\"background-color:rgba(0, 0, 0, 0)\" class=\"has-inline-color has-vivid-red-color\">Renovaci\u00f3n de estaciones<\/mark><\/strong><\/p>\n\n\n\n<p>En el marco del Plan de Renovaci\u00f3n Integral de Estaciones, contin\u00faan los trabajos en Lima (L\u00ednea A) y Pueyrred\u00f3n (L\u00ednea B), que siguen cerradas. Adem\u00e1s, avanzan las obras en Plaza Italia y Tribunales (L\u00ednea D).<\/p>\n\n\n\n<p>Por otro lado, ya se han completado las renovaciones de las estaciones Castro Barros y Acoyte (L\u00ednea A), San Mart\u00edn (L\u00ednea C), Scalabrini Ortiz, Bulnes y Facultad de Medicina (L\u00ednea D), Jujuy (L\u00ednea E), y Pasteur-AMIA (L\u00ednea B), as\u00ed como de doce paradores del Premetro (Ana Mar\u00eda Janer, Cecilia Grierson, Mariano Acosta, Ana D\u00edaz, Escalada, Presidente Illia, Parque de la Ciudad, Pola, Centro C\u00edvico Lugano, Nuestra Se\u00f1ora de F\u00e1tima, Intendente Saguier y Somellera).<\/p>\n\n\n\n<p>Las pr\u00f3ximas estaciones que estar\u00e1n en obras ser\u00e1n Uruguay, Carlos Gardel y Malabia (L\u00ednea B), Ag\u00fcero (L\u00ednea D), Loria, R\u00edo de Janeiro, Piedras y Congreso (L\u00ednea A). En cuanto al Premetro, los trabajos en el parador Fern\u00e1ndez de la Cruz est\u00e1n por finalizar, mientras que en Larraz\u00e1bal, Nicol\u00e1s Descalzi y Gabino Ezeiza continuar\u00e1n en marcha.<\/p>\n\n\n\n<p class=\"has-text-align-center\"><strong><a href=\"https:\/\/chat.whatsapp.com\/KWkTmakY3I05kNdd2oZl6d\"><em>\u00daNETE A NUESTRO GRUPO DE WHATSAPP PARA ESTAR INFORMADO<\/em><\/a><\/strong><\/p>\n","protected":false},"excerpt":{"rendered":"<p>Estuvo cerrada por obras y conecta con colectivos y el tren San Mart\u00edn.<br \/>\nLas paradas que siguen en obra.<\/p>\n","protected":false},"author":3,"featured_media":70711,"comment_status":"closed","ping_status":"closed","sticky":false,"template":"","format":"standard","meta":{"jnews-multi-image_gallery":[],"jnews_single_post":{"format":"standard"},"jnews_primary_category":[],"jnews_social_meta":[],"jnews_review":[],"enable_review":"","type":"","name":"","summary":"","brand":"","sku":"","good":[],"bad":[],"score_override":"","override_value":"","rating":[],"price":[],"jnews_override_counter":[],"jnews_post_split":[],"footnotes":""},"categories":[58],"tags":[44,27202,27203,45,784,27201,290],"class_list":["post-70710","post","type-post","status-publish","format-standard","has-post-thumbnail","hentry","category-argentina","tag-argentina","tag-estacion-palermo","tag-linea-d-del-subte","tag-noticias","tag-palermo","tag-renovacion-de-estaciones","tag-subte"],"amp_enabled":true,"_links":{"self":[{"href":"https:\/\/esreviral.com\/index.php?rest_route=\/wp\/v2\/posts\/70710"}],"collection":[{"href":"https:\/\/esreviral.com\/index.php?rest_route=\/wp\/v2\/posts"}],"about":[{"href":"https:\/\/esreviral.com\/index.php?rest_route=\/wp\/v2\/types\/post"}],"author":[{"embeddable":true,"href":"https:\/\/esreviral.com\/index.php?rest_route=\/wp\/v2\/users\/3"}],"replies":[{"embeddable":true,"href":"https:\/\/esreviral.com\/index.php?rest_route=%2Fwp%2Fv2%2Fcomments&post=70710"}],"version-history":[{"count":1,"href":"https:\/\/esreviral.com\/index.php?rest_route=\/wp\/v2\/posts\/70710\/revisions"}],"predecessor-version":[{"id":70712,"href":"https:\/\/esreviral.com\/index.php?rest_route=\/wp\/v2\/posts\/70710\/revisions\/70712"}],"wp:featuredmedia":[{"embeddable":true,"href":"https:\/\/esreviral.com\/index.php?rest_route=\/wp\/v2\/media\/70711"}],"wp:attachment":[{"href":"https:\/\/esreviral.com\/index.php?rest_route=%2Fwp%2Fv2%2Fmedia&parent=70710"}],"wp:term":[{"taxonomy":"category","embeddable":true,"href":"https:\/\/esreviral.com\/index.php?rest_route=%2Fwp%2Fv2%2Fcategories&post=70710"},{"taxonomy":"post_tag","embeddable":true,"href":"https:\/\/esreviral.com\/index.php?rest_route=%2Fwp%2Fv2%2Ftags&post=70710"}],"curies":[{"name":"wp","href":"https:\/\/api.w.org\/{rel}","templated":true}]}}