{"id":70636,"date":"2025-03-21T10:28:57","date_gmt":"2025-03-21T15:28:57","guid":{"rendered":"https:\/\/esreviral.com\/?p=70636"},"modified":"2025-03-21T10:28:59","modified_gmt":"2025-03-21T15:28:59","slug":"brutal-crimen-venezolano-mato-a-su-pareja-y-esta-profugo","status":"publish","type":"post","link":"https:\/\/esreviral.com\/?p=70636","title":{"rendered":"\u00a1Brutal crimen! Venezolano mat\u00f3 a su pareja y est\u00e1 pr\u00f3fugo"},"content":{"rendered":"\n<p><strong>Yesica Paola Guerra,<\/strong> de 29 a\u00f1os de edad, fue hallada sin vida en su vivienda en la vereda San Pablo, zona rural de C\u00e1ceres, Bajo Cauca antioque\u00f1o, Colombia.<\/p>\n\n\n\n<p>Seg\u00fan informaci\u00f3n preliminar, muri\u00f3 de inmediato tras recibir<strong> un fuerte golpe en la cabeza <\/strong>con un objeto contundente. El 17 de marzo<strong>, familiares la encontraron en su casa y la trasladaron a un centro asistencial, donde los m\u00e9dicos confirmaron que ya no ten\u00eda signos vitales.<\/strong><\/p>\n\n\n\n<p>Las autoridades sospechan que <strong>el responsable ser\u00eda su pareja, con quien conviv\u00eda<\/strong>. Testigos indican que ambos asistieron a una fiesta la noche anterior y tuvieron una fuerte <strong>discusi\u00f3n<\/strong>, que habr\u00eda derivado en el ataque mortal.<\/p>\n\n\n\n<p>El presunto agresor, un ciudadano venezolano, est\u00e1 pr\u00f3fugo. La Fiscal\u00eda General de la Naci\u00f3n, a trav\u00e9s del CTI, avanza en la investigaci\u00f3n y ha pedido colaboraci\u00f3n ciudadana para dar con su paradero.<\/p>\n\n\n\n<p class=\"has-text-align-center\"><em><strong><em><strong><em><strong><em><strong><a href=\"https:\/\/t.me\/esreviral\">\u00daNETE A NUESTRO CANAL DE TELEGRAM PARA ESTAR INFORMADO<\/a><\/strong><\/em><\/strong><\/em><\/strong><\/em><\/strong><\/em><\/p>\n\n\n\n<p class=\"has-text-align-center\"><strong><a href=\"https:\/\/chat.whatsapp.com\/KWkTmakY3I05kNdd2oZl6d\"><em>\u00daNETE A NUESTRO GRUPO DE WHATSAPP PARA ESTAR INFORMADO<\/em><\/a><\/strong><\/p>\n\n\n\n<figure class=\"wp-block-image size-large\"><img decoding=\"async\" src=\"https:\/\/www.eluniversal.com.co\/resizer\/v2\/WHRVPT7FRJARBAQD75MOCH2X4I.jpg?auth=eea03344d8866ebc98e8507cfb8138691e26a3bb61f7c6b85bf5b6d90a1d9694&amp;smart=true&amp;width=1200&amp;height=800&amp;quality=70\" alt=\"\"\/><\/figure>\n","protected":false},"excerpt":{"rendered":"<p>La v\u00edctima sufri\u00f3 un fuerte golpe en la cabeza con un objeto contundente, lo que le caus\u00f3 la muerte de manera inmediata.<\/p>\n","protected":false},"author":3,"featured_media":70637,"comment_status":"closed","ping_status":"closed","sticky":false,"template":"","format":"standard","meta":{"jnews-multi-image_gallery":[],"jnews_single_post":{"format":"standard"},"jnews_primary_category":[],"jnews_social_meta":[],"jnews_review":[],"enable_review":"","type":"","name":"","summary":"","brand":"","sku":"","good":[],"bad":[],"score_override":"","override_value":"","rating":[],"price":[],"jnews_override_counter":[],"jnews_post_split":[],"footnotes":""},"categories":[54,64],"tags":[283,10376,7383,45,3175],"class_list":["post-70636","post","type-post","status-publish","format-standard","has-post-thumbnail","hentry","category-inmigracion","category-sucesos","tag-colombia","tag-discusion","tag-golpe-en-la-cabeza","tag-noticias","tag-profugo"],"_links":{"self":[{"href":"https:\/\/esreviral.com\/index.php?rest_route=\/wp\/v2\/posts\/70636","targetHints":{"allow":["GET"]}}],"collection":[{"href":"https:\/\/esreviral.com\/index.php?rest_route=\/wp\/v2\/posts"}],"about":[{"href":"https:\/\/esreviral.com\/index.php?rest_route=\/wp\/v2\/types\/post"}],"author":[{"embeddable":true,"href":"https:\/\/esreviral.com\/index.php?rest_route=\/wp\/v2\/users\/3"}],"replies":[{"embeddable":true,"href":"https:\/\/esreviral.com\/index.php?rest_route=%2Fwp%2Fv2%2Fcomments&post=70636"}],"version-history":[{"count":1,"href":"https:\/\/esreviral.com\/index.php?rest_route=\/wp\/v2\/posts\/70636\/revisions"}],"predecessor-version":[{"id":70638,"href":"https:\/\/esreviral.com\/index.php?rest_route=\/wp\/v2\/posts\/70636\/revisions\/70638"}],"wp:featuredmedia":[{"embeddable":true,"href":"https:\/\/esreviral.com\/index.php?rest_route=\/wp\/v2\/media\/70637"}],"wp:attachment":[{"href":"https:\/\/esreviral.com\/index.php?rest_route=%2Fwp%2Fv2%2Fmedia&parent=70636"}],"wp:term":[{"taxonomy":"category","embeddable":true,"href":"https:\/\/esreviral.com\/index.php?rest_route=%2Fwp%2Fv2%2Fcategories&post=70636"},{"taxonomy":"post_tag","embeddable":true,"href":"https:\/\/esreviral.com\/index.php?rest_route=%2Fwp%2Fv2%2Ftags&post=70636"}],"curies":[{"name":"wp","href":"https:\/\/api.w.org\/{rel}","templated":true}]}}