{"id":70592,"date":"2025-03-21T07:05:04","date_gmt":"2025-03-21T12:05:04","guid":{"rendered":"https:\/\/esreviral.com\/?p=70592"},"modified":"2025-03-21T07:05:05","modified_gmt":"2025-03-21T12:05:05","slug":"enfotos-como-es-el-tunel-vehicular-y-anillo-peatonal-que-unira-el-bajo-belgrano-con-aeroparque","status":"publish","type":"post","link":"https:\/\/esreviral.com\/?p=70592","title":{"rendered":"#EnFotos Como es el t\u00fanel vehicular y anillo peatonal que unir\u00e1 el Bajo Belgrano con Aeroparque"},"content":{"rendered":"\n<p><a href=\"https:\/\/esreviral.com\/?p=69494\" data-type=\"link\" data-id=\"https:\/\/esreviral.com\/?p=69494\"><strong>Tras anunciar la puesta en marcha de la l\u00ednea F de subte<\/strong>, <\/a>el jefe de Gobierno porte\u00f1o, Jorge Macri, present\u00f3 un nuevo proyecto de infraestructura: la construcci\u00f3n de un t\u00fanel vehicular y un anillo peatonal que conectar\u00e1 el Bajo Belgrano con Aeroparque. La obra abarcar\u00e1 10.000 metros cuadrados y se espera que su licitaci\u00f3n se realice en la segunda mitad del a\u00f1o, con inicio previsto para el primer semestre de 2026 y un plazo de ejecuci\u00f3n de 20 meses.<\/p>\n\n\n\n<p>El proyecto, que coincide con el inicio de la campa\u00f1a electoral y la oficializaci\u00f3n de candidaturas, se desarrollar\u00e1 sobre la calle Pampa y su cruce con la Autopista Leopoldo Lugones, las v\u00edas del ferrocarril Belgrano Norte y la Autopista Arturo Illia. Su objetivo es mejorar la conexi\u00f3n entre la ciudad, Aeroparque y la Costanera. Seg\u00fan Macri, la inversi\u00f3n superar\u00e1 los $50.000 millones.<\/p>\n\n\n\n<p>El dise\u00f1o contempla un t\u00fanel vehicular y un puente peatonal con bicisenda de 140 metros, concebido como un nuevo \u201c\u00edcono de referencia\u201d en la ciudad. Tambi\u00e9n facilitar\u00e1 el tr\u00e1nsito entre Figueroa Alcorta y la Avenida Costanera Rafael Obligado, ofreciendo una alternativa para retomar hacia el norte en una zona con alto flujo vehicular, donde se ubican la Ciudad Universitaria, el estadio de River, el Parque de la Innovaci\u00f3n y el Parque Costero.<\/p>\n\n\n\n<p class=\"has-text-align-center\"><em><strong><em><strong><em><strong><em><strong><a href=\"https:\/\/t.me\/esreviral\">\u00daNETE A NUESTRO CANAL DE TELEGRAM PARA ESTAR INFORMADO<\/a><\/strong><\/em><\/strong><\/em><\/strong><\/em><\/strong><\/em><\/p>\n\n\n<div class=\"wp-block-image\">\n<figure class=\"aligncenter size-large\"><img decoding=\"async\" src=\"https:\/\/resizer.glanacion.com\/resizer\/v2\/el-anillo-peatonal-incluira-una-KT4KBDIVW5BGTOJ33QOFGQVUFI.jpeg?auth=8e4006f9440329fb22b7faf2dfe748278fe93986493369832bcb87e6fd942328&amp;width=780&amp;height=522&amp;quality=70&amp;smart=true\" alt=\"\"\/><\/figure>\n<\/div>\n\n\n<p><strong><mark style=\"background-color:rgba(0, 0, 0, 0)\" class=\"has-inline-color has-vivid-red-color\">\u00abUn nuevo \u00edcono urbano\u00bb<\/mark><\/strong><\/p>\n\n\n\n<p>Desde el lugar donde se iniciar\u00e1n las obras, Macri afirm\u00f3 que busca construir una ciudad \u201cm\u00e1s conectada y accesible\u201d y destac\u00f3 la magnitud del proyecto: \u201cSer\u00e1 una gran obra que unir\u00e1 la Ciudad con el r\u00edo\u201d. El t\u00fanel partir\u00e1 desde el final de la traza de la calle La Pampa, cruzando por debajo de Lugones, el ferrocarril y la Autopista Illia en direcci\u00f3n a General Paz. Por su parte, el anillo ser\u00e1 una estructura elevada en forma de \u201ccorona\u201d, con un mirador panor\u00e1mico que permitir\u00e1 observar los despegues y aterrizajes en Aeroparque.<\/p>\n\n\n\n<p>\u201cImaginemos un nuevo \u00edcono urbano como la Floralis [de Recoleta], una intervenci\u00f3n en el espacio p\u00fablico y un nuevo atractivo\u201d, expres\u00f3 Macri. Adem\u00e1s, destac\u00f3 que el proyecto fue ganador de un concurso internacional impulsado por la Ciudad, en el que participaron expertos de todo el mundo. La propuesta seleccionada, explic\u00f3, destaca por su aporte en t\u00e9rminos de transporte, espacio p\u00fablico, seguridad y conectividad.<\/p>\n\n\n\n<p>Seg\u00fan el jefe de Gobierno, la obra permitir\u00e1 reducir a la mitad el tiempo de viaje en hora pico hacia Aeroparque y a\u00fan m\u00e1s en sentido contrario, al eliminar la necesidad de llegar hasta el Puente Labruna para retomar.<\/p>\n\n\n<div class=\"wp-block-image\">\n<figure class=\"aligncenter size-large\"><img decoding=\"async\" src=\"https:\/\/resizer.glanacion.com\/resizer\/v2\/el-gobierno-porteno-busca-que-se-imponga-esta-DVYOCPGHD5GHND3ZPTEBULPNEA.JPG?auth=4b7ca62bcb77035b06ee69a8ac8e5579b7854861bea0ae4240910ade0d4e02c8&amp;width=780&amp;height=520&amp;quality=70&amp;smart=true\" alt=\"\"\/><\/figure>\n<\/div>\n\n\n<p><\/p>\n\n\n\n<p><strong><mark style=\"background-color:rgba(0, 0, 0, 0)\" class=\"has-inline-color has-vivid-red-color\">Un proyecto clave para descongestionar el tr\u00e1nsito<\/mark><\/strong><\/p>\n\n\n\n<p>Macri remarc\u00f3 que esta intervenci\u00f3n responde a una necesidad urgente en una zona de alto crecimiento: \u201cEn los \u00faltimos a\u00f1os se construyeron muchos metros cuadrados en esta \u00e1rea, lo que ha generado un colapso vehicular. River tiene un estadio con mayor capacidad, est\u00e1n el Parque de la Innovaci\u00f3n, universidades, la Ciudad Universitaria, el Distrito Joven\u2026 Esta obra busca solucionar estos problemas y anticiparse al crecimiento que seguir\u00e1 ocurriendo\u201d.<\/p>\n\n\n\n<p>En un comentario que pareci\u00f3 dirigido a su predecesor, Horacio Rodr\u00edguez Larreta, quien competir\u00e1 por fuera de Pro en la Legislatura, Macri se\u00f1al\u00f3: \u201cProbablemente estas obras deber\u00edan haberse hecho antes, como una forma de prevenir el crecimiento de la Ciudad\u201d.<\/p>\n\n\n\n<p>Asimismo, asegur\u00f3 que su administraci\u00f3n mantendr\u00e1 un \u201cdi\u00e1logo permanente\u201d con los vecinos para minimizar los inconvenientes durante la construcci\u00f3n. \u201cNosotros no hacemos anuncios vac\u00edos. Cada obra que prometimos, la hicimos. Y cada nuevo proyecto tiene planificaci\u00f3n, inversi\u00f3n y compromiso\u201d, afirm\u00f3. En otro mensaje con tono pol\u00edtico, a\u00f1adi\u00f3: \u201cLa obra p\u00fablica en la Ciudad no se detiene\u201d, en aparente referencia a la gesti\u00f3n de Javier Milei.<\/p>\n\n\n<div class=\"wp-block-image\">\n<figure class=\"aligncenter size-large\"><img decoding=\"async\" src=\"https:\/\/resizer.glanacion.com\/resizer\/v2\/el-tunel-vehicular-sera-subterraneo-y-el-anillo-7QCW3F73B5FSRMHDTCM67XLWJE.jpeg?auth=52a16109a6c7bf1597cfe6f862baa9d4adcfd52e1063360c313907ac2e265b2e&amp;width=780&amp;height=522&amp;quality=70&amp;smart=true\" alt=\"\"\/><\/figure>\n<\/div>\n\n\n<p><\/p>\n\n\n\n<p><strong><mark style=\"background-color:rgba(0, 0, 0, 0)\" class=\"has-inline-color has-vivid-red-color\">Detalles de la construcci\u00f3n<\/mark><\/strong><\/p>\n\n\n\n<p>El ministro de Infraestructura porte\u00f1o, Pablo Bereciartua, precis\u00f3 que la licitaci\u00f3n comenzar\u00e1 en septiembre de 2025 y la obra en febrero de 2026. \u201cEsperamos tenerla en funcionamiento hacia el final de esta gesti\u00f3n\u201d, dijo. Adem\u00e1s, destac\u00f3 que la Ciudad puede afrontar este proyecto gracias a una administraci\u00f3n responsable de los recursos.<\/p>\n\n\n\n<p>Bereciartua adelant\u00f3 que, en una fase de la construcci\u00f3n, se restringir\u00e1 parcialmente el tr\u00e1nsito en la autopista para la instalaci\u00f3n del t\u00fanel subterr\u00e1neo. Sin embargo, aclar\u00f3 que el montaje del anillo peatonal no implicar\u00e1 interrupciones.<\/p>\n\n\n\n<p>\u201cLa corona no tendr\u00e1 columnas de soporte y su dise\u00f1o es un hito en t\u00e9rminos de urbanismo, arquitectura e ingenier\u00eda\u201d, subray\u00f3 el ministro. \u201cEl proyecto elegido fue desarrollado por un equipo multidisciplinario argentino y no solo mejorar\u00e1 la funcionalidad de la Ciudad, sino que tambi\u00e9n enriquecer\u00e1 la experiencia urbana\u201d.<\/p>\n\n\n\n<p><strong><mark style=\"background-color:rgba(0, 0, 0, 0)\" class=\"has-inline-color has-vivid-red-color\">Un mensaje en el D\u00eda Mundial del S\u00edndrome de Down<\/mark><\/strong><\/p>\n\n\n\n<p>Antes de finalizar su intervenci\u00f3n, Macri record\u00f3 que este viernes se conmemora el D\u00eda Mundial del S\u00edndrome de Down e invit\u00f3 a la ciudadan\u00eda a sumarse a la iniciativa de usar medias de distinto color \u201cpara celebrar la diversidad y ponerla en valor\u201d.<\/p>\n\n\n\n<p class=\"has-text-align-center\"><strong><em><mark style=\"background-color:rgba(0, 0, 0, 0)\" class=\"has-inline-color has-vivid-red-color\"><a href=\"https:\/\/esreviral.com\/?p=70589\" data-type=\"link\" data-id=\"https:\/\/esreviral.com\/?p=70589\">Lea Tambi\u00e9n: D\u00eda Mundial del S\u00edndrome de Down: \u00bfPor qu\u00e9 se usan medias de distinto color?<\/a><\/mark><\/em><\/strong><\/p>\n\n\n\n<p class=\"has-text-align-center\"><strong><a href=\"https:\/\/chat.whatsapp.com\/KWkTmakY3I05kNdd2oZl6d\"><em>\u00daNETE A NUESTRO GRUPO DE WHATSAPP PARA ESTAR INFORMADO<\/em><\/a><\/strong><\/p>\n","protected":false},"excerpt":{"rendered":"<p>As\u00ed lo cont\u00f3 este viernes el mandatario porte\u00f1o, Jorge Macri; la intervenci\u00f3n tendr\u00e1 10.000 metros y esperan comenzar con su construcci\u00f3n durante el primer semestre de 2026; implicar\u00e1 una inversi\u00f3n de m\u00e1s de $50.000 millones<\/p>\n","protected":false},"author":3,"featured_media":70593,"comment_status":"closed","ping_status":"closed","sticky":false,"template":"","format":"standard","meta":{"jnews-multi-image_gallery":[],"jnews_single_post":{"format":"standard"},"jnews_primary_category":[],"jnews_social_meta":[],"jnews_review":[],"enable_review":"","type":"","name":"","summary":"","brand":"","sku":"","good":[],"bad":[],"score_override":"","override_value":"","rating":[],"price":[],"jnews_override_counter":[],"jnews_post_split":[],"footnotes":""},"categories":[58,59],"tags":[3981,27056,44,27055,45,27057],"class_list":["post-70592","post","type-post","status-publish","format-standard","has-post-thumbnail","hentry","category-argentina","category-politica","tag-aeroparque","tag-anillo-peatonal","tag-argentina","tag-bajo-belgrano","tag-noticias","tag-tunel-vehicular"],"_links":{"self":[{"href":"https:\/\/esreviral.com\/index.php?rest_route=\/wp\/v2\/posts\/70592","targetHints":{"allow":["GET"]}}],"collection":[{"href":"https:\/\/esreviral.com\/index.php?rest_route=\/wp\/v2\/posts"}],"about":[{"href":"https:\/\/esreviral.com\/index.php?rest_route=\/wp\/v2\/types\/post"}],"author":[{"embeddable":true,"href":"https:\/\/esreviral.com\/index.php?rest_route=\/wp\/v2\/users\/3"}],"replies":[{"embeddable":true,"href":"https:\/\/esreviral.com\/index.php?rest_route=%2Fwp%2Fv2%2Fcomments&post=70592"}],"version-history":[{"count":1,"href":"https:\/\/esreviral.com\/index.php?rest_route=\/wp\/v2\/posts\/70592\/revisions"}],"predecessor-version":[{"id":70594,"href":"https:\/\/esreviral.com\/index.php?rest_route=\/wp\/v2\/posts\/70592\/revisions\/70594"}],"wp:featuredmedia":[{"embeddable":true,"href":"https:\/\/esreviral.com\/index.php?rest_route=\/wp\/v2\/media\/70593"}],"wp:attachment":[{"href":"https:\/\/esreviral.com\/index.php?rest_route=%2Fwp%2Fv2%2Fmedia&parent=70592"}],"wp:term":[{"taxonomy":"category","embeddable":true,"href":"https:\/\/esreviral.com\/index.php?rest_route=%2Fwp%2Fv2%2Fcategories&post=70592"},{"taxonomy":"post_tag","embeddable":true,"href":"https:\/\/esreviral.com\/index.php?rest_route=%2Fwp%2Fv2%2Ftags&post=70592"}],"curies":[{"name":"wp","href":"https:\/\/api.w.org\/{rel}","templated":true}]}}