{"id":703,"date":"2020-10-20T19:36:57","date_gmt":"2020-10-20T19:36:57","guid":{"rendered":"http:\/\/esreviral.com\/?p=703"},"modified":"2020-10-20T19:36:57","modified_gmt":"2020-10-20T19:36:57","slug":"enfotos-asi-fue-el-vuelo-de-repatriacion-hacia-venezuela","status":"publish","type":"post","link":"https:\/\/esreviral.com\/?p=703","title":{"rendered":"Encargada del grupo de venezolanos varados en Argentina desmiente el cobro de 850 USD"},"content":{"rendered":"\n<figure class=\"wp-block-embed-youtube wp-block-embed is-type-video is-provider-youtube wp-embed-aspect-4-3 wp-has-aspect-ratio\"><div class=\"wp-block-embed__wrapper\">\n<div class=\"jeg_video_container jeg_video_content\"><iframe title=\"Encargada del grupo de venezolanos varados en Argentina, desmiente el cobro de 850 USD\" width=\"500\" height=\"375\" src=\"https:\/\/www.youtube.com\/embed\/FPOnWhkYUS0?feature=oembed\" frameborder=\"0\" allow=\"accelerometer; autoplay; clipboard-write; encrypted-media; gyroscope; picture-in-picture; web-share\" referrerpolicy=\"strict-origin-when-cross-origin\" allowfullscreen><\/iframe><\/div>\n<\/div><\/figure>\n\n\n\n<p><strong><em>CIS.-<\/em><\/strong> Antes de las 6 de la ma\u00f1ana comenzaron a llegar al aeropuerto de Ezeiza los cientos de venezolanos varados en Argentina y que finalmente pudieron retornar a su pa\u00eds, luego de siete meses y que abordaron el vuelo ED8774 de Estelar.<\/p>\n\n\n\n<p>Johana Fajardo, quien fungi\u00f3 como l\u00edder del grupo, desminti\u00f3 que se hayan cobrado 850 d\u00f3lares por este vuelo de repatriaci\u00f3n, asegur\u00f3 que fue gratuito y que s\u00f3lo les cobraron 70 d\u00f3lares de la tasa aeroportuaria y que fue a tasa oficial sin impuestos.<\/p>\n\n\n\n<p>\u00abHace 15 d\u00edas les dije que hab\u00edan aprobado dos vuelos para personas de la tercera edad, vulnerables y discapacitados. No es cierto que est\u00e1n pagando 850 USD. Cada quien se tuvo que pagar su prueba, las estad\u00edas se escogieron de muy poco precio. Cada quien escogi\u00f3 donde se quiso quedar, no fue obligaci\u00f3n del Gobierno o de la embajada (&#8230;) Somos muchas lineas que fuimos seleccionados para abordar este avi\u00f3n\u00bb, expres\u00f3 Fajardo en un video desde el aeropuerto de Ezeiza.<\/p>\n\n\n\n<p><strong><span style=\"background-color:#9a1b22\" class=\"td_text_highlight_marker\">Lea tambi\u00e9n:<\/span><\/strong> <a href=\"http:\/\/esreviral.com\/2020\/10\/19\/paso-a-paso-asi-sera-el-vuelo-de-repatriacion-de-argentina-a-venezuela\/\">Paso a paso: as\u00ed ser\u00e1 el vuelo de repatriaci\u00f3n de Argentina a Venezuela <\/a><\/p>\n\n\n\n<p>Su compa\u00f1era de lucha, tambi\u00e9n fue seleccionada para abordar este vuelo y el pr\u00f3ximo saldr\u00e1 el 29 de octubre, seg\u00fan anunci\u00f3 Estelar y que efectivamente, seg\u00fan sus redes sociales, el valor del boleto es de 850 USD. <\/p>\n\n\n\n<p><span style=\"background-color:#9a1b22\" class=\"td_text_highlight_marker\">Lea tambi\u00e9n:<\/span><a href=\"http:\/\/esreviral.com\/2020\/10\/18\/estelar-anuncio-vuelo-de-repatriacion-en-850-usd\/\"> Estelar anunci\u00f3 un vuelo de \u00abrepatriaci\u00f3n\u00bb de 850 USD<\/a><\/p>\n\n\n\n<p>Se conoci\u00f3 que Stella Lugo estuvo esta ma\u00f1ana en el aeropuerto para corroborar que el vuelo haya salido. Tambi\u00e9n informaron fuentes extraoficiales, que la representante de Maduro en Argentina, se hab\u00eda molestado porque se inform\u00f3 que quienes no ten\u00edan pasajes de la Aerol\u00ednea Estelar deb\u00edan pagar los 850 USD. <\/p>\n\n\n\n<p><strong><span style=\"background-color:#9a1b22\" class=\"td_text_highlight_marker\">Dejaron a los m\u00e1s necesitados<\/span><\/strong><\/p>\n\n\n\n<p>Roselys, se comunic\u00f3 a la sala de redacci\u00f3n y asegur\u00f3 que \u00abla se\u00f1ora Johana (Fajardo). actu\u00f3 de muy mala fe dentro del grupo de varados, se le brind\u00f3 la confianza para que ella y seis personas m\u00e1s, j\u00f3venes todas, entraran hasta la embajada en representaci\u00f3n de todos y se pusieran en contacto con los funcionarios y resulta que del grupo se fueron s\u00f3lo ellas y unas cuantas personas m\u00e1s\u00bb.<\/p>\n\n\n\n<p>Seg\u00fan ella, personas mayores de 70 a\u00f1os de edad y \u00abhasta un se\u00f1or con un tumor, otro que perdi\u00f3 a su esposa aqu\u00ed por el coronavirus, eran quienes necesitaban irse en ese vuelo y no fueron tomadas en cuenta\u00bb.<\/p>\n\n\n\n<figure class=\"wp-block-image size-large\"><img decoding=\"async\" src=\"http:\/\/esreviral.com\/wp-content\/uploads\/2020\/10\/IMG-20201020-WA0015-768x1024.jpg\" alt=\"\" class=\"wp-image-704\"\/><figcaption>Momento de hacer el check in para el vuelo de Estelar. Foto: cortes\u00eda<\/figcaption><\/figure>\n\n\n\n<figure class=\"wp-block-image size-large\"><img decoding=\"async\" src=\"http:\/\/esreviral.com\/wp-content\/uploads\/2020\/10\/IMG-20201020-WA0054-768x1024.jpg\" alt=\"\" class=\"wp-image-705\"\/><figcaption>Momentos en el que Johana Fajardo iba grabando el video junto a otra dama y se observa a j\u00f3venes venezolanas que tambi\u00e9n abordar\u00edan el vuelo. Foto: cortes\u00eda<\/figcaption><\/figure>\n","protected":false},"excerpt":{"rendered":"<p>Seg\u00fan ella, se les dio prioridad a los adultos mayores, personas con discapacidad y personas vulnerables<\/p>\n","protected":false},"author":2,"featured_media":706,"comment_status":"open","ping_status":"open","sticky":false,"template":"","format":"standard","meta":{"jnews-multi-image_gallery":[],"jnews_single_post":[],"jnews_primary_category":[],"jnews_social_meta":[],"jnews_review":[],"enable_review":"","type":"","name":"","summary":"","brand":"","sku":"","good":[],"bad":[],"score_override":"","override_value":"","rating":[],"price":[],"jnews_override_counter":[],"jnews_post_split":[],"footnotes":""},"categories":[43,54],"tags":[107,67,71],"class_list":["post-703","post","type-post","status-publish","format-standard","has-post-thumbnail","hentry","category-actualidad","category-inmigracion","tag-repatriacion","tag-venezolanos-en-argentina","tag-venezolanos-varados"],"amp_enabled":true,"_links":{"self":[{"href":"https:\/\/esreviral.com\/index.php?rest_route=\/wp\/v2\/posts\/703"}],"collection":[{"href":"https:\/\/esreviral.com\/index.php?rest_route=\/wp\/v2\/posts"}],"about":[{"href":"https:\/\/esreviral.com\/index.php?rest_route=\/wp\/v2\/types\/post"}],"author":[{"embeddable":true,"href":"https:\/\/esreviral.com\/index.php?rest_route=\/wp\/v2\/users\/2"}],"replies":[{"embeddable":true,"href":"https:\/\/esreviral.com\/index.php?rest_route=%2Fwp%2Fv2%2Fcomments&post=703"}],"version-history":[{"count":0,"href":"https:\/\/esreviral.com\/index.php?rest_route=\/wp\/v2\/posts\/703\/revisions"}],"wp:featuredmedia":[{"embeddable":true,"href":"https:\/\/esreviral.com\/index.php?rest_route=\/"}],"wp:attachment":[{"href":"https:\/\/esreviral.com\/index.php?rest_route=%2Fwp%2Fv2%2Fmedia&parent=703"}],"wp:term":[{"taxonomy":"category","embeddable":true,"href":"https:\/\/esreviral.com\/index.php?rest_route=%2Fwp%2Fv2%2Fcategories&post=703"},{"taxonomy":"post_tag","embeddable":true,"href":"https:\/\/esreviral.com\/index.php?rest_route=%2Fwp%2Fv2%2Ftags&post=703"}],"curies":[{"name":"wp","href":"https:\/\/api.w.org\/{rel}","templated":true}]}}