{"id":70256,"date":"2025-03-14T14:07:27","date_gmt":"2025-03-14T19:07:27","guid":{"rendered":"https:\/\/esreviral.com\/?p=70256"},"modified":"2025-03-14T14:44:52","modified_gmt":"2025-03-14T19:44:52","slug":"inflacion-este-es-el-dato-de-febrero-2025-y-el-acumulado-en-los-ultimos-12-meses","status":"publish","type":"post","link":"https:\/\/esreviral.com\/?p=70256","title":{"rendered":"Inflaci\u00f3n: Este es el dato de febrero 2025 y el acumulado en los \u00faltimos 12 meses"},"content":{"rendered":"\n<p>La&nbsp;<strong>inflaci\u00f3n<\/strong>&nbsp;de febrero&nbsp;<strong>fue de 2,4%<\/strong>&nbsp;y<strong>&nbsp;acumul\u00f3 de 66,9%&nbsp;<\/strong>en los \u00faltimos 12 meses, inform\u00f3 este viernes el INDEC. La&nbsp;<strong>variaci\u00f3n mensual<\/strong>&nbsp;mostr\u00f3 una aceleraci\u00f3n de 0,2 puntos porcentuales contra enero.<\/p>\n\n\n\n<p>La divisi\u00f3n que registr\u00f3 la<strong>&nbsp;mayor incidencia<\/strong>&nbsp;en todas las regiones fue<strong>&nbsp;Alimentos y bebidas no alcoh\u00f3licas<\/strong>&nbsp;(3,2%), por los&nbsp;<strong>aumentos en el precio de las carnes&nbsp;<\/strong>y derivados. Por su parte, la divisi\u00f3n de<strong>&nbsp;mayor aumento<\/strong>&nbsp;en el mes fue Vivienda, agua, electricidad, gas y otros combustibles (3,7%).<\/p>\n\n\n\n<p class=\"has-text-align-center\"><em><strong><em><strong><em><strong><em><strong><a href=\"https:\/\/t.me\/esreviral\">\u00daNETE A NUESTRO CANAL DE TELEGRAM PARA ESTAR INFORMADO<\/a><\/strong><\/em><\/strong><\/em><\/strong><\/em><\/strong><\/em><\/p>\n\n\n\n<p>Las dos divisiones que registraron las&nbsp;<strong>menores variaciones&nbsp;<\/strong>en febrero de 2025 fueron&nbsp;<strong>Equipamiento y mantenimiento del hogar<\/strong>&nbsp;(1%) y&nbsp;<strong>Prendas de vestir y calzado&nbsp;<\/strong>(0,4%). A nivel de las categor\u00edas, el IPC n\u00facleo (2,9%) lider\u00f3 el incremento, seguida de Regulados (2,3%), mientras que los precios Estacionales registraron una baja de 0,8%.<\/p>\n\n\n\n<figure class=\"wp-block-image\"><img decoding=\"async\" src=\"https:\/\/tn.com.ar\/resizer\/v2\/la-inflacion-de-febrero-fue-de-24-y-acumulo-669-en-los-ultimos-12-meses-O2HOWGX3SJBFFJTR5MEQ4EAJVI.PNG?auth=96ae960635b723a9e45476c48828b7c9e03c9f18c2f380de17535c8f3f24777c&amp;width=767\" alt=\"La inflaci\u00f3n de febrero fue de 2,4% y acumul\u00f3 66,9% en los \u00faltimos 12 meses.\"\/><figcaption class=\"wp-element-caption\">La inflaci\u00f3n de febrero fue de 2,4% y acumul\u00f3 66,9% en los \u00faltimos 12 meses.<\/figcaption><\/figure>\n\n\n\n<h2 class=\"wp-block-heading\"><strong><mark style=\"background-color:rgba(0, 0, 0, 0)\" class=\"has-inline-color has-vivid-red-color\">Rubro por rubro: cu\u00e1les fueron las divisiones que m\u00e1s aumentaron en febrero<\/mark><\/strong><\/h2>\n\n\n\n<ul class=\"wp-block-list\">\n<li>Vivienda, agua, electricidad, gas y otros combustibles:\u00a0<strong>3,7%<\/strong><\/li>\n\n\n\n<li>Alimentos y bebidas no alcoh\u00f3licas:<strong>\u00a03,2%<\/strong><\/li>\n\n\n\n<li>Recreaci\u00f3n y cultura:\u00a0<strong>2,9%<\/strong><\/li>\n\n\n\n<li>Bienes y servicios varios:<strong>\u00a02,9%<\/strong><\/li>\n\n\n\n<li>Educaci\u00f3n:\u00a0<strong>2,3%<\/strong><\/li>\n\n\n\n<li>Comunicaci\u00f3n:\u00a0<strong>2,3%<\/strong><\/li>\n<\/ul>\n\n\n\n<p><\/p>\n\n\n\n<p>Los analistas que releva el BCRA esperaban que la inflaci\u00f3n de febrero fuera de 2,3% y que llegue a 23% en 2025.<strong>\u00a0Finalmente, el dato marc\u00f3 2,4%<\/strong>.<\/p>\n\n\n\n<p><em><strong>Noticia que est\u00e1 siendo actualizada.-<\/strong><\/em><\/p>\n\n\n\n<p class=\"has-text-align-center\"><strong><a href=\"https:\/\/chat.whatsapp.com\/KWkTmakY3I05kNdd2oZl6d\"><em>\u00daNETE A NUESTRO GRUPO DE WHATSAPP PARA ESTAR INFORMADO<\/em><\/a><\/strong><\/p>\n","protected":false},"excerpt":{"rendered":"<p>La cifra mostr\u00f3 una leve aceleraci\u00f3n en comparaci\u00f3n con enero. El indicador del segundo mes del a\u00f1o estuvo impulsado por tarifas y alimentos.<\/p>\n","protected":false},"author":3,"featured_media":70257,"comment_status":"closed","ping_status":"closed","sticky":false,"template":"","format":"standard","meta":{"jnews-multi-image_gallery":[],"jnews_single_post":{"format":"standard"},"jnews_primary_category":[],"jnews_social_meta":[],"jnews_review":[],"enable_review":"","type":"","name":"","summary":"","brand":"","sku":"","good":[],"bad":[],"score_override":"","override_value":"","rating":[],"price":[],"jnews_override_counter":[],"jnews_post_split":[],"footnotes":""},"categories":[58,61],"tags":[44,2054,268,45],"class_list":["post-70256","post","type-post","status-publish","format-standard","has-post-thumbnail","hentry","category-argentina","category-economia","tag-argentina","tag-indec","tag-inflacion","tag-noticias"],"_links":{"self":[{"href":"https:\/\/esreviral.com\/index.php?rest_route=\/wp\/v2\/posts\/70256","targetHints":{"allow":["GET"]}}],"collection":[{"href":"https:\/\/esreviral.com\/index.php?rest_route=\/wp\/v2\/posts"}],"about":[{"href":"https:\/\/esreviral.com\/index.php?rest_route=\/wp\/v2\/types\/post"}],"author":[{"embeddable":true,"href":"https:\/\/esreviral.com\/index.php?rest_route=\/wp\/v2\/users\/3"}],"replies":[{"embeddable":true,"href":"https:\/\/esreviral.com\/index.php?rest_route=%2Fwp%2Fv2%2Fcomments&post=70256"}],"version-history":[{"count":4,"href":"https:\/\/esreviral.com\/index.php?rest_route=\/wp\/v2\/posts\/70256\/revisions"}],"predecessor-version":[{"id":70264,"href":"https:\/\/esreviral.com\/index.php?rest_route=\/wp\/v2\/posts\/70256\/revisions\/70264"}],"wp:featuredmedia":[{"embeddable":true,"href":"https:\/\/esreviral.com\/index.php?rest_route=\/wp\/v2\/media\/70257"}],"wp:attachment":[{"href":"https:\/\/esreviral.com\/index.php?rest_route=%2Fwp%2Fv2%2Fmedia&parent=70256"}],"wp:term":[{"taxonomy":"category","embeddable":true,"href":"https:\/\/esreviral.com\/index.php?rest_route=%2Fwp%2Fv2%2Fcategories&post=70256"},{"taxonomy":"post_tag","embeddable":true,"href":"https:\/\/esreviral.com\/index.php?rest_route=%2Fwp%2Fv2%2Ftags&post=70256"}],"curies":[{"name":"wp","href":"https:\/\/api.w.org\/{rel}","templated":true}]}}