{"id":70252,"date":"2025-03-14T12:18:25","date_gmt":"2025-03-14T17:18:25","guid":{"rendered":"https:\/\/esreviral.com\/?p=70252"},"modified":"2025-03-14T12:19:22","modified_gmt":"2025-03-14T17:19:22","slug":"es-feriado-el-24-de-marzo-en-la-argentina-que-se-conmemora-y-como-se-paga-si-se-trabaja","status":"publish","type":"post","link":"https:\/\/esreviral.com\/?p=70252","title":{"rendered":"\u00bfEs feriado el 24 de marzo en Argentina? Qu\u00e9 se conmemora y c\u00f3mo se paga si se trabaja"},"content":{"rendered":"\n<p>El lunes <strong>24 de marzo de 2025<\/strong> ser\u00e1 <strong>feriado nacional<\/strong> en Argentina en conmemoraci\u00f3n del <strong>D\u00eda Nacional de la Memoria por la Verdad y la Justicia<\/strong>. Esta fecha, establecida como <strong>feriado inamovible<\/strong>, recuerda el <strong>golpe de Estado del 24 de marzo de 1976<\/strong>, que marc\u00f3 el inicio de la \u00faltima dictadura militar en el pa\u00eds (1976-1983).<\/p>\n\n\n\n<h3 class=\"wp-block-heading\"><strong><mark style=\"background-color:rgba(0, 0, 0, 0)\" class=\"has-inline-color has-vivid-red-color\">C\u00f3mo se paga el feriado del 24 de marzo si se trabaja<\/mark><\/strong><\/h3>\n\n\n\n<p>Seg\u00fan la <strong>Ley de Contrato de Trabajo (20.744)<\/strong>, los empleados que trabajen durante un feriado nacional deben recibir <strong>el doble de su salario habitual<\/strong>.<\/p>\n\n\n\n<p>El <strong>art\u00edculo 181<\/strong> de la normativa establece que:<\/p>\n\n\n\n<ul class=\"wp-block-list\">\n<li>Los trabajadores que <strong>no presten servicio<\/strong> recibir\u00e1n el pago de su jornada habitual.<\/li>\n\n\n\n<li>Los empleados que <strong>s\u00ed trabajen<\/strong> deber\u00e1n cobrar el equivalente a <strong>dos d\u00edas de salario<\/strong> por la jornada laboral.<\/li>\n<\/ul>\n\n\n\n<p><\/p>\n\n\n\n<p>Esto significa que cualquier persona que deba cumplir con sus funciones el <strong>lunes 24 de marzo<\/strong> percibir\u00e1 el <strong>doble de su sueldo diario<\/strong>.<\/p>\n\n\n\n<p class=\"has-text-align-center\"><em><strong><em><strong><em><strong><em><strong><a href=\"https:\/\/t.me\/esreviral\">\u00daNETE A NUESTRO CANAL DE TELEGRAM PARA ESTAR INFORMADO<\/a><\/strong><\/em><\/strong><\/em><\/strong><\/em><\/strong><\/em><\/p>\n\n\n\n<h3 class=\"wp-block-heading\"><strong><mark style=\"background-color:rgba(0, 0, 0, 0)\" class=\"has-inline-color has-vivid-red-color\">Diferencias entre feriados nacionales y d\u00edas no laborables<\/mark><\/strong><\/h3>\n\n\n\n<p>Es importante distinguir entre los <strong>feriados nacionales<\/strong> y los <strong>d\u00edas no laborables<\/strong>, ya que su aplicaci\u00f3n y remuneraci\u00f3n var\u00edan:<\/p>\n\n\n\n<p>\u2714\ufe0f <strong>Feriados nacionales<\/strong>: Son de <strong>cumplimiento obligatorio<\/strong> para todas las actividades. Si se trabaja en un feriado, se cobra el <strong>doble<\/strong>.<\/p>\n\n\n\n<p>\u2714\ufe0f <strong>D\u00edas no laborables<\/strong>: Son <strong>optativos<\/strong> para el sector privado. El empleador decide si se trabaja o no. En caso de trabajar, el pago es el <strong>salario habitual<\/strong>. Para la <strong>administraci\u00f3n p\u00fablica, bancos y sector financiero<\/strong>, estos d\u00edas son de <strong>cumplimiento obligatorio<\/strong>.<\/p>\n\n\n\n<h3 class=\"wp-block-heading\"><strong><mark style=\"background-color:rgba(0, 0, 0, 0)\" class=\"has-inline-color has-vivid-red-color\">Calendario de feriados en Argentina 2025<\/mark><\/strong><\/h3>\n\n\n\n<h4 class=\"wp-block-heading\"><strong>Enero<\/strong><\/h4>\n\n\n\n<p>\ud83d\udcc5 <strong>Mi\u00e9rcoles 1\u00b0<\/strong>: A\u00f1o Nuevo (feriado inamovible).<\/p>\n\n\n\n<h4 class=\"wp-block-heading\"><strong>Marzo<\/strong><\/h4>\n\n\n\n<p>\ud83d\udcc5 <strong>Lunes 3<\/strong>: Carnaval (feriado inamovible).<br>\ud83d\udcc5 <strong>Martes 4<\/strong>: Carnaval (feriado inamovible).<br>\ud83d\udcc5 <strong>Lunes 24<\/strong>: D\u00eda Nacional de la Memoria por la Verdad y la Justicia (feriado inamovible).<\/p>\n\n\n\n<h4 class=\"wp-block-heading\"><strong>Abril<\/strong><\/h4>\n\n\n\n<p>\ud83d\udcc5 <strong>Mi\u00e9rcoles 2<\/strong>: D\u00eda del Veterano y de los Ca\u00eddos en la Guerra de Malvinas (feriado inamovible).<br>\ud83d\udcc5 <strong>Jueves 17<\/strong>: Jueves Santo (d\u00eda no laborable).<br>\ud83d\udcc5 <strong>Viernes 18<\/strong>: Viernes Santo (feriado inamovible).<\/p>\n\n\n\n<h4 class=\"wp-block-heading\"><strong>Mayo<\/strong><\/h4>\n\n\n\n<p>\ud83d\udcc5 <strong>Jueves 1\u00b0<\/strong>: D\u00eda del Trabajador (feriado inamovible).<br>\ud83d\udcc5 <strong>Viernes 2<\/strong>: D\u00eda no laborable puente.<br>\ud83d\udcc5 <strong>Domingo 25<\/strong>: D\u00eda de la Revoluci\u00f3n de Mayo (feriado inamovible).<\/p>\n\n\n\n<h4 class=\"wp-block-heading\"><strong>Junio<\/strong><\/h4>\n\n\n\n<p>\ud83d\udcc5 <strong>Lunes 16<\/strong>: Paso a la Inmortalidad del General Mart\u00edn Miguel de G\u00fcemes (se traslada del martes 17).<br>\ud83d\udcc5 <strong>Viernes 20<\/strong>: Paso a la Inmortalidad del General Manuel Belgrano (feriado inamovible).<\/p>\n\n\n\n<figure class=\"wp-block-image size-large\"><img decoding=\"async\" src=\"https:\/\/tn.com.ar\/resizer\/v2\/es-feriado-el-24-de-marzo-en-la-argentina-que-se-conmemora-y-como-se-paga-si-se-trabaja-foto-adobe-stock-RXIWOW457BEXHKCMPFKQ7FUKTM.png?auth=6bb3b75633c31900fc3b72b7833f85d0b85b3fb777b414ba4b39d3ce0f759304&amp;width=1440\" alt=\"\"\/><\/figure>\n\n\n\n<h4 class=\"wp-block-heading\"><strong>Julio<\/strong><\/h4>\n\n\n\n<p>\ud83d\udcc5 <strong>Mi\u00e9rcoles 9<\/strong>: D\u00eda de la Independencia (feriado inamovible).<\/p>\n\n\n\n<h4 class=\"wp-block-heading\"><strong>Agosto<\/strong><\/h4>\n\n\n\n<p>\ud83d\udcc5 <strong>Viernes 15<\/strong>: D\u00eda no laborable puente.<br>\ud83d\udcc5 <strong>Domingo 17<\/strong>: Paso a la Inmortalidad del General Jos\u00e9 de San Mart\u00edn (feriado trasladable).<\/p>\n\n\n\n<h4 class=\"wp-block-heading\"><strong>Octubre<\/strong><\/h4>\n\n\n\n<p>\ud83d\udcc5 <strong>Domingo 12<\/strong>: D\u00eda del Respeto a la Diversidad Cultural (feriado trasladable).<\/p>\n\n\n\n<h4 class=\"wp-block-heading\"><strong>Noviembre<\/strong><\/h4>\n\n\n\n<p>\ud83d\udcc5 <strong>Viernes 21<\/strong>: D\u00eda no laborable puente.<br>\ud83d\udcc5 <strong>Lunes 24<\/strong>: D\u00eda de la Soberan\u00eda Nacional (se traslada del jueves 20).<\/p>\n\n\n\n<h4 class=\"wp-block-heading\"><strong>Diciembre<\/strong><\/h4>\n\n\n\n<p>\ud83d\udcc5 <strong>Lunes 8<\/strong>: D\u00eda de la Inmaculada Concepci\u00f3n de Mar\u00eda (feriado inamovible).<br>\ud83d\udcc5 <strong>Jueves 25<\/strong>: Navidad (feriado inamovible).<\/p>\n\n\n\n<h3 class=\"wp-block-heading\"><strong><mark style=\"background-color:rgba(0, 0, 0, 0)\" class=\"has-inline-color has-vivid-red-color\">Fines de semana largos en Argentina 2025<\/mark><\/strong><\/h3>\n\n\n\n<p>Los fines de semana extra largos permiten planificar descansos y viajes. A continuaci\u00f3n, las fechas con m\u00e1s de dos d\u00edas de descanso consecutivos:<\/p>\n\n\n\n<p>\ud83d\udfe2 <strong>Carnaval<\/strong>: 1, 2, 3 y 4 de marzo (<strong>4 d\u00edas<\/strong>).<br>\ud83d\udfe2 <strong>D\u00eda de la Memoria<\/strong>: 22, 23 y 24 de marzo (<strong>3 d\u00edas<\/strong>).<br>\ud83d\udfe2 <strong>Semana Santa<\/strong>: 17, 18, 19 y 20 de abril (<strong>4 d\u00edas<\/strong>).<br>\ud83d\udfe2 <strong>D\u00eda del Trabajador<\/strong>: 1, 2, 3 y 4 de mayo (<strong>4 d\u00edas<\/strong>).<br>\ud83d\udfe2 <strong>Paso a la Inmortalidad de G\u00fcemes<\/strong>: 14, 15 y 16 de junio (<strong>3 d\u00edas<\/strong>).<br>\ud83d\udfe2 <strong>Paso a la Inmortalidad de San Mart\u00edn<\/strong>: 15, 16 y 17 de agosto (<strong>3 d\u00edas<\/strong>).<br>\ud83d\udfe2 <strong>D\u00eda de la Soberan\u00eda Nacional<\/strong>: 22, 23 y 24 de noviembre (<strong>3 d\u00edas<\/strong>).<br>\ud83d\udfe2 <strong>D\u00eda de la Inmaculada Concepci\u00f3n<\/strong>: 6, 7 y 8 de diciembre (<strong>3 d\u00edas<\/strong>).<\/p>\n\n\n\n<p>Estos feriados y fines de semana largos representan una oportunidad para el turismo y el descanso de los trabajadores en Argentina.<\/p>\n\n\n\n<p class=\"has-text-align-center\"><strong><a href=\"https:\/\/chat.whatsapp.com\/KWkTmakY3I05kNdd2oZl6d\"><em>\u00daNETE A NUESTRO GRUPO DE WHATSAPP PARA ESTAR INFORMADO<\/em><\/a><\/strong><\/p>\n","protected":false},"excerpt":{"rendered":"<p>Conoce c\u00f3mo se paga este feriado y las diferencias con los d\u00edas no laborables.<\/p>\n","protected":false},"author":3,"featured_media":70253,"comment_status":"closed","ping_status":"closed","sticky":false,"template":"","format":"standard","meta":{"jnews-multi-image_gallery":[],"jnews_single_post":{"format":"standard"},"jnews_primary_category":[],"jnews_social_meta":[],"jnews_review":[],"enable_review":"","type":"","name":"","summary":"","brand":"","sku":"","good":[],"bad":[],"score_override":"","override_value":"","rating":[],"price":[],"jnews_override_counter":[],"jnews_post_split":[],"footnotes":""},"categories":[58],"tags":[44,26779,836,45],"class_list":["post-70252","post","type-post","status-publish","format-standard","has-post-thumbnail","hentry","category-argentina","tag-argentina","tag-dia-de-la-memoria-por-la-verdad-y-la-justicia","tag-feriado","tag-noticias"],"amp_enabled":true,"_links":{"self":[{"href":"https:\/\/esreviral.com\/index.php?rest_route=\/wp\/v2\/posts\/70252"}],"collection":[{"href":"https:\/\/esreviral.com\/index.php?rest_route=\/wp\/v2\/posts"}],"about":[{"href":"https:\/\/esreviral.com\/index.php?rest_route=\/wp\/v2\/types\/post"}],"author":[{"embeddable":true,"href":"https:\/\/esreviral.com\/index.php?rest_route=\/wp\/v2\/users\/3"}],"replies":[{"embeddable":true,"href":"https:\/\/esreviral.com\/index.php?rest_route=%2Fwp%2Fv2%2Fcomments&post=70252"}],"version-history":[{"count":2,"href":"https:\/\/esreviral.com\/index.php?rest_route=\/wp\/v2\/posts\/70252\/revisions"}],"predecessor-version":[{"id":70255,"href":"https:\/\/esreviral.com\/index.php?rest_route=\/wp\/v2\/posts\/70252\/revisions\/70255"}],"wp:featuredmedia":[{"embeddable":true,"href":"https:\/\/esreviral.com\/index.php?rest_route=\/wp\/v2\/media\/70253"}],"wp:attachment":[{"href":"https:\/\/esreviral.com\/index.php?rest_route=%2Fwp%2Fv2%2Fmedia&parent=70252"}],"wp:term":[{"taxonomy":"category","embeddable":true,"href":"https:\/\/esreviral.com\/index.php?rest_route=%2Fwp%2Fv2%2Fcategories&post=70252"},{"taxonomy":"post_tag","embeddable":true,"href":"https:\/\/esreviral.com\/index.php?rest_route=%2Fwp%2Fv2%2Ftags&post=70252"}],"curies":[{"name":"wp","href":"https:\/\/api.w.org\/{rel}","templated":true}]}}