{"id":70249,"date":"2025-03-14T12:00:35","date_gmt":"2025-03-14T17:00:35","guid":{"rendered":"https:\/\/esreviral.com\/?p=70249"},"modified":"2025-03-14T12:01:38","modified_gmt":"2025-03-14T17:01:38","slug":"conatel-revoco-la-licencia-de-operaciones-de-supercable-en-venezuela-los-detalles","status":"publish","type":"post","link":"https:\/\/esreviral.com\/?p=70249","title":{"rendered":"Conatel revoc\u00f3 la licencia de operaciones de SuperCable en Venezuela: los detalles\u00a0"},"content":{"rendered":"\n<p>La Comisi\u00f3n Nacional de Telecomunicaciones (Conatel) anunci\u00f3 el 14 de marzo la revocaci\u00f3n de la licencia de operaciones de la empresa SuperCable en Venezuela.<\/p>\n\n\n\n<p>\u201cConatel, en su car\u00e1cter de ente regulador de los servicios de telecomunicaciones en el territorio nacional, notific\u00f3 este viernes 14 de marzo de 2025 a la empresa SuperCable ALK Internacional S.A. la revocaci\u00f3n de los t\u00edtulos administrativos que le autorizaban a operar en el pa\u00eds, por violaci\u00f3n a los derechos de los usuarios\u201d, inform\u00f3 el organismo a trav\u00e9s de un comunicado publicado en su cuenta de Instagram.<\/p>\n\n\n\n<p>El ente regulador estableci\u00f3 un per\u00edodo de transici\u00f3n de <strong>60 d\u00edas<\/strong> para que los clientes afectados puedan migrar a un nuevo proveedor autorizado.<\/p>\n\n\n\n<p class=\"has-text-align-center\"><em><strong><em><strong><em><strong><em><strong><a href=\"https:\/\/t.me\/esreviral\">\u00daNETE A NUESTRO CANAL DE TELEGRAM PARA ESTAR INFORMADO<\/a><\/strong><\/em><\/strong><\/em><\/strong><\/em><\/strong><\/em><\/p>\n\n\n\n<figure class=\"wp-block-image size-large\"><img decoding=\"async\" src=\"https:\/\/eldiario.com\/nitropack_static\/DWpklAePbJBFiBKvuTtiGMLbtJlHUqWt\/assets\/images\/optimized\/rev-ed6f6e6\/eldiario.com\/wp-content\/uploads\/2025\/03\/Conatel-Super-cable.jpg.webp\" alt=\"\"\/><\/figure>\n\n\n\n<p><\/p>\n\n\n\n<h3 class=\"wp-block-heading\"><strong><mark style=\"background-color:rgba(0, 0, 0, 0)\" class=\"has-inline-color has-vivid-red-color\">Causas de la revocaci\u00f3n<\/mark><\/strong><\/h3>\n\n\n\n<p>Conatel argument\u00f3 que la decisi\u00f3n se tom\u00f3 debido a que <strong>SuperCable suspendi\u00f3 sus servicios sin notificar previamente al ente regulador ni a sus usuarios<\/strong>.<\/p>\n\n\n\n<p>Adem\u00e1s, se detall\u00f3 que la compa\u00f1\u00eda <strong>mantendr\u00e1 operaciones de manera limitada<\/strong>, exclusivamente para proveer informaci\u00f3n y comunicaci\u00f3n a sus abonados.<\/p>\n\n\n\n<p>La \u00faltima publicaci\u00f3n de SuperCable en redes sociales, espec\u00edficamente en Instagram, fue el 12 de diciembre de 2024. En ninguna de sus publicaciones se inform\u00f3 oficialmente sobre el cese de sus operaciones.<\/p>\n\n\n\n<p>Se estima que alrededor de <strong>35.000 usuarios<\/strong> ten\u00edan contratados servicios de fibra \u00f3ptica o televisi\u00f3n con SuperCable en Venezuela, seg\u00fan datos de la empresa Cloudflare.<\/p>\n\n\n\n<h3 class=\"wp-block-heading\"><strong><mark style=\"background-color:rgba(0, 0, 0, 0)\" class=\"has-inline-color has-vivid-red-color\">Reacciones de los usuarios<\/mark><\/strong><\/h3>\n\n\n\n<p>La medida gener\u00f3 diversas opiniones en redes sociales. Algunos clientes consideraron que la decisi\u00f3n de Conatel era oportuna, ya que la empresa <strong>suspendi\u00f3 sus servicios sin previo aviso<\/strong>. Otros, en cambio, sugirieron que deber\u00eda implementarse una <strong>indemnizaci\u00f3n para los suscriptores<\/strong> que ahora deben contratar un nuevo servicio.<\/p>\n\n\n\n<p>\u201cEl servicio desde hace a\u00f1os ha sido bien cuestionable\u201d, opin\u00f3 un usuario identificado como Arka Zebra.<\/p>\n\n\n\n<p>La decisi\u00f3n de Conatel abre una nueva etapa para los suscriptores de SuperCable, quienes deber\u00e1n evaluar nuevas opciones para continuar con sus servicios de telecomunicaciones.<\/p>\n\n\n\n<p class=\"has-text-align-center\"><strong><a href=\"https:\/\/chat.whatsapp.com\/KWkTmakY3I05kNdd2oZl6d\"><em>\u00daNETE A NUESTRO GRUPO DE WHATSAPP PARA ESTAR INFORMADO<\/em><\/a><\/strong><\/p>\n\n\n\n<p><\/p>\n","protected":false},"excerpt":{"rendered":"<p>El ente regulador indic\u00f3 que la medida se debe a \u201cuna violaci\u00f3n a los derechos de los usuarios\u201d<\/p>\n","protected":false},"author":3,"featured_media":70250,"comment_status":"closed","ping_status":"closed","sticky":false,"template":"","format":"standard","meta":{"jnews-multi-image_gallery":[],"jnews_single_post":{"format":"standard"},"jnews_primary_category":[],"jnews_social_meta":[],"jnews_review":[],"enable_review":"","type":"","name":"","summary":"","brand":"","sku":"","good":[],"bad":[],"score_override":"","override_value":"","rating":[],"price":[],"jnews_override_counter":[],"jnews_post_split":[],"footnotes":""},"categories":[1165,66],"tags":[5087,26777,45,26778,56],"class_list":["post-70249","post","type-post","status-publish","format-standard","has-post-thumbnail","hentry","category-tecnologia","category-venezuela","tag-conatel","tag-licencia-de-operaciones","tag-noticias","tag-supercable","tag-venezuela"],"amp_enabled":true,"_links":{"self":[{"href":"https:\/\/esreviral.com\/index.php?rest_route=\/wp\/v2\/posts\/70249"}],"collection":[{"href":"https:\/\/esreviral.com\/index.php?rest_route=\/wp\/v2\/posts"}],"about":[{"href":"https:\/\/esreviral.com\/index.php?rest_route=\/wp\/v2\/types\/post"}],"author":[{"embeddable":true,"href":"https:\/\/esreviral.com\/index.php?rest_route=\/wp\/v2\/users\/3"}],"replies":[{"embeddable":true,"href":"https:\/\/esreviral.com\/index.php?rest_route=%2Fwp%2Fv2%2Fcomments&post=70249"}],"version-history":[{"count":1,"href":"https:\/\/esreviral.com\/index.php?rest_route=\/wp\/v2\/posts\/70249\/revisions"}],"predecessor-version":[{"id":70251,"href":"https:\/\/esreviral.com\/index.php?rest_route=\/wp\/v2\/posts\/70249\/revisions\/70251"}],"wp:featuredmedia":[{"embeddable":true,"href":"https:\/\/esreviral.com\/index.php?rest_route=\/wp\/v2\/media\/70250"}],"wp:attachment":[{"href":"https:\/\/esreviral.com\/index.php?rest_route=%2Fwp%2Fv2%2Fmedia&parent=70249"}],"wp:term":[{"taxonomy":"category","embeddable":true,"href":"https:\/\/esreviral.com\/index.php?rest_route=%2Fwp%2Fv2%2Fcategories&post=70249"},{"taxonomy":"post_tag","embeddable":true,"href":"https:\/\/esreviral.com\/index.php?rest_route=%2Fwp%2Fv2%2Ftags&post=70249"}],"curies":[{"name":"wp","href":"https:\/\/api.w.org\/{rel}","templated":true}]}}