{"id":70105,"date":"2025-03-12T08:28:52","date_gmt":"2025-03-12T13:28:52","guid":{"rendered":"https:\/\/esreviral.com\/?p=70105"},"modified":"2025-03-12T08:28:53","modified_gmt":"2025-03-12T13:28:53","slug":"revelaron-el-motivo-por-el-que-se-mostro-la-foto-de-diego-maradona-el-dia-de-su-muerte","status":"publish","type":"post","link":"https:\/\/esreviral.com\/?p=70105","title":{"rendered":"Revelaron el motivo por el que se mostr\u00f3 la foto de Diego Maradona el d\u00eda de su muerte"},"content":{"rendered":"\n<p><strong>Patricio Ferrari<\/strong> present\u00f3 una foto de Diego Maradona el 25 de noviembre de 2020, el d\u00eda de su muerte, durante la primera audiencia del juicio que se lleva a cabo en los Tribunales de San Isidro, un momento que gener\u00f3 gran conmoci\u00f3n. Fernando Burlando, abogado de <strong>Dalma y Gianinna Maradona, <\/strong>defendi\u00f3 la decisi\u00f3n del fiscal de mostrar esa imagen. <strong><em>\u201cSon estrategias de comunicaci\u00f3n, lo que hizo el fiscal es aceptable. Es importante mostrar y graficar todo. Personalmente, me parece una foto muy dura, pero es una realidad, era el estado de Diego\u201d<\/em><\/strong>, explic\u00f3 en una entrevista con el programa <em>Viviana en vivo<\/em>.<\/p>\n\n\n\n<p>Burlando agreg\u00f3: \u201c<strong><em>Fue as\u00ed, lo medicaban y cambiaban los medicamentos como si fuera un animal, y no un ser humano. \u00c9l no pod\u00eda opinar, ni siquiera sobre si deb\u00eda ser internado o no<\/em><\/strong>\u201d.<\/p>\n\n\n\n<p class=\"has-text-align-center\"><em><strong><em><strong><em><strong><em><strong><a href=\"https:\/\/t.me\/esreviral\">\u00daNETE A NUESTRO CANAL DE TELEGRAM PARA ESTAR INFORMADO<\/a><\/strong><\/em><\/strong><\/em><\/strong><\/em><\/strong><\/em><\/p>\n\n\n\n<figure class=\"wp-block-image size-large\"><img decoding=\"async\" src=\"https:\/\/www.infobae.com\/resizer\/v2\/3NWJVPRMKBHHHJYEMZ2PKTROMQ.jpeg?auth=dbafe25aa99f05ac1df58800d4f3a5e8a099cac314099c6d9b067003bdd4ea8d&amp;smart=true&amp;width=1200&amp;height=675&amp;quality=85\" alt=\"\"\/><\/figure>\n\n\n\n<p><\/p>\n\n\n\n<p>El fiscal <strong>Patricio Ferrari mostr\u00f3 una impactante foto de Maradona en el d\u00eda de su muerte para ilustrar las condiciones en las que vivi\u00f3 sus \u00faltimos d\u00edas<\/strong>. En la imagen, Maradona aparece tendido en una cama, con el abdomen hinchado, lo que dejaba en evidencia la negligencia en el cuidado de su salud. <strong><em>\u201cAs\u00ed muri\u00f3 Maradona. Quien les diga a ustedes, los jueces, que no se dieron cuenta de lo que le estaba pasando a Diego, les est\u00e1n mintiendo en la cara\u201d<\/em><\/strong>, lanz\u00f3 Ferrari al presentar la foto ante el tribunal.<\/p>\n\n\n\n<p>Y agreg\u00f3: \u201c<strong><em>Era evidente el estado. Si ven a un familiar suyo as\u00ed, tendido en una cama durante varios d\u00edas, les est\u00e1n mintiendo si no les dicen que participaron en un asesinato<\/em><\/strong>\u201d.<\/p>\n\n\n\n<p>El juicio por la muerte de Diego Maradona comenz\u00f3 el 11 de marzo de 2025. Siete personas, integrantes del equipo m\u00e9dico que atendi\u00f3 al \u00eddolo en sus \u00faltimas semanas de vida en la internaci\u00f3n domiciliaria en su casa en el country San Andr\u00e9s, en Tigre, ser\u00e1n juzgadas por el delito de \u00abhomicidio simple por dolo eventual\u00bb.<\/p>\n\n\n\n<p class=\"has-text-align-center\"><strong><a href=\"https:\/\/chat.whatsapp.com\/KWkTmakY3I05kNdd2oZl6d\"><em>\u00daNETE A NUESTRO GRUPO DE WHATSAPP PARA ESTAR INFORMADO<\/em><\/a><\/strong><\/p>\n\n\n\n<p><strong><em><mark style=\"background-color:rgba(0, 0, 0, 0)\" class=\"has-inline-color has-vivid-red-color\"><a href=\"https:\/\/esreviral.com\/?p=70050\" data-type=\"link\" data-id=\"https:\/\/esreviral.com\/?p=70050\">Lea Tambi\u00e9n: Impactante momento en el juicio por la muerte de Maradona: El fiscal mostr\u00f3 una foto del \u00eddolo en su lecho de muerte<\/a><\/mark><\/em><\/strong><\/p>\n","protected":false},"excerpt":{"rendered":"<p>Fernando Burlando, abogado de Dalma y Gianinna, explic\u00f3 la decisi\u00f3n por la que el fiscal dio a conocer esa imagen del exfutbolista tirando en la cama y con el abdomen hinchado.<\/p>\n","protected":false},"author":3,"featured_media":70106,"comment_status":"closed","ping_status":"closed","sticky":false,"template":"","format":"standard","meta":{"jnews-multi-image_gallery":[],"jnews_single_post":{"format":"standard"},"jnews_primary_category":[],"jnews_social_meta":[],"jnews_review":[],"enable_review":"","type":"","name":"","summary":"","brand":"","sku":"","good":[],"bad":[],"score_override":"","override_value":"","rating":[],"price":[],"jnews_override_counter":[],"jnews_post_split":[],"footnotes":""},"categories":[48],"tags":[44,26665,206,6392,26664,45,26666],"class_list":["post-70105","post","type-post","status-publish","format-standard","has-post-thumbnail","hentry","category-deportes","tag-argentina","tag-dalma-maradona","tag-diego-maradona","tag-fernando-burlando","tag-gianinna-maradona","tag-noticias","tag-patricio-ferrari"],"amp_enabled":true,"_links":{"self":[{"href":"https:\/\/esreviral.com\/index.php?rest_route=\/wp\/v2\/posts\/70105"}],"collection":[{"href":"https:\/\/esreviral.com\/index.php?rest_route=\/wp\/v2\/posts"}],"about":[{"href":"https:\/\/esreviral.com\/index.php?rest_route=\/wp\/v2\/types\/post"}],"author":[{"embeddable":true,"href":"https:\/\/esreviral.com\/index.php?rest_route=\/wp\/v2\/users\/3"}],"replies":[{"embeddable":true,"href":"https:\/\/esreviral.com\/index.php?rest_route=%2Fwp%2Fv2%2Fcomments&post=70105"}],"version-history":[{"count":1,"href":"https:\/\/esreviral.com\/index.php?rest_route=\/wp\/v2\/posts\/70105\/revisions"}],"predecessor-version":[{"id":70107,"href":"https:\/\/esreviral.com\/index.php?rest_route=\/wp\/v2\/posts\/70105\/revisions\/70107"}],"wp:featuredmedia":[{"embeddable":true,"href":"https:\/\/esreviral.com\/index.php?rest_route=\/wp\/v2\/media\/70106"}],"wp:attachment":[{"href":"https:\/\/esreviral.com\/index.php?rest_route=%2Fwp%2Fv2%2Fmedia&parent=70105"}],"wp:term":[{"taxonomy":"category","embeddable":true,"href":"https:\/\/esreviral.com\/index.php?rest_route=%2Fwp%2Fv2%2Fcategories&post=70105"},{"taxonomy":"post_tag","embeddable":true,"href":"https:\/\/esreviral.com\/index.php?rest_route=%2Fwp%2Fv2%2Ftags&post=70105"}],"curies":[{"name":"wp","href":"https:\/\/api.w.org\/{rel}","templated":true}]}}