{"id":70050,"date":"2025-03-11T10:05:51","date_gmt":"2025-03-11T15:05:51","guid":{"rendered":"https:\/\/esreviral.com\/?p=70050"},"modified":"2025-03-11T10:08:59","modified_gmt":"2025-03-11T15:08:59","slug":"impactante-momento-en-el-juicio-por-la-muerte-de-maradona-el-fiscal-mostro-una-foto-del-idolo-en-su-lecho-de-muerte","status":"publish","type":"post","link":"https:\/\/esreviral.com\/?p=70050","title":{"rendered":"Impactante momento en el juicio por la muerte de Maradona: El fiscal mostr\u00f3 una foto del \u00eddolo en su lecho de muerte"},"content":{"rendered":"\n<p>La sala del tribunal qued\u00f3 en <strong>silencio absoluto<\/strong>. El impacto de ver la imagen de <strong>Diego Maradona<\/strong> en su lecho de muerte fue una <strong>cachetada emocional<\/strong> para todos los presentes, incluidas sus hijas y su expareja.<\/p>\n\n\n\n<p>En un intento por ilustrar las condiciones en las que falleci\u00f3 el astro del f\u00fatbol, el fiscal <strong>Patricio Ferrari<\/strong> exhibi\u00f3 una imagen desgarradora: <strong>Maradona acostado en una cama, con el abdomen hinchado, evidencia clara del deterioro y abandono de su salud<\/strong>.<\/p>\n\n\n\n<blockquote class=\"wp-block-quote is-layout-flow wp-block-quote-is-layout-flow\">\n<p><strong>\u201cAs\u00ed muri\u00f3 Maradona. Quien les diga que no percibieron lo que le pasaba a Diego, les est\u00e1 mintiendo en la cara\u201d<\/strong>, sentenci\u00f3 el fiscal Ferrari al presentar la fotograf\u00eda ante el tribunal.<\/p>\n<\/blockquote>\n\n\n\n<p class=\"has-text-align-center\"><em><strong><em><strong><em><strong><em><strong><a href=\"https:\/\/t.me\/esreviral\">\u00daNETE A NUESTRO CANAL DE TELEGRAM PARA ESTAR INFORMADO<\/a><\/strong><\/em><\/strong><\/em><\/strong><\/em><\/strong><\/em><\/p>\n\n\n\n<figure class=\"wp-block-image size-large\"><img decoding=\"async\" src=\"https:\/\/tn.com.ar\/resizer\/v2\/la-impactante-foto-que-mostro-el-fiscal-del-caso-por-la-muerte-de-diego-maradona-el-idolo-tirado-en-una-cama-con-el-abdomen-hinchado-en-una-clara-muestra-de-la-desidia-en-la-que-lo-atendieron-en-sus-ultimos-dias-captura-de-pantalla-suprema-corte-de-justicia-de-buenos-aires-TQXJAKNFEFHP5HEY3SC5UA7SF4.jpg?auth=1c32a5eea357253e34b5013eb08764db4fe5511761dc4252e8c48beaf745d52b&amp;width=1440\" alt=\"\"\/><\/figure>\n\n\n\n<p class=\"has-text-align-center\"><strong><em>La imagen de Diego Maradona en su lecho de muerte, la imagen que recorrer\u00e1 el mundo.<\/em><\/strong><\/p>\n\n\n\n<p>Y agreg\u00f3 con dureza:<\/p>\n\n\n\n<blockquote class=\"wp-block-quote is-layout-flow wp-block-quote-is-layout-flow\">\n<p><strong>\u201cEra elocuente su estado. Cualquiera que imagine a un familiar en esas condiciones, postrado en una cama durante d\u00edas, sabr\u00eda que esto no fue una muerte natural, sino un asesinato\u201d<\/strong>.<\/p>\n<\/blockquote>\n\n\n\n<p>La crudeza de la imagen y las palabras del fiscal golpearon con fuerza a <strong>Dalma y Gianinna Maradona<\/strong>, quienes reaccionaron visiblemente conmocionadas. <strong>Una de ellas se cubri\u00f3 el rostro, mientras que la otra no pudo contener las l\u00e1grimas<\/strong>.<\/p>\n\n\n\n<p class=\"has-text-align-center\"><strong><a href=\"https:\/\/chat.whatsapp.com\/KWkTmakY3I05kNdd2oZl6d\"><em>\u00daNETE A NUESTRO GRUPO DE WHATSAPP PARA ESTAR INFORMADO<\/em><\/a><\/strong><\/p>\n\n\n\n<figure class=\"wp-block-image size-large\"><img decoding=\"async\" src=\"https:\/\/tn.com.ar\/resizer\/v2\/dalma-y-gianinna-maradona-participan-del-juicio-por-la-muerte-de-su-padre-reutersagustin-marcarian-4AHTP4KCDV33IVRTPNU36HLQHE.jpg?auth=2945f4a5e0d7bde12445f22720df47321fae7e14910c86674da7b7e436f36251&amp;width=1440\" alt=\"\"\/><\/figure>\n\n\n\n<p class=\"has-text-align-center\"><strong><em>Dalma y Gianinna Maradona participan del juicio por la muerte de su padre.<\/em><\/strong><\/p>\n\n\n\n<p><\/p>\n","protected":false},"excerpt":{"rendered":"<p>Patricio Ferrari revel\u00f3 un documento \u00fanico a los jueces del Tribunal de San Isidro en la primera audiencia por el fallecimiento del exfutbolista.<\/p>\n","protected":false},"author":3,"featured_media":70051,"comment_status":"closed","ping_status":"closed","sticky":false,"template":"","format":"standard","meta":{"jnews-multi-image_gallery":[],"jnews_single_post":{"format":"standard"},"jnews_primary_category":[],"jnews_social_meta":[],"jnews_review":[],"enable_review":"","type":"","name":"","summary":"","brand":"","sku":"","good":[],"bad":[],"score_override":"","override_value":"","rating":[],"price":[],"jnews_override_counter":[],"jnews_post_split":[],"footnotes":""},"categories":[48],"tags":[206,90,177,45],"class_list":["post-70050","post","type-post","status-publish","format-standard","has-post-thumbnail","hentry","category-deportes","tag-diego-maradona","tag-futbol","tag-maradona","tag-noticias"],"amp_enabled":true,"_links":{"self":[{"href":"https:\/\/esreviral.com\/index.php?rest_route=\/wp\/v2\/posts\/70050"}],"collection":[{"href":"https:\/\/esreviral.com\/index.php?rest_route=\/wp\/v2\/posts"}],"about":[{"href":"https:\/\/esreviral.com\/index.php?rest_route=\/wp\/v2\/types\/post"}],"author":[{"embeddable":true,"href":"https:\/\/esreviral.com\/index.php?rest_route=\/wp\/v2\/users\/3"}],"replies":[{"embeddable":true,"href":"https:\/\/esreviral.com\/index.php?rest_route=%2Fwp%2Fv2%2Fcomments&post=70050"}],"version-history":[{"count":1,"href":"https:\/\/esreviral.com\/index.php?rest_route=\/wp\/v2\/posts\/70050\/revisions"}],"predecessor-version":[{"id":70052,"href":"https:\/\/esreviral.com\/index.php?rest_route=\/wp\/v2\/posts\/70050\/revisions\/70052"}],"wp:featuredmedia":[{"embeddable":true,"href":"https:\/\/esreviral.com\/index.php?rest_route=\/wp\/v2\/media\/70051"}],"wp:attachment":[{"href":"https:\/\/esreviral.com\/index.php?rest_route=%2Fwp%2Fv2%2Fmedia&parent=70050"}],"wp:term":[{"taxonomy":"category","embeddable":true,"href":"https:\/\/esreviral.com\/index.php?rest_route=%2Fwp%2Fv2%2Fcategories&post=70050"},{"taxonomy":"post_tag","embeddable":true,"href":"https:\/\/esreviral.com\/index.php?rest_route=%2Fwp%2Fv2%2Ftags&post=70050"}],"curies":[{"name":"wp","href":"https:\/\/api.w.org\/{rel}","templated":true}]}}