{"id":70010,"date":"2025-03-11T06:36:23","date_gmt":"2025-03-11T11:36:23","guid":{"rendered":"https:\/\/esreviral.com\/?p=70010"},"modified":"2025-03-11T06:36:24","modified_gmt":"2025-03-11T11:36:24","slug":"el-papa-esta-fuera-de-peligro-y-su-pronostico-ya-no-es-reservado","status":"publish","type":"post","link":"https:\/\/esreviral.com\/?p=70010","title":{"rendered":"El Papa est\u00e1 fuera de peligro y su pron\u00f3stico ya no es reservado"},"content":{"rendered":"\n<p>El Vaticano inform\u00f3 este martes que el papa Francisco, hospitalizado en Roma por una bronquitis que deriv\u00f3 en neumon\u00eda, pas\u00f3 una noche tranquila y no se encuentra en peligro \u00abinminente\u00bb, seg\u00fan el \u00faltimo reporte m\u00e9dico.<\/p>\n\n\n\n<p>Los m\u00e9dicos levantaron el pron\u00f3stico reservado, lo que indica una evoluci\u00f3n favorable de su estado de salud. Sin embargo, fuentes vaticanas se\u00f1alaron que<strong> la enfermedad a\u00fan no ha sido superada por completo y que el cuadro requiere precauci\u00f3n.<\/strong><\/p>\n\n\n\n<p class=\"has-text-align-center\"><em><strong><em><strong><em><strong><em><strong><a href=\"https:\/\/t.me\/esreviral\">\u00daNETE A NUESTRO CANAL DE TELEGRAM PARA ESTAR INFORMADO<\/a><\/strong><\/em><\/strong><\/em><\/strong><\/em><\/strong><\/em><\/p>\n\n\n\n<p>Esta es la cuarta y m\u00e1s prolongada hospitalizaci\u00f3n del pont\u00edfice desde 2021, lo que ha generado preocupaci\u00f3n debido a sus problemas de salud previos, incluidas cirug\u00edas en el colon y el abdomen, adem\u00e1s de sus dificultades para caminar.<\/p>\n\n\n\n<p>Francisco, de 88 a\u00f1os, permanece en reposo en el apartamento privado de la d\u00e9cima planta del hospital Gemelli, donde recibe fisioterapia motora y respiratoria. Durante el d\u00eda, se le administra ox\u00edgeno a trav\u00e9s de c\u00e1nulas nasales y, por la noche, utiliza ventilaci\u00f3n mec\u00e1nica con m\u00e1scara.<\/p>\n\n\n\n<p>En su mensaje dominical del \u00c1ngelus, que por cuarta semana consecutiva envi\u00f3 por escrito en lugar de pronunciarlo desde el Palacio Apost\u00f3lico, el Papa expres\u00f3 su gratitud al personal m\u00e9dico:<\/p>\n\n\n\n<p><strong>\u00abHermanos y hermanas, en mi prolongada hospitalizaci\u00f3n, tambi\u00e9n yo experimento el esmero en el servicio y la ternura en el cuidado, especialmente por parte de los m\u00e9dicos y de los operadores sanitarios, a quienes doy las gracias de coraz\u00f3n\u00bb<\/strong>, escribi\u00f3.<\/p>\n\n\n\n<p>Durante su estancia en el hospital, el sumo pont\u00edfice recibi\u00f3 la visita del secretario de Estado vaticano, Pietro Parolin, y del monse\u00f1or venezolano Edgar Pe\u00f1a Parra, sustituto para los Asuntos Generales.<\/p>\n\n\n\n<p>El \u00faltimo parte m\u00e9dico, citado por la agencia EFE, se\u00f1al\u00f3 que los avances registrados en d\u00edas anteriores se han consolidado y que los an\u00e1lisis cl\u00ednicos muestran una buena respuesta a la terapia. Sin embargo, su estado sigue siendo delicado, por lo que deber\u00e1 permanecer algunos d\u00edas m\u00e1s en el hospital bajo estricta vigilancia m\u00e9dica.<\/p>\n\n\n\n<p class=\"has-text-align-center\"><strong><a href=\"https:\/\/chat.whatsapp.com\/KWkTmakY3I05kNdd2oZl6d\"><em>\u00daNETE A NUESTRO GRUPO DE WHATSAPP PARA ESTAR INFORMADO<\/em><\/a><\/strong><\/p>\n","protected":false},"excerpt":{"rendered":"<p>\u00abLas mejoras registradas en los d\u00edas anteriores se han consolidado a\u00fan m\u00e1s, como confirman los an\u00e1lisis de sangre, la objetividad cl\u00ednica y la buena respuesta a la terapia farmacol\u00f3gica\u00bb, indic\u00f3 el bolet\u00edn m\u00e9dico del lunes<\/p>\n","protected":false},"author":3,"featured_media":70011,"comment_status":"closed","ping_status":"closed","sticky":false,"template":"","format":"standard","meta":{"jnews-multi-image_gallery":[],"jnews_single_post":{"format":"standard"},"jnews_primary_category":[],"jnews_social_meta":[],"jnews_review":[],"enable_review":"","type":"","name":"","summary":"","brand":"","sku":"","good":[],"bad":[],"score_override":"","override_value":"","rating":[],"price":[],"jnews_override_counter":[],"jnews_post_split":[],"footnotes":""},"categories":[88],"tags":[26606,45,128,129],"class_list":["post-70010","post","type-post","status-publish","format-standard","has-post-thumbnail","hentry","category-internacionales","tag-hospital-gemelli-roma","tag-noticias","tag-papa-francisco","tag-vaticano"],"amp_enabled":true,"_links":{"self":[{"href":"https:\/\/esreviral.com\/index.php?rest_route=\/wp\/v2\/posts\/70010"}],"collection":[{"href":"https:\/\/esreviral.com\/index.php?rest_route=\/wp\/v2\/posts"}],"about":[{"href":"https:\/\/esreviral.com\/index.php?rest_route=\/wp\/v2\/types\/post"}],"author":[{"embeddable":true,"href":"https:\/\/esreviral.com\/index.php?rest_route=\/wp\/v2\/users\/3"}],"replies":[{"embeddable":true,"href":"https:\/\/esreviral.com\/index.php?rest_route=%2Fwp%2Fv2%2Fcomments&post=70010"}],"version-history":[{"count":1,"href":"https:\/\/esreviral.com\/index.php?rest_route=\/wp\/v2\/posts\/70010\/revisions"}],"predecessor-version":[{"id":70012,"href":"https:\/\/esreviral.com\/index.php?rest_route=\/wp\/v2\/posts\/70010\/revisions\/70012"}],"wp:featuredmedia":[{"embeddable":true,"href":"https:\/\/esreviral.com\/index.php?rest_route=\/wp\/v2\/media\/70011"}],"wp:attachment":[{"href":"https:\/\/esreviral.com\/index.php?rest_route=%2Fwp%2Fv2%2Fmedia&parent=70010"}],"wp:term":[{"taxonomy":"category","embeddable":true,"href":"https:\/\/esreviral.com\/index.php?rest_route=%2Fwp%2Fv2%2Fcategories&post=70010"},{"taxonomy":"post_tag","embeddable":true,"href":"https:\/\/esreviral.com\/index.php?rest_route=%2Fwp%2Fv2%2Ftags&post=70010"}],"curies":[{"name":"wp","href":"https:\/\/api.w.org\/{rel}","templated":true}]}}