{"id":70005,"date":"2025-03-10T13:53:10","date_gmt":"2025-03-10T18:53:10","guid":{"rendered":"https:\/\/esreviral.com\/?p=70005"},"modified":"2025-03-10T13:59:59","modified_gmt":"2025-03-10T18:59:59","slug":"enfotos-kate-middleton-reaparecio-en-un-evento-clave-de-la-realeza-tras-un-ano-de-ausencia","status":"publish","type":"post","link":"https:\/\/esreviral.com\/?p=70005","title":{"rendered":"#EnFotos Kate Middleton reapareci\u00f3 en un evento clave de la realeza tras un a\u00f1o de ausencia"},"content":{"rendered":"\n<p><strong>Kate Middleton<\/strong> sigue retomando poco a poco su agenda oficial. Este lunes, la <strong>princesa de Gales<\/strong> asisti\u00f3 al <strong>D\u00eda de la Commonwealth<\/strong>, uno de los eventos m\u00e1s importantes de la <strong>Familia Real brit\u00e1nica<\/strong>, celebrado en la <strong>Abad\u00eda de Westminster<\/strong>, el mismo lugar donde contrajo matrimonio con el <strong>pr\u00edncipe William<\/strong>.<\/p>\n\n\n\n<p>Acompa\u00f1ada por su esposo, Middleton fue recibida entre aplausos y muestras de afecto por parte de los asistentes. Para la ocasi\u00f3n, deslumbr\u00f3 con <strong>un elegante total look rojo, compuesto por un abrigo con un gran lazo en el cuello de la dise\u00f1adora Catherine Walker, combinado con tacones, bolso y sombrero a juego.<\/strong> <strong>Tambi\u00e9n un collar de perlas que perteneci\u00f3 a Isabel II y \u00a0los ic\u00f3nicos pendientes Collingwood que eran de la princesa Diana de Gales.<\/strong><\/p>\n\n\n\n<p class=\"has-text-align-center\"><em><strong><em><strong><em><strong><em><strong><a href=\"https:\/\/t.me\/esreviral\">\u00daNETE A NUESTRO CANAL DE TELEGRAM PARA ESTAR INFORMADO<\/a><\/strong><\/em><\/strong><\/em><\/strong><\/em><\/strong><\/em><\/p>\n\n\n<div class=\"wp-block-image\">\n<figure class=\"aligncenter size-large\"><img decoding=\"async\" src=\"https:\/\/www.hola.com\/horizon\/original_aspect_ratio\/569793760d8a-dlu578386113.jpg?im=Resize=(640),type=downsize\" alt=\"\"\/><\/figure><\/div>\n\n\n<p><\/p>\n\n\n\n<p>Seg\u00fan la revista <em>\u00a1Hola!<\/em>, el lema de la celebraci\u00f3n de este a\u00f1o fue <strong>\u00abJuntos prosperamos\u00bb<\/strong>, resaltando la uni\u00f3n de los 56 pa\u00edses independientes que conforman la Commonwealth, ligados por una historia en com\u00fan con el Reino Unido y valores compartidos.<\/p>\n\n\n\n<p>El evento incluy\u00f3 actuaciones musicales de la <strong>Masai Cultural Arts Team<\/strong>, un grupo africano de artes esc\u00e9nicas que combina canto, percusi\u00f3n, acrobacias y danza, adem\u00e1s de una presentaci\u00f3n de los hermanos <strong>Braimah y Jeneba Kanneh-Mason<\/strong>, semifinalistas de <em>Britain\u2019s Got Talent 2015<\/em>, quienes deleitaron al p\u00fablico con interpretaciones en viol\u00edn y piano.<\/p>\n\n\n\n<p>La reaparici\u00f3n de Kate Middleton en esta ceremonia se produce tras anunciar en enero que su c\u00e1ncer est\u00e1 en remisi\u00f3n. En un mensaje compartido en sus redes sociales, expres\u00f3:<\/p>\n\n\n<div class=\"wp-block-image\">\n<figure class=\"aligncenter size-large\"><img decoding=\"async\" src=\"https:\/\/www.hola.com\/horizon\/original_aspect_ratio\/ad5be1b51111-dlu578386005.jpg?im=Resize=(640),type=downsize\" alt=\"\"\/><\/figure><\/div>\n\n\n<p><\/p>\n\n\n\n<p><em>\u00ab<strong>Es un alivio saber que estoy en remisi\u00f3n y sigo centrada en la recuperaci\u00f3n. Como cualquiera que haya experimentado un diagn\u00f3stico de c\u00e1ncer sabr\u00e1, se tarda un tiempo en ajustarse a la nueva normalidad.<\/strong>\u00ab<\/em><\/p>\n\n\n\n<p>En marzo de 2024, Middleton hizo p\u00fablico su diagn\u00f3stico de c\u00e1ncer, lo que la llev\u00f3 a alejarse de la vida p\u00fablica. Sin embargo, desde que finaliz\u00f3 su tratamiento en septiembre del a\u00f1o pasado, ha comenzado a retomar gradualmente sus compromisos oficiales.<\/p>\n\n\n\n<p class=\"has-text-align-center\"><strong><a href=\"https:\/\/chat.whatsapp.com\/KWkTmakY3I05kNdd2oZl6d\"><em>\u00daNETE A NUESTRO GRUPO DE WHATSAPP PARA ESTAR INFORMADO<\/em><\/a><\/strong><\/p>\n\n\n<div class=\"wp-block-image\">\n<figure class=\"aligncenter size-large\"><img decoding=\"async\" src=\"https:\/\/www.hola.com\/horizon\/original_aspect_ratio\/cecab2ca3cc1-gettyimages-2204350059.jpg?im=Resize=(640),type=downsize\" alt=\"\"\/><\/figure><\/div>\n\n\n<p><\/p>\n\n\n<div class=\"wp-block-image\">\n<figure class=\"aligncenter size-large\"><img decoding=\"async\" src=\"https:\/\/www.hola.com\/horizon\/original_aspect_ratio\/f8249a3415ad-dlu578386065.jpg?im=Resize=(640),type=downsize\" alt=\"\"\/><\/figure><\/div>","protected":false},"excerpt":{"rendered":"<p>Este lunes, la princesa de Gales asisti\u00f3 a la celebraci\u00f3n del D\u00eda de la Commonwealth en la Abad\u00eda de Westminster, donde se cas\u00f3 con el pr\u00edncipe William<\/p>\n","protected":false},"author":3,"featured_media":70006,"comment_status":"closed","ping_status":"closed","sticky":false,"template":"","format":"standard","meta":{"jnews-multi-image_gallery":[],"jnews_single_post":{"format":"standard"},"jnews_primary_category":[],"jnews_social_meta":[],"jnews_review":[],"enable_review":"","type":"","name":"","summary":"","brand":"","sku":"","good":[],"bad":[],"score_override":"","override_value":"","rating":[],"price":[],"jnews_override_counter":[],"jnews_post_split":[],"footnotes":""},"categories":[88],"tags":[4228,26596,2519,4219,45,4022,5792],"class_list":["post-70005","post","type-post","status-publish","format-standard","has-post-thumbnail","hentry","category-internacionales","tag-abadia-de-westminster","tag-dia-de-la-commonwealth","tag-familia-real-britanica","tag-kate-middleton","tag-noticias","tag-princesa-de-gales","tag-principe-william-2"],"amp_enabled":true,"_links":{"self":[{"href":"https:\/\/esreviral.com\/index.php?rest_route=\/wp\/v2\/posts\/70005"}],"collection":[{"href":"https:\/\/esreviral.com\/index.php?rest_route=\/wp\/v2\/posts"}],"about":[{"href":"https:\/\/esreviral.com\/index.php?rest_route=\/wp\/v2\/types\/post"}],"author":[{"embeddable":true,"href":"https:\/\/esreviral.com\/index.php?rest_route=\/wp\/v2\/users\/3"}],"replies":[{"embeddable":true,"href":"https:\/\/esreviral.com\/index.php?rest_route=%2Fwp%2Fv2%2Fcomments&post=70005"}],"version-history":[{"count":2,"href":"https:\/\/esreviral.com\/index.php?rest_route=\/wp\/v2\/posts\/70005\/revisions"}],"predecessor-version":[{"id":70008,"href":"https:\/\/esreviral.com\/index.php?rest_route=\/wp\/v2\/posts\/70005\/revisions\/70008"}],"wp:featuredmedia":[{"embeddable":true,"href":"https:\/\/esreviral.com\/index.php?rest_route=\/wp\/v2\/media\/70006"}],"wp:attachment":[{"href":"https:\/\/esreviral.com\/index.php?rest_route=%2Fwp%2Fv2%2Fmedia&parent=70005"}],"wp:term":[{"taxonomy":"category","embeddable":true,"href":"https:\/\/esreviral.com\/index.php?rest_route=%2Fwp%2Fv2%2Fcategories&post=70005"},{"taxonomy":"post_tag","embeddable":true,"href":"https:\/\/esreviral.com\/index.php?rest_route=%2Fwp%2Fv2%2Ftags&post=70005"}],"curies":[{"name":"wp","href":"https:\/\/api.w.org\/{rel}","templated":true}]}}