{"id":6996,"date":"2021-05-27T12:57:06","date_gmt":"2021-05-27T15:57:06","guid":{"rendered":"http:\/\/esreviral.com\/?p=6996"},"modified":"2021-05-27T12:57:06","modified_gmt":"2021-05-27T15:57:06","slug":"14-anos-despues-hablan-las-voces-del-periodismo-de-rctv","status":"publish","type":"post","link":"https:\/\/esreviral.com\/?p=6996","title":{"rendered":"14 a\u00f1os despu\u00e9s: Hablan las voces del periodismo de RCTV"},"content":{"rendered":"\n<p><strong><em>CIS.- <\/em><\/strong>Mencionar a Sergio Novelli, Ana Virginia Escobar o Isnardo Bravo es sin\u00f3nimo de El Observador de RCTV. Es recordar ese periodismo de calidad y con el que muchas generaciones crecieron. Hoy, 14 a\u00f1os despu\u00e9s del cierre de la planta televisiva pionera en Venezuela, cuentan a <strong><em>ES REVIRAL<\/em><\/strong> c\u00f3mo sus vidas han cambiado y los aprendizajes que han obtenido a lo largo de este tiempo.  <\/p>\n\n\n\n<p><strong><span style=\"background-color:#9a1b22\" class=\"td_text_highlight_marker\">Sergio Novelli: Nunca nos van a poder callar <\/span><\/strong><\/p>\n\n\n\n<div class=\"wp-block-image\"><figure class=\"alignleft size-large is-resized\"><img fetchpriority=\"high\" decoding=\"async\" src=\"https:\/\/esreviral.com\/wp-content\/uploads\/2021\/05\/sergio-novelli-2.jpeg\" alt=\"\" class=\"wp-image-7003\" width=\"321\" height=\"311\"\/><figcaption><em>Sergio Novelli actualmente trabaja con VPI y reside en Miami<\/em><\/figcaption><\/figure><\/div>\n\n\n\n<p>Sergio Novelli ha vuelto la referencia informativa para los venezolanos en el exterior. A trav\u00e9s de sus redes sociales se mantienen en permanente contacto con sus seguidores, incluso, transmite por IG Live su programa de VPI.<\/p>\n\n\n\n<p>\u00abMuchos se quedaron sin trabajo, buscaron nuevos horizontes, la vida nos cambi\u00f3 a muchos; en el caso particular comenc\u00e9 a trabajar en otros canales, en Venevisi\u00f3n, Canal I, Globovisi\u00f3n, IVC, entre otros, gracias a Dios pude mantenerme, otros se fueron del pa\u00eds buscando proyectos y nueva estabilidad, otros trabajadores de planta no pudieron\u00bb, cuenta. <\/p>\n\n\n\n<p>Para \u00e9l, RCTV fue una escuela y una familia con la que a\u00fan mantiene contacto. \u00abTenemos esa relaci\u00f3n constante y presente, somos como un hermanos\u00bb, reitera.<\/p>\n\n\n\n<p>Sin lugar a dudas, la vida para estas personas cambi\u00f3 por completo, \u00abnos ense\u00f1\u00f3 que nos cerraron una gran oportunidad de decir las cosas, nos coartaron la libertad de expresi\u00f3n pero nunca nos van a poder callar porque siempre como periodistas estaremos ah\u00ed para decir la verdad, que justamente fue lo que aprendimos como comunicadores en RCTV\u00bb<\/p>\n\n\n\n<p><strong><span style=\"background-color:#9a1b22\" class=\"td_text_highlight_marker\">Ana Virginia Escobar: Son 14 a\u00f1os de reinventarse<\/span><\/strong> <\/p>\n\n\n\n<div class=\"wp-block-image\"><figure class=\"alignright size-large is-resized\"><img decoding=\"async\" src=\"https:\/\/esreviral.com\/wp-content\/uploads\/2021\/05\/Captura-de-Pantalla-2021-05-27-a-las-12.29.46-593x1024.png\" alt=\"\" class=\"wp-image-7001\" width=\"292\" height=\"504\"\/><figcaption>Ana Virginia Escobar permanece en la radio y la televisi\u00f3n venezolan<\/figcaption><\/figure><\/div>\n\n\n\n<p>Ana Virginia Escobar fue reportera y ancla en El Observador. Su astucia y suspicacia la llevaron a convertirse en una de las periodistas m\u00e1s conocidas de Venezuela. Sigue en su pa\u00eds, luchando con la coacci\u00f3n a la libertad de expresi\u00f3n, lo hace en sus redes sociales, en la radio y en la televisi\u00f3n aunque ahora internacionalmente. <\/p>\n\n\n\n<p>\u00abEstos 14 a\u00f1os muchas cosas han cambiado para peor. Nada es igual luego del cierre de RCTV que fue el gran medio cerrado y eso le ocasion\u00f3 un costo pol\u00edtico muy alto para Ch\u00e1vez (&#8230;) la \u00faltima estocada fue con El Nacional que aunque no cambia de manos, primero fue el papel y ahora la sede\u00bb, reflexiona la periodista en defensa de su gremio. <\/p>\n\n\n\n<blockquote class=\"wp-block-quote td_quote_box td_box_center is-layout-flow wp-block-quote-is-layout-flow\"><p>\u00abEs un riesgo a todas luces pero hay que jugarlo por eso me qued\u00e9 ac\u00e1 para decirle al mundo lo que aqu\u00ed pasa. Es muy duro, a veces provoca dejarlo todo y salir pero despu\u00e9s se recobra la sensatez y la cordura. Son 14 a\u00f1os de reinventarse, no queda de otra\u00bb<\/p><\/blockquote>\n\n\n\n<p>Escobar recuerda como en Venezuela se mantiene la violaci\u00f3n a los derechos humanos y la libertad de expresi\u00f3n pero no pasa nada. \u00abSe abren expedientes, hay decisiones de la CIDH y no pasa nada, no devuelven equipos ni nada\u00bb. <\/p>\n\n\n\n<p>Comunicar hoy d\u00eda en el pa\u00eds no es tarea f\u00e1cil y ella lo sabe bien, es por eso que decidi\u00f3 quedarse y asumir los riesgos que eso implica, aunque reafirma que a ella no la censuran. <\/p>\n\n\n\n<p>\u00abLos medios informan lo poco que se puede. En mi caso, en la radio no me censuran pero s\u00ed hay que ir con cuidando. \u00bfQu\u00e9 hacemos? decir las cosas con otro nombre que no se dice dictadura, no le dices gobierno pero lo llamas la administraci\u00f3n Maduro, no le dices presidente sino Nicol\u00e1s Maduro que es su nombre\u00bb.<\/p>\n\n\n\n<p>Aunque Escobar deba limitarse con ciertos entrevistados, dice que deben ingeni\u00e1rselas \u00abpero no dejas de decir las cosas hasta que la gente que te tiene la lupa encima se harte y decida que no puedas seguir. Cada vez que se abre el micr\u00f3fono uno se persigna esperando que no te pongan la lupa ese d\u00eda, todos los d\u00edas est\u00e1s caminando en un camino minado, en la radio y en VivoPlay que aunque no se rija por Conatel\u00bb.<\/p>\n\n\n\n<p><strong><span style=\"background-color:#9a1b22\" class=\"td_text_highlight_marker\">Isnardo Bravo: Ha sido una transformaci\u00f3n de vida<\/span><\/strong><\/p>\n\n\n\n<p>El carisma de Isnardo Bravo lo caracteriza. No existe un no en su vocabulario, siempre atento para con los dem\u00e1s y eso qued\u00f3 tatuado en la memoria colectiva venezolana. 14 a\u00f1os despu\u00e9s, dice que el cierre de RCTV \u00abha sido todo un reto de transformaci\u00f3n y de reinvenci\u00f3n de vida\u00bb. <\/p>\n\n\n\n<div class=\"wp-block-image\"><figure class=\"alignleft size-large is-resized\"><img decoding=\"async\" src=\"http:\/\/esreviral.com\/wp-content\/uploads\/2021\/05\/Captura-de-Pantalla-2021-05-27-a-las-12.49.56-1024x1005.png\" alt=\"\" class=\"wp-image-7007\" width=\"360\" height=\"379\"\/><figcaption>Isnardo Bravo permanece haciendo radio en Venezuela<\/figcaption><\/figure><\/div>\n\n\n\n<p>Recuerda que a\u00f1os despu\u00e9s de su salida, hubo una gran inestabilidad laboral, en la que fueron siete u ocho cambios de trabajos en los que tuvo que sortear la mano del r\u00e9gimen madurista. <\/p>\n\n\n\n<p>\u00abDesde el cierre de RCTV m\u00e1s de 200 medios han sido perseguidos y asfixiados por el Gobierno con un estilo muy particular: primero cerrando, despu\u00e9s las radios, asfixiar a los peri\u00f3dicos evitando entregarles papel y despu\u00e9s comprar medios. Ha sido una pol\u00edtica con distintas etapas y momentos y eso ha resultado que el Gobierno tenga un control absoluto de los medios de comunicaci\u00f3n.  Y aunque no ha logrado controlar las redes por completo, tiene un grupo de personas encargadas de promover informaci\u00f3n falsa\u00bb. <\/p>\n\n\n\n<p>Isnardo sigue informando en cada espacio que se le permite, actualmente, la radio y las redes sociales, son sus ventanas para contar lo que ocurre en Venezuela. <\/p>\n\n\n\n<p>\u00abNo es f\u00e1cil el trabajo en los medios pero es lo que hay y hay que seguir guapeando a pesar de las circunstancias. Siempre hay maneras de decir las cosas y siempre hay riesgos que asumir. Con el cierre de RCTV hay un antes y un despu\u00e9s de los medios de comunicaci\u00f3n en el pa\u00eds\u00bb. <\/p>\n","protected":false},"excerpt":{"rendered":"<p>Sergio Novelli, Ana Virginia Escobar e Isnardo Bravo, coinciden en que la libertad de expresi\u00f3n est\u00e1 peor hoy d\u00eda que en 2007 pero reafirman su compromiso de seguir informando a pesar de las limitaciones <\/p>\n","protected":false},"author":2,"featured_media":7008,"comment_status":"open","ping_status":"open","sticky":false,"template":"","format":"standard","meta":{"jnews-multi-image_gallery":[],"jnews_single_post":[],"jnews_primary_category":[],"jnews_social_meta":[],"jnews_review":[],"enable_review":"","type":"","name":"","summary":"","brand":"","sku":"","good":[],"bad":[],"score_override":"","override_value":"","rating":[],"price":[],"jnews_override_counter":[],"jnews_post_split":[],"footnotes":""},"categories":[50,66],"tags":[855,856,857,858,859],"class_list":["post-6996","post","type-post","status-publish","format-standard","has-post-thumbnail","hentry","category-entretenimiento","category-venezuela","tag-ana-virginia-escobar","tag-el-observador","tag-isnardo-bravo","tag-rctv","tag-sergio-novelli"],"amp_enabled":true,"_links":{"self":[{"href":"https:\/\/esreviral.com\/index.php?rest_route=\/wp\/v2\/posts\/6996"}],"collection":[{"href":"https:\/\/esreviral.com\/index.php?rest_route=\/wp\/v2\/posts"}],"about":[{"href":"https:\/\/esreviral.com\/index.php?rest_route=\/wp\/v2\/types\/post"}],"author":[{"embeddable":true,"href":"https:\/\/esreviral.com\/index.php?rest_route=\/wp\/v2\/users\/2"}],"replies":[{"embeddable":true,"href":"https:\/\/esreviral.com\/index.php?rest_route=%2Fwp%2Fv2%2Fcomments&post=6996"}],"version-history":[{"count":0,"href":"https:\/\/esreviral.com\/index.php?rest_route=\/wp\/v2\/posts\/6996\/revisions"}],"wp:featuredmedia":[{"embeddable":true,"href":"https:\/\/esreviral.com\/index.php?rest_route=\/"}],"wp:attachment":[{"href":"https:\/\/esreviral.com\/index.php?rest_route=%2Fwp%2Fv2%2Fmedia&parent=6996"}],"wp:term":[{"taxonomy":"category","embeddable":true,"href":"https:\/\/esreviral.com\/index.php?rest_route=%2Fwp%2Fv2%2Fcategories&post=6996"},{"taxonomy":"post_tag","embeddable":true,"href":"https:\/\/esreviral.com\/index.php?rest_route=%2Fwp%2Fv2%2Ftags&post=6996"}],"curies":[{"name":"wp","href":"https:\/\/api.w.org\/{rel}","templated":true}]}}