{"id":69907,"date":"2025-03-08T12:13:51","date_gmt":"2025-03-08T17:13:51","guid":{"rendered":"https:\/\/esreviral.com\/?p=69907"},"modified":"2025-03-08T12:14:00","modified_gmt":"2025-03-08T17:14:00","slug":"fallecio-un-venezolano-con-leucemia-y-la-familia-requiere-ayuda","status":"publish","type":"post","link":"https:\/\/esreviral.com\/?p=69907","title":{"rendered":"Falleci\u00f3 un venezolano con leucemia y la familia requiere ayuda"},"content":{"rendered":"\n<p>Dennys Araujo, un joven venezolano de 30 a\u00f1os de edad, sufr\u00eda desde hace dos a\u00f1os de leucemia y aunque hab\u00eda mejorado en enero tuvo una reca\u00edda y falleci\u00f3 en el Hospital Diego Thompson de San Mart\u00edn, provincia de Buenos Aires.<\/p>\n\n\n\n<p>Sus familiares requieren ayuda econ\u00f3mica para la cremaci\u00f3n de Dennys, la cual les cuesta 590 mil pesos, ya que el servicio social de la municipalidad, ofrece s\u00f3lo la sepultura.<\/p>\n\n\n\n<p>Quienes deseen colaborar lo pueden hacer al alias: Roseara.mp a nombre de Roselyn Araujo, hermana del joven.<\/p>\n","protected":false},"excerpt":{"rendered":"<p>Dennys Araujo, un joven venezolano de 30 a\u00f1os de edad, sufr\u00eda desde hace dos a\u00f1os de leucemia y aunque hab\u00eda mejorado en enero tuvo una reca\u00edda y falleci\u00f3 en el Hospital Diego Thompson de San Mart\u00edn, provincia de Buenos Aires. Sus familiares requieren ayuda econ\u00f3mica para la cremaci\u00f3n de Dennys, la cual les cuesta 590 [&hellip;]<\/p>\n","protected":false},"author":2,"featured_media":69910,"comment_status":"closed","ping_status":"closed","sticky":false,"template":"","format":"standard","meta":{"jnews-multi-image_gallery":[],"jnews_single_post":{"format":"standard"},"jnews_primary_category":[],"jnews_social_meta":[],"jnews_review":[],"enable_review":"","type":"","name":"","summary":"","brand":"","sku":"","good":[],"bad":[],"score_override":"","override_value":"","rating":[],"price":[],"jnews_override_counter":[],"jnews_post_split":[],"footnotes":""},"categories":[5892],"tags":[26501,45,201,67],"class_list":["post-69907","post","type-post","status-publish","format-standard","has-post-thumbnail","hentry","category-venezolanos-en-argentina","tag-dennys-araujo","tag-noticias","tag-servicio-publico","tag-venezolanos-en-argentina"],"_links":{"self":[{"href":"https:\/\/esreviral.com\/index.php?rest_route=\/wp\/v2\/posts\/69907","targetHints":{"allow":["GET"]}}],"collection":[{"href":"https:\/\/esreviral.com\/index.php?rest_route=\/wp\/v2\/posts"}],"about":[{"href":"https:\/\/esreviral.com\/index.php?rest_route=\/wp\/v2\/types\/post"}],"author":[{"embeddable":true,"href":"https:\/\/esreviral.com\/index.php?rest_route=\/wp\/v2\/users\/2"}],"replies":[{"embeddable":true,"href":"https:\/\/esreviral.com\/index.php?rest_route=%2Fwp%2Fv2%2Fcomments&post=69907"}],"version-history":[{"count":1,"href":"https:\/\/esreviral.com\/index.php?rest_route=\/wp\/v2\/posts\/69907\/revisions"}],"predecessor-version":[{"id":69911,"href":"https:\/\/esreviral.com\/index.php?rest_route=\/wp\/v2\/posts\/69907\/revisions\/69911"}],"wp:featuredmedia":[{"embeddable":true,"href":"https:\/\/esreviral.com\/index.php?rest_route=\/wp\/v2\/media\/69910"}],"wp:attachment":[{"href":"https:\/\/esreviral.com\/index.php?rest_route=%2Fwp%2Fv2%2Fmedia&parent=69907"}],"wp:term":[{"taxonomy":"category","embeddable":true,"href":"https:\/\/esreviral.com\/index.php?rest_route=%2Fwp%2Fv2%2Fcategories&post=69907"},{"taxonomy":"post_tag","embeddable":true,"href":"https:\/\/esreviral.com\/index.php?rest_route=%2Fwp%2Fv2%2Ftags&post=69907"}],"curies":[{"name":"wp","href":"https:\/\/api.w.org\/{rel}","templated":true}]}}