{"id":69855,"date":"2025-03-07T08:07:50","date_gmt":"2025-03-07T13:07:50","guid":{"rendered":"https:\/\/esreviral.com\/?p=69855"},"modified":"2025-03-07T08:07:51","modified_gmt":"2025-03-07T13:07:51","slug":"intendenta-inauguro-el-ciclo-lectivo-2025-y-destaco-el-modelo-educativo-de-vicente-lopez","status":"publish","type":"post","link":"https:\/\/esreviral.com\/?p=69855","title":{"rendered":"Intendenta inaugur\u00f3 el ciclo lectivo 2025 y destac\u00f3 el modelo educativo de Vicente L\u00f3pez"},"content":{"rendered":"\n<p>La<strong> intendenta de Vicente L\u00f3pez, Soledad Mart\u00ednez<\/strong>, particip\u00f3 del acto de inicio del ciclo lectivo 2025 en la Escuela Primaria Municipal Manuel Dorrego, en Florida Oeste. Durante el evento, resalt\u00f3 el modelo educativo que impulsa el municipio y destac\u00f3 el compromiso con la calidad y la innovaci\u00f3n:<\/p>\n\n\n\n<p><em>\u00abM\u00e1s de 3.500 chicos volvieron a clases en las escuelas y jardines municipales de Vicente L\u00f3pez. Sin paros, sin problemas de infraestructura, con tecnolog\u00eda y los mejores docentes. Mientras el gobierno provincial tarda cinco a\u00f1os en terminar las obras en una escuela, nosotros gestionamos mejor la educaci\u00f3n. Cada vez m\u00e1s familias de Vicente L\u00f3pez eligen la educaci\u00f3n p\u00fablica municipal, y eso para nosotros es un orgullo\u00bb<\/em>.<\/p>\n\n\n\n<iframe src=\"https:\/\/drive.google.com\/file\/d\/1dCLkagm4NSbaf6LpMmj_Q-krFqVRMa-i\/preview\" width=\"640\" height=\"480\" allow=\"autoplay\"><\/iframe>\n\n\n\n<h3 class=\"wp-block-heading\"><strong><mark style=\"background-color:rgba(0, 0, 0, 0)\" class=\"has-inline-color has-vivid-red-color\">Innovaci\u00f3n y crecimiento en la educaci\u00f3n municipal<\/mark><\/strong><\/h3>\n\n\n\n<p>Este a\u00f1o, la Primaria Dorrego incorpor\u00f3 un nuevo grado con jornada completa, permitiendo duplicar las horas de clase y fortalecer el aprendizaje en materias clave como lengua y matem\u00e1tica, dos de los principales desaf\u00edos educativos en el pa\u00eds. La matr\u00edcula continuar\u00e1 expandi\u00e9ndose hasta completar todos los cursos.<\/p>\n\n\n\n<p>Adem\u00e1s, esta instituci\u00f3n fue certificada en 2022 como la primera escuela p\u00fablica <em>Google Reference<\/em> de Latinoam\u00e9rica, implementando herramientas digitales innovadoras y capacitando a los docentes en nuevas metodolog\u00edas de ense\u00f1anza.<\/p>\n\n\n\n<p class=\"has-text-align-center\"><em><strong><em><strong><em><strong><em><strong><a href=\"https:\/\/t.me\/esreviral\">\u00daNETE A NUESTRO CANAL DE TELEGRAM PARA ESTAR INFORMADO<\/a><\/strong><\/em><\/strong><\/em><\/strong><\/em><\/strong><\/em><\/p>\n\n\n\n<figure class=\"wp-block-image size-large\"><img fetchpriority=\"high\" decoding=\"async\" width=\"1024\" height=\"682\" src=\"https:\/\/esreviral.com\/wp-content\/uploads\/2025\/03\/AnyConv.com__Inicio-de-Clases-VL-1024x682.webp\" alt=\"\" class=\"wp-image-69857\" srcset=\"https:\/\/esreviral.com\/wp-content\/uploads\/2025\/03\/AnyConv.com__Inicio-de-Clases-VL-1024x682.webp 1024w, https:\/\/esreviral.com\/wp-content\/uploads\/2025\/03\/AnyConv.com__Inicio-de-Clases-VL-300x200.webp 300w, https:\/\/esreviral.com\/wp-content\/uploads\/2025\/03\/AnyConv.com__Inicio-de-Clases-VL-768x512.webp 768w, https:\/\/esreviral.com\/wp-content\/uploads\/2025\/03\/AnyConv.com__Inicio-de-Clases-VL-1536x1023.webp 1536w, https:\/\/esreviral.com\/wp-content\/uploads\/2025\/03\/AnyConv.com__Inicio-de-Clases-VL.webp 1600w\" sizes=\"(max-width: 1024px) 100vw, 1024px\" \/><\/figure>\n\n\n\n<h3 class=\"wp-block-heading\"><strong><mark style=\"background-color:rgba(0, 0, 0, 0)\" class=\"has-inline-color has-vivid-red-color\">El contraste con la educaci\u00f3n provincial<\/mark><\/strong><\/h3>\n\n\n\n<p>Mart\u00ednez tambi\u00e9n se refiri\u00f3 a la situaci\u00f3n educativa en la provincia de Buenos Aires y destac\u00f3 la diferencia con el modelo de Vicente L\u00f3pez:<\/p>\n\n\n\n<p><em>\u00abEn la provincia, el 50% de los alumnos de sexto a\u00f1o no alcanza niveles satisfactorios, mientras que en Vicente L\u00f3pez m\u00e1s del 90% lo logra. El contraste con la educaci\u00f3n provincial es muy grande. Seguimos invirtiendo recursos municipales en el aprendizaje de los chicos y seguimos siendo el \u00fanico municipio con una escuela p\u00fablica certificada por Google. Nos llena de orgullo, pero sobre todo, nos motiva a seguir impulsando este modelo para que m\u00e1s escuelas p\u00fablicas se sumen\u00bb<\/em>.<\/p>\n\n\n\n<h3 class=\"wp-block-heading\"><strong><mark style=\"background-color:rgba(0, 0, 0, 0)\" class=\"has-inline-color has-vivid-red-color\">Vicente L\u00f3pez, un referente en educaci\u00f3n<\/mark><\/strong><\/h3>\n\n\n\n<p>El municipio se ha consolidado como un modelo educativo a nivel nacional gracias a la integraci\u00f3n de la tecnolog\u00eda en todos los niveles, desde los jardines maternales hasta el Centro Universitario.<\/p>\n\n\n\n<p>Dentro de su oferta educativa, la Escuela Primaria Municipal Emma P\u00e9rez Ferreira implementa el modelo STEAM con un enfoque en Investigaci\u00f3n Escolar, mientras que la Secundaria Paula Albarrac\u00edn se destaca por obtener los mejores resultados del pa\u00eds en el Bachillerato Internacional, as\u00ed como en lengua y matem\u00e1ticas.<\/p>\n\n\n\n<p>Para finalizar, la intendenta reafirm\u00f3 su compromiso con la educaci\u00f3n p\u00fablica de calidad:<\/p>\n\n\n\n<p><em>\u00abDesde nuestro lugar, vamos a seguir trabajando para que cada chico de Vicente L\u00f3pez tenga acceso a una educaci\u00f3n p\u00fablica de excelencia. No es una cuesti\u00f3n de dinero, sino de decisi\u00f3n y voluntad. Hay que dejar los discursos de lado y hacer\u00bb<\/em>.<\/p>\n\n\n\n<figure class=\"wp-block-image size-large\"><img decoding=\"async\" width=\"1024\" height=\"682\" src=\"https:\/\/esreviral.com\/wp-content\/uploads\/2025\/03\/AnyConv.com__Inicio-de-Clases-VL-2-1024x682.webp\" alt=\"\" class=\"wp-image-69856\" srcset=\"https:\/\/esreviral.com\/wp-content\/uploads\/2025\/03\/AnyConv.com__Inicio-de-Clases-VL-2-1024x682.webp 1024w, https:\/\/esreviral.com\/wp-content\/uploads\/2025\/03\/AnyConv.com__Inicio-de-Clases-VL-2-300x200.webp 300w, https:\/\/esreviral.com\/wp-content\/uploads\/2025\/03\/AnyConv.com__Inicio-de-Clases-VL-2-768x512.webp 768w, https:\/\/esreviral.com\/wp-content\/uploads\/2025\/03\/AnyConv.com__Inicio-de-Clases-VL-2-1536x1023.webp 1536w, https:\/\/esreviral.com\/wp-content\/uploads\/2025\/03\/AnyConv.com__Inicio-de-Clases-VL-2.webp 1600w\" sizes=\"(max-width: 1024px) 100vw, 1024px\" \/><\/figure>\n\n\n\n<p><\/p>\n\n\n\n<p class=\"has-text-align-center\"><strong><a href=\"https:\/\/chat.whatsapp.com\/KWkTmakY3I05kNdd2oZl6d\"><em>\u00daNETE A NUESTRO GRUPO DE WHATSAPP PARA ESTAR INFORMADO<\/em><\/a><\/strong><\/p>\n\n\n\n<p><\/p>\n\n\n\n<p class=\"has-text-align-right\"><em><strong>Prensa Vicente Lopez<\/strong>.-<\/em><\/p>\n","protected":false},"excerpt":{"rendered":"<p>En Vicente L\u00f3pez los chicos comenzaron las clases en tiempo y forma en todas las escuelas p\u00fablicas municipales. Adem\u00e1s, la Primaria Municipal Manuel Dorrego sum\u00f3 un nuevo curso de jornada completa.<\/p>\n","protected":false},"author":3,"featured_media":69858,"comment_status":"closed","ping_status":"closed","sticky":false,"template":"","format":"standard","meta":{"jnews-multi-image_gallery":[],"jnews_single_post":{"format":"standard"},"jnews_primary_category":[],"jnews_social_meta":[],"jnews_review":[],"enable_review":"","type":"","name":"","summary":"","brand":"","sku":"","good":[],"bad":[],"score_override":"","override_value":"","rating":[],"price":[],"jnews_override_counter":[],"jnews_post_split":[],"footnotes":""},"categories":[58],"tags":[44,7486,25517,2619,202,26482,24237,45,3696,941],"class_list":["post-69855","post","type-post","status-publish","format-standard","has-post-thumbnail","hentry","category-argentina","tag-argentina","tag-ciclo-lectivo","tag-ciclo-lectivo-2025","tag-docentes","tag-educacion","tag-escuelas-municipales","tag-intendenta","tag-noticias","tag-soledad-martinez","tag-vicente-lopez"],"_links":{"self":[{"href":"https:\/\/esreviral.com\/index.php?rest_route=\/wp\/v2\/posts\/69855","targetHints":{"allow":["GET"]}}],"collection":[{"href":"https:\/\/esreviral.com\/index.php?rest_route=\/wp\/v2\/posts"}],"about":[{"href":"https:\/\/esreviral.com\/index.php?rest_route=\/wp\/v2\/types\/post"}],"author":[{"embeddable":true,"href":"https:\/\/esreviral.com\/index.php?rest_route=\/wp\/v2\/users\/3"}],"replies":[{"embeddable":true,"href":"https:\/\/esreviral.com\/index.php?rest_route=%2Fwp%2Fv2%2Fcomments&post=69855"}],"version-history":[{"count":1,"href":"https:\/\/esreviral.com\/index.php?rest_route=\/wp\/v2\/posts\/69855\/revisions"}],"predecessor-version":[{"id":69859,"href":"https:\/\/esreviral.com\/index.php?rest_route=\/wp\/v2\/posts\/69855\/revisions\/69859"}],"wp:featuredmedia":[{"embeddable":true,"href":"https:\/\/esreviral.com\/index.php?rest_route=\/wp\/v2\/media\/69858"}],"wp:attachment":[{"href":"https:\/\/esreviral.com\/index.php?rest_route=%2Fwp%2Fv2%2Fmedia&parent=69855"}],"wp:term":[{"taxonomy":"category","embeddable":true,"href":"https:\/\/esreviral.com\/index.php?rest_route=%2Fwp%2Fv2%2Fcategories&post=69855"},{"taxonomy":"post_tag","embeddable":true,"href":"https:\/\/esreviral.com\/index.php?rest_route=%2Fwp%2Fv2%2Ftags&post=69855"}],"curies":[{"name":"wp","href":"https:\/\/api.w.org\/{rel}","templated":true}]}}