{"id":69772,"date":"2025-03-06T16:54:39","date_gmt":"2025-03-06T21:54:39","guid":{"rendered":"https:\/\/esreviral.com\/?p=69772"},"modified":"2025-03-06T17:00:32","modified_gmt":"2025-03-06T22:00:32","slug":"por-primera-vez-a-buenos-aires-el-rey-del-folklore-reynaldo-armas","status":"publish","type":"post","link":"https:\/\/esreviral.com\/?p=69772","title":{"rendered":"Por primera vez llega a Buenos Aires, El Rey del Folklore, Reynaldo Armas"},"content":{"rendered":"\n<p>M\u00e1s de 50 a\u00f1os de carrera art\u00edstica, <strong>unos 400 temas musicales, 34 producciones discogr\u00e1ficas, y un Grammy Latino <\/strong>(2013) a mejor \u00e1lbum folcl\u00f3rico, el \u00ab<strong>Cardenal Sabanero<\/strong>\u00ab, <strong>Reynaldo Armas<\/strong>, llega por primera vez a Buenos Aires para una gran presentaci\u00f3n que se realizar\u00e1 el pr\u00f3ximo viernes 28 de marzo en Equinoxio.\u00a0<\/p>\n\n\n\n<p><strong>El n\u00famero 1 del Joropo har\u00e1 su debut en las tarimas argentinas<\/strong> para interpretar esos grandes temas que est\u00e1n tatuados en la memoria de los amantes de la m\u00fasica llanera: La muerte del rucio moro, Laguna Vieja, Usted, Quince A\u00f1os, Madre, entre muchos otros \u00e9xitos que lo catapultaron al estrellato.\u00a0<\/p>\n\n\n\n<p><strong><a href=\"https:\/\/chat.whatsapp.com\/KWkTmakY3I05kNdd2oZl6d\"><em>\u00daNETE A NUESTRO GRUPO DE WHATSAPP PARA ESTAR INFORMADO<\/em><\/a><\/strong><\/p>\n\n\n\n<p>El Rey del folklore ser\u00e1 antecedido por otros dos grandes exponentes de la canta criolla en Argentina como lo son <strong>Luisangel Tineo y Alfredo \u201cEl Pollito\u201d de Cabimas y junto a ellos Dj Eigbert.\u00a0<\/strong><\/p>\n\n\n\n<p>Las entradas ya est\u00e1n a la venta en <strong><a href=\"https:\/\/www.passline.com\/eventos\/reynaldo-armas-en-argentina\">passline.com<\/a><\/strong> , informaron desde Pilares Productions, Rumbas Ve, Sl Entertaiment Group y BKYC Grupo Gastron\u00f3mico, productores y organizadores del show. <\/p>\n\n\n\n<figure class=\"wp-block-image size-large\"><img fetchpriority=\"high\" decoding=\"async\" width=\"576\" height=\"1024\" src=\"https:\/\/esreviral.com\/wp-content\/uploads\/2025\/03\/reynaldo-armas-576x1024.webp\" alt=\"\" class=\"wp-image-69774\" srcset=\"https:\/\/esreviral.com\/wp-content\/uploads\/2025\/03\/reynaldo-armas-576x1024.webp 576w, https:\/\/esreviral.com\/wp-content\/uploads\/2025\/03\/reynaldo-armas-169x300.webp 169w, https:\/\/esreviral.com\/wp-content\/uploads\/2025\/03\/reynaldo-armas-768x1366.webp 768w, https:\/\/esreviral.com\/wp-content\/uploads\/2025\/03\/reynaldo-armas-864x1536.webp 864w, https:\/\/esreviral.com\/wp-content\/uploads\/2025\/03\/reynaldo-armas.webp 899w\" sizes=\"(max-width: 576px) 100vw, 576px\" \/><\/figure>\n","protected":false},"excerpt":{"rendered":"<p>M\u00e1s de 50 a\u00f1os de carrera art\u00edstica, unos 400 temas musicales, 34 producciones discogr\u00e1ficas, y un Grammy Latino (2013) a mejor \u00e1lbum folcl\u00f3rico, el \u00abCardenal Sabanero\u00ab, Reynaldo Armas, llega por primera vez a Buenos Aires para una gran presentaci\u00f3n que se realizar\u00e1 el pr\u00f3ximo viernes 28 de marzo en Equinoxio.\u00a0 El n\u00famero 1 del Joropo [&hellip;]<\/p>\n","protected":false},"author":2,"featured_media":69775,"comment_status":"closed","ping_status":"closed","sticky":false,"template":"","format":"standard","meta":{"jnews-multi-image_gallery":[],"jnews_single_post":{"format":"standard"},"jnews_primary_category":[],"jnews_social_meta":[],"jnews_review":[],"enable_review":"","type":"","name":"","summary":"","brand":"","sku":"","good":[],"bad":[],"score_override":"","override_value":"","rating":[],"price":[],"jnews_override_counter":[],"jnews_post_split":[],"footnotes":""},"categories":[50,1142,5892],"tags":[44,909,1045,45,6182,67],"class_list":["post-69772","post","type-post","status-publish","format-standard","has-post-thumbnail","hentry","category-entretenimiento","category-musica","category-venezolanos-en-argentina","tag-argentina","tag-joropo","tag-musica-llanera","tag-noticias","tag-reynaldo-armas","tag-venezolanos-en-argentina"],"amp_enabled":true,"_links":{"self":[{"href":"https:\/\/esreviral.com\/index.php?rest_route=\/wp\/v2\/posts\/69772"}],"collection":[{"href":"https:\/\/esreviral.com\/index.php?rest_route=\/wp\/v2\/posts"}],"about":[{"href":"https:\/\/esreviral.com\/index.php?rest_route=\/wp\/v2\/types\/post"}],"author":[{"embeddable":true,"href":"https:\/\/esreviral.com\/index.php?rest_route=\/wp\/v2\/users\/2"}],"replies":[{"embeddable":true,"href":"https:\/\/esreviral.com\/index.php?rest_route=%2Fwp%2Fv2%2Fcomments&post=69772"}],"version-history":[{"count":6,"href":"https:\/\/esreviral.com\/index.php?rest_route=\/wp\/v2\/posts\/69772\/revisions"}],"predecessor-version":[{"id":69838,"href":"https:\/\/esreviral.com\/index.php?rest_route=\/wp\/v2\/posts\/69772\/revisions\/69838"}],"wp:featuredmedia":[{"embeddable":true,"href":"https:\/\/esreviral.com\/index.php?rest_route=\/wp\/v2\/media\/69775"}],"wp:attachment":[{"href":"https:\/\/esreviral.com\/index.php?rest_route=%2Fwp%2Fv2%2Fmedia&parent=69772"}],"wp:term":[{"taxonomy":"category","embeddable":true,"href":"https:\/\/esreviral.com\/index.php?rest_route=%2Fwp%2Fv2%2Fcategories&post=69772"},{"taxonomy":"post_tag","embeddable":true,"href":"https:\/\/esreviral.com\/index.php?rest_route=%2Fwp%2Fv2%2Ftags&post=69772"}],"curies":[{"name":"wp","href":"https:\/\/api.w.org\/{rel}","templated":true}]}}